{"id":1626,"date":"2013-03-01T18:26:42","date_gmt":"2013-03-01T18:26:42","guid":{"rendered":"http:\/\/quasarcomunicacion.wordpress.com\/?p=1626"},"modified":"2013-03-01T18:26:42","modified_gmt":"2013-03-01T18:26:42","slug":"charla-sobre-vender-mas-vs-vender-mejor-en-la-camara-de-comercio-de-escobar","status":"publish","type":"post","link":"https:\/\/quasarcomunicacion.com.ar\/web\/charla-sobre-vender-mas-vs-vender-mejor-en-la-camara-de-comercio-de-escobar\/","title":{"rendered":"Charla sobre &quot;Vender m\u00e1s vs Vender mejor&quot; en la C\u00e1mara de Comercio de Escobar"},"content":{"rendered":"<p style=\"text-align:left;\" align=\"center\"><span style=\"font-family:Verdana;font-size:small;\"><b>AV Consultores Pymes<\/b> ju<\/span><span style=\"font-family:Verdana;font-size:small;\">nto a la <b>C\u00e1mara de Comercio, Industria y Servicios de Escobar (CCISE)<\/b> organizan para el pr\u00f3ximo martes 19 de marzo 19.30 hs la charla <b>\u00abVender m\u00e1s vs Vender mejor\u00bb<\/b> en la sede de la c\u00e1mara, sita en Rivadavia 651, Escobar.<!--more--><\/span><b> <\/b><\/p>\n<p><img loading=\"lazy\" alt=\"\" src=\"http:\/\/www.quasarcomunicacion.com.ar\/varios\/auspicios\/av.gif\" width=\"550\" height=\"347\" border=\"0\" \/><br \/>\n<span style=\"font-family:Verdana;font-size:small;\">Informes e inscripci\u00f3n escribiendo a candela@quasarcomunicacion.com.ar, \u00f3 0230-4664772 o 0348-4420810 (CCISE). La charla es de car\u00e1cter gratuito, s\u00f3lo con inscripci\u00f3n previa. Los cupos son limitados. <\/span><br \/>\n<span style=\"font-family:Verdana;font-size:small;\">Seg\u00fan la especialista invitada, la Lic. Alicia Verna, autora del libro de reciente lanzamiento \u201cBuenos Negocios. Logre que su Pyme venta mejor\u201d, \u00abse habla siempre de facturaci\u00f3n, de vender m\u00e1s, m\u00e1s unidades, a m\u00e1s clientes\u2026, pero \u00bfes esto lo que realmente necesita la empresa?&#8230;\u00bb <\/span><br \/>\n<span style=\"font-family:Verdana;font-size:small;\">Este ser\u00e1 uno de los temas que se abordar\u00e1n y se ir\u00e1n desarrollando durante el encuentro que cuenta con el auspicio de la Gu\u00eda de Productos y Servicios, <b>Pilar GPS<\/b> y la consultora boutique de prensa, <b>Qu\u00e1sar Comunicaci\u00f3n<\/b>.<\/span><br \/>\n<img loading=\"lazy\" alt=\"\" src=\"http:\/\/www.quasarcomunicacion.com.ar\/varios\/auspicios\/av1.gif\" width=\"550\" height=\"380\" border=\"0\" \/><br \/>\n<span style=\"font-family:Verdana;font-size:small;\">Adem\u00e1s, Verna se pregunta \u00ab\u00bfNo les ha ocurrido que se fijan objetivos de ventas, los alcanzan, pero no se refleja en la rentabilidad? Hay una pregunta que tiende a repetirse en los empresarios PYMES \u00bfD\u00f3nde est\u00e1 ese dinero? <\/span><br \/>\n<span style=\"font-family:Verdana;font-size:small;\">Sobre estas premisas, durante la charla la propuesta es reflexionar sobre estos temas cambiando la mirada sobre el negocio, probando juntos qu\u00e9 ocurre cuando vendemos m\u00e1s y realizando acciones que impacten directo en el bolsillo del empresario.<\/span><br \/>\n<span style=\"font-family:Verdana;font-size:small;\"> <img loading=\"lazy\" alt=\"\" src=\"http:\/\/www.quasarcomunicacion.com.ar\/varios\/auspicios\/camaraescobar.gif\" width=\"230\" height=\"77\" align=\"right\" border=\"0\" hspace=\"6\" vspace=\"6\" \/>La charla, con entrada libre y gratuita se realizar\u00e1 en la <b>C\u00e1mara de Comercio, Industria y Servicios de Escobar (CCISE). <\/b>Informes e inscripci\u00f3n escribiendo a candela@quasarcomunicacion.com.ar, \u00f3 0230-4664772 o 0348-4420810 (CCISE). La charla es de car\u00e1cter gratuito, s\u00f3lo con inscripci\u00f3n previa. Los cupos son limitados. <\/span><br \/>\n<b><span style=\"font-family:Verdana;font-size:small;\">Acerca de \u00abBuenos Negocios. Logre que su Pyme venda mejor\u00bb<\/span><\/b><br \/>\n<span style=\"font-family:Verdana;font-size:small;\"><i> <img loading=\"lazy\" alt=\"\" src=\"http:\/\/www.quasarcomunicacion.com.ar\/varios\/auspicios\/tapalibroverna.gif\" width=\"300\" height=\"462\" align=\"right\" border=\"0\" hspace=\"6\" vspace=\"6\" \/><\/i>Ediciones Andr\u00f3meda presenta <b>\u00a0\u201cBuenos Negocios, logre que su pyme venda mejor\u201d<\/b> el nuevo libro de <b>Alicia Verna<\/b> que se propone recorrer en 7 cap\u00edtulos y 34 unidades los conceptos principales que un empresario Pyme debe tener en cuenta para maximizar el rendimiento de sus ventas, tanto de servicios como de productos, teniendo en cuenta elementos claves como el planeamiento, los objetivos, la organizaci\u00f3n del tiempo, las estad\u00edsticas como aliadas, CRM, herramientas de medici\u00f3n, segmentaci\u00f3n, canales de venta y c\u00f3mo medir el impacto tanto positivo como negativo de las decisiones tomadas en bajo la variable \u201cdinero\u201d. <\/span><br \/>\n<span style=\"font-family:Verdana;font-size:small;\">Sobre los principales conceptos de su libro, la autora explic\u00f3 \u201cdurante mis a\u00f1os como consultora detect\u00e9 que a la mayor\u00eda de los empresarios pyme y micro-emprendedores les cuesta comprender que son ellos los principales vendedores desde el start-up y a lo largo de toda la vida de la empresa\u201d y agrega \u201c a medida que la empresa va creciendo, hay que entender c\u00f3mo se conforma el rompecabezas que interrelaciona al vendedor con el l\u00edder del sector, con el conjunto completo de un equipo comercial y finalmente con el empresario pyme. Saber articular estas piezas y corregir los desv\u00edos a tiempo, hace posible lograr el resultado final esperado: aumentar las ventas de cualquier Pyme y emprendimiento en un mediano a corto plazo\u201d. <\/span><br \/>\n<span style=\"font-family:Verdana;font-size:small;\">\u201cAlicia ha aquilatado una gran experiencia en lograr mejorar la gesti\u00f3n comercial de numerosas PyMEs. Esa vasta y rica experiencia es compartida generosamente a trav\u00e9s de las p\u00e1ginas de este libro\u201d expresa en el pr\u00f3logo el Dr. Atilio Penna, prestigioso consultor, profesor e investigador experto en Pymes. \u201cHe aqu\u00ed un ejemplo de sabidur\u00eda volcada sint\u00e9ticamente, de una manera \u00e1gil, did\u00e1ctica y muy accesible\u201d. <\/span><br \/>\n<span style=\"font-family:Verdana;font-size:small;\">Para m\u00e1s informaci\u00f3n sobre \u201cBuenos Negocios, logre que su Pyme venda mejor\u201d visitar <a href=\"http:\/\/www.edicionesandromeda.com\/\"> www.edicionesandromeda.com<\/a>. <\/span><br \/>\n<b><span style=\"font-family:Verdana;font-size:small;\">Acerca de la Lic. Alicia Verna<\/span><\/b><br \/>\n<img loading=\"lazy\" alt=\"\" src=\"http:\/\/www.quasarcomunicacion.com.ar\/varios\/auspicios\/verna.gif\" width=\"250\" height=\"376\" align=\"right\" hspace=\"6\" vspace=\"6\" \/><span style=\"font-family:Verdana;font-size:small;\">Directora de <b>AV Consultores Pymes<\/b>, consultora l\u00edder en Argentina en gesti\u00f3n comercial de peque\u00f1as y medianas empresas.<\/span><br \/>\n<span style=\"font-family:Verdana;font-size:small;\">Es Licenciada en Administraci\u00f3n de Empresas (Universidad de Buenos Aires), y realiz\u00f3 un postgrado en Negociaci\u00f3n (Universidad Cat\u00f3lica Argentina) y un Programa Ejecutivo de Marketing (Universidad Austral \u2013 IAE). En conjunto con el Instituto PyME y con la Universidad Tecnol\u00f3gica Nacional ha dictado el Programa Acompa\u00f1ando al Emprendedor en sus Primeros Pasos. Es miembro de la Comisi\u00f3n Problem\u00e1tica de la Peque\u00f1a y Mediana Empresa, en el Consejo Profesional de Ciencias Econ\u00f3micas de la Ciudad Aut\u00f3noma de Buenos Aires y Asesora T\u00e9cnica de la C\u00e1mara de Empresarios Pymes de Pilar.<\/span><br \/>\n<span style=\"font-family:Verdana;font-size:small;\">Publica columnas en revistas de negocios y otros medios y dicta conferencias a nivel latinoamericano sobre gesti\u00f3n comercial para pymes.<\/span><br \/>\n<span style=\"font-family:Verdana;font-size:small;\">Autora del libro \u00abBuenos Negocios\u00bb de reciente salida.\u00a0<\/span><\/p>\n","protected":false},"excerpt":{"rendered":"<p>AV Consultores Pymes junto a la C\u00e1mara de Comercio, Industria y Servicios de Escobar (CCISE) organizan para el pr\u00f3ximo martes [&hellip;]<\/p>\n","protected":false},"author":2,"featured_media":0,"comment_status":"open","ping_status":"open","sticky":false,"template":"","format":"standard","meta":[],"categories":[2],"tags":[],"_links":{"self":[{"href":"https:\/\/quasarcomunicacion.com.ar\/web\/wp-json\/wp\/v2\/posts\/1626"}],"collection":[{"href":"https:\/\/quasarcomunicacion.com.ar\/web\/wp-json\/wp\/v2\/posts"}],"about":[{"href":"https:\/\/quasarcomunicacion.com.ar\/web\/wp-json\/wp\/v2\/types\/post"}],"author":[{"embeddable":true,"href":"https:\/\/quasarcomunicacion.com.ar\/web\/wp-json\/wp\/v2\/users\/2"}],"replies":[{"embeddable":true,"href":"https:\/\/quasarcomunicacion.com.ar\/web\/wp-json\/wp\/v2\/comments?post=1626"}],"version-history":[{"count":0,"href":"https:\/\/quasarcomunicacion.com.ar\/web\/wp-json\/wp\/v2\/posts\/1626\/revisions"}],"wp:attachment":[{"href":"https:\/\/quasarcomunicacion.com.ar\/web\/wp-json\/wp\/v2\/media?parent=1626"}],"wp:term":[{"taxonomy":"category","embeddable":true,"href":"https:\/\/quasarcomunicacion.com.ar\/web\/wp-json\/wp\/v2\/categories?post=1626"},{"taxonomy":"post_tag","embeddable":true,"href":"https:\/\/quasarcomunicacion.com.ar\/web\/wp-json\/wp\/v2\/tags?post=1626"}],"curies":[{"name":"wp","href":"https:\/\/api.w.org\/{rel}","templated":true}]}}