{"id":1618,"date":"2013-02-27T21:46:40","date_gmt":"2013-02-27T21:46:40","guid":{"rendered":"http:\/\/quasarcomunicacion.wordpress.com\/?p=1618"},"modified":"2013-02-27T21:46:40","modified_gmt":"2013-02-27T21:46:40","slug":"facebook-tiene-20-millones-de-usuarios-en-la-argentina","status":"publish","type":"post","link":"https:\/\/quasarcomunicacion.com.ar\/web\/facebook-tiene-20-millones-de-usuarios-en-la-argentina\/","title":{"rendered":"Facebook tiene 20 millones de usuarios en la Argentina"},"content":{"rendered":"<header>\n<h2><span style=\"font-size:16px;color:#444444;line-height:1.5;\">Lo confirm\u00f3 Alejandro Zuzenberg, director Comercial en el pa\u00eds,\u00a0en di\u00e1logo con Infotechnology.com. Adem\u00e1s, habl\u00f3 sobre el tiempo promedio que los argentinos pasan conectados a la red social.<!--more--><\/span><\/h2>\n<\/header>\n<div>\n<div id=\"text_container\">\nEl velo que se extend\u00eda sobre los datos oficiales de\u00a0<a href=\"http:\/\/www.infotechnology.com\/internet\/Facebook-permite-realizar-llamadas-de-voz-desde-Messenger-en-Estados-Unidos-20130117-0003.html\" target=\"_blank\" rel=\"noopener noreferrer\">Facebook<\/a>, y que sigue sobre los de muchos pa\u00edses, se corri\u00f3 hoy y dej\u00f3 entrever que en la Argentina, la red social de\u00a0<a href=\"http:\/\/www.infotechnology.com\/comunidad\/Bill-Gates-y-Mark-Zuckerberg-a-favor-de-ensear-a-programar-en-las-escuelas-20130226-0001.html\" target=\"_blank\" rel=\"noopener noreferrer\">Mark Zuckerberg<\/a>\u00a0tiene 20 millones de usuarios activos en el pa\u00eds.<br \/>\n<span style=\"font-size:16px;line-height:1.5;\">La informaci\u00f3n fue brindada por\u00a0<\/span><a style=\"font-size:16px;line-height:1.5;\" href=\"http:\/\/www.infotechnology.com\/historico\/Alejandro-Zuzenberg-el-representante-de-Facebook-en-la-Argentina-20120517-0005.html\" target=\"_blank\" rel=\"noopener noreferrer\">Alejandro Zuzenberg<\/a><span style=\"font-size:16px;line-height:1.5;\">, director Comercial de Facebook en la Argentina, a\u00a0<\/span><strong style=\"font-size:16px;line-height:1.5;\">Infotechnology.com<\/strong><span style=\"font-size:16px;line-height:1.5;\">, en lo que fue la primera conferencia de prensa que el directivo dio tras su llegada al cargo, en mayo de 2012.<\/span><br \/>\n<img loading=\"lazy\" id=\"iimg_-701039567\" alt=\"facebooktablet_crop_1361976528453.jpg\" src=\"http:\/\/www.infotechnology.com\/export\/sites\/revistait\/img\/Dia1\/facebooktablet_crop_1361976528453.jpg_33443972.jpg\" width=\"625\" height=\"391\" align=\"left\" hspace=\"5\" vspace=\"5\" \/><br \/>\nAl dato de los 20 millones de usuarios se suma, adem\u00e1s, el tiempo promedio que los argentinos pasan en Facebook: 9 horas promedio por mes, lo que convierte a la Argentina en el pa\u00eds cuyos usuarios dedican m\u00e1s parte de su d\u00eda a estar conectados, seg\u00fan explic\u00f3 Zuzenberg en base a Comscore.<br \/>\nEntre los datos revelados, se encontraron tambi\u00e9n otros referidos a la plantilla de la empresa en la Argentina que, seg\u00fan Zuzenberg, ronda entre los 20 y 30 empleados, todos abocados al \u00e1rea comercial.<br \/>\n\u00abNos est\u00e1 yendo muy bien. Queremos seguir creciendo, no solo en cantidad de usuarios, sino en conexiones entre ellos\u00bb, dijo Zuzenberg a este medio.\u00a0Adem\u00e1s, recalc\u00f3 que si de planes se trata,\u00a0<em>mobile<\/em>\u00a0es un \u00e1rea de foco.<br \/>\nEntre sus principales clientes, se encuentran las compa\u00f1\u00edas de consumo masivo, retail, las empresas de telecomunicaciones, de tecnolog\u00eda y de turismo.<br \/>\nSi bien es la primera vez que Zuzerberg da una conferencia de prensa, en el pasado ya\u00a0<a href=\"http:\/\/www.infotechnology.com\/internet\/Zuzenberg-de-Facebook-Tuvimos-un-muy-buen-ao-en-la-Argentina-20121120-0001.html\" target=\"_blank\" rel=\"noopener noreferrer\">hab\u00eda hablado con Infotechonology.com\u00a0<\/a>sobre las perspectivas de Facebook para la Argentina.<br \/>\n<span style=\"font-size:16px;line-height:1.5;\">\u00abTuvimos un buen a\u00f1o\u00bb, hab\u00eda dicho a finales de 2012 el responsable comercial de la red social, y hab\u00eda asegurado que \u00abseguir\u00edan trabajando en la misma l\u00ednea: estando en la regi\u00f3n para estar m\u00e1s cerca de nuestros usuarios\u00bb.<\/span><br \/>\n<span style=\"font-size:16px;line-height:1.5;\">Adem\u00e1s, tras hacer el balance de lo que fue su trabajo con Facebook en la Argentina, destac\u00f3: \u00abNotamos que en la Argentina el ambiente es excelente\u00bb.<\/span><strong style=\"line-height:1.5;\">Informe:<\/strong><span style=\"line-height:1.5;\">\u00a0Pablo Mart\u00edn Fern\u00e1ndez.<\/span>\n<\/div>\n<\/div>\n<p><strong>Fuente:<\/strong> \u00a0http:\/\/www.infotechnology.com\/internet\/Facebook-tiene-20-millones-de-usuarios-en-la-Argentina-20130227-0001.html#sthash.68OgXDQe.dpuf<\/p>\n","protected":false},"excerpt":{"rendered":"<p>Lo confirm\u00f3 Alejandro Zuzenberg, director Comercial en el pa\u00eds,\u00a0en di\u00e1logo con Infotechnology.com. Adem\u00e1s, habl\u00f3 sobre el tiempo promedio que los [&hellip;]<\/p>\n","protected":false},"author":2,"featured_media":0,"comment_status":"open","ping_status":"open","sticky":false,"template":"","format":"standard","meta":[],"categories":[64],"tags":[],"_links":{"self":[{"href":"https:\/\/quasarcomunicacion.com.ar\/web\/wp-json\/wp\/v2\/posts\/1618"}],"collection":[{"href":"https:\/\/quasarcomunicacion.com.ar\/web\/wp-json\/wp\/v2\/posts"}],"about":[{"href":"https:\/\/quasarcomunicacion.com.ar\/web\/wp-json\/wp\/v2\/types\/post"}],"author":[{"embeddable":true,"href":"https:\/\/quasarcomunicacion.com.ar\/web\/wp-json\/wp\/v2\/users\/2"}],"replies":[{"embeddable":true,"href":"https:\/\/quasarcomunicacion.com.ar\/web\/wp-json\/wp\/v2\/comments?post=1618"}],"version-history":[{"count":0,"href":"https:\/\/quasarcomunicacion.com.ar\/web\/wp-json\/wp\/v2\/posts\/1618\/revisions"}],"wp:attachment":[{"href":"https:\/\/quasarcomunicacion.com.ar\/web\/wp-json\/wp\/v2\/media?parent=1618"}],"wp:term":[{"taxonomy":"category","embeddable":true,"href":"https:\/\/quasarcomunicacion.com.ar\/web\/wp-json\/wp\/v2\/categories?post=1618"},{"taxonomy":"post_tag","embeddable":true,"href":"https:\/\/quasarcomunicacion.com.ar\/web\/wp-json\/wp\/v2\/tags?post=1618"}],"curies":[{"name":"wp","href":"https:\/\/api.w.org\/{rel}","templated":true}]}}