{"id":1612,"date":"2013-02-27T17:21:05","date_gmt":"2013-02-27T17:21:05","guid":{"rendered":"http:\/\/quasarcomunicacion.wordpress.com\/?p=1612"},"modified":"2013-02-27T17:21:05","modified_gmt":"2013-02-27T17:21:05","slug":"concierto-de-la-orquesta-de-camara-carpe-diem","status":"publish","type":"post","link":"https:\/\/quasarcomunicacion.com.ar\/web\/concierto-de-la-orquesta-de-camara-carpe-diem\/","title":{"rendered":"Concierto de la Orquesta de C\u00e1mara Carpe Diem"},"content":{"rendered":"<p style=\"text-align:left;\" align=\"center\"><i style=\"font-family:Verdana;font-size:small;color:#444444;line-height:1.5;\">\u00a0<\/i><span style=\"font-family:Verdana;font-size:small;line-height:1.5;\">El pr\u00f3ximo s\u00e1bado 9 de marzo, la\u00a0<\/span><b style=\"font-family:Verdana;font-size:small;line-height:1.5;\">Orquesta de C\u00e1mara Carpe Diem<\/b><span style=\"font-family:Verdana;font-size:small;line-height:1.5;\">\u00a0brindar\u00e1 su primer concierto del a\u00f1o a las 20 hs en la Biblioteca Popular Bartolome Mitre, Belgrano 553, Pilar<!--more--><\/span><\/p>\n<p align=\"center\"><img alt=\"\" src=\"http:\/\/www.quasarcomunicacion.com.ar\/varios\/concierto.gif\" border=\"0\" \/><\/p>\n<p><span style=\"font-family:Verdana;font-size:small;\">Ya se encuentran a la venta las entradas anticipadas a un costo de $30. La capacidad de la sala es limitada, por lo cual se recomienda adquirir las entradas scribiendo a diegomantuani@gmail.com o en la sede de la Biblioteca Popular Bartolome Mitre. El valor en puerta el d\u00eda del concierto ser\u00e1 de $35<\/span><br \/>\n<span style=\"font-family:Verdana;font-size:small;\">Durante el concierto, los m\u00fasicos interpretar\u00e1n obras de Juan Sebasti\u00e1n Bach y Wolfgang Amadeus Mozart<\/span><br \/>\n<span style=\"font-family:Verdana;font-size:small;\">La Orquesta de C\u00e1mara Carpe Diem (OCCD) est\u00e1 compuesta por:<\/span><br \/>\n<span style=\"font-family:Verdana;font-size:small;\">*Violines primeros:<br \/>\nDiego Humberto Mantuani (Concertino), Juli\u00e1n Toro, Malena Tejeda Miranda, Xoana Espil.<\/span><br \/>\n<span style=\"font-family:Verdana;font-size:small;\">*Violines Segundos:<br \/>\nAndrea Vargas (Gu\u00eda), Mat\u00edas Gonz\u00e1lez, Mat\u00edas Jugo, P\u00e9talo Selser<\/span><br \/>\n<span style=\"font-family:Verdana;font-size:small;\">*Violas:<br \/>\nAlexander Ortiz, Leslie Ortiz<\/span><br \/>\n<span style=\"font-family:Verdana;font-size:small;\">*Cellos:<br \/>\nMat\u00cdas Lezcano, Gabriela Gonz\u00e1lez<\/span><br \/>\n<span style=\"font-family:Verdana;font-size:small;\">*Contrabajo:<br \/>\nLionel Mortola<\/span><br \/>\n<span style=\"font-family:Verdana;font-size:small;\">*Clave:<br \/>\nBrenda Dorsch<\/span><br \/>\n<span style=\"font-family:Verdana;font-size:small;\">*La\u00fad:<br \/>\nJavier Mi\u00f1io<\/span><br \/>\n<span style=\"font-family:Verdana;font-size:small;\">*Director Invitado:<br \/>\nChristian Lozano<\/span><\/p>\n<p align=\"center\"><img loading=\"lazy\" alt=\"\" src=\"http:\/\/www.quasarcomunicacion.com.ar\/varios\/auspicios\/concierto2.gif\" width=\"550\" height=\"226\" border=\"0\" \/><\/p>\n<p><span style=\"font-family:Verdana;font-size:small;\">El Programa del concierto estar\u00e1 compuesto por obras de Juan Sebasti\u00e1n Bach y Wolfgang Amadeus Mozart seg\u00fan el siguiente orden<\/span><br \/>\n<span style=\"font-family:Verdana;font-size:small;\">*Aria en la cuerda de Sol (J.S.Bach)<\/span><br \/>\n<span style=\"font-family:Verdana;font-size:small;\">*Una peque\u00f1a m\u00fasica nocturna (W.A.Mozart):<br \/>\n-Allegro<br \/>\n-Romanze-Andante<br \/>\n-Menuetto-Allegretto<br \/>\n-Rondo-Allegro<\/span><br \/>\n<span style=\"font-family:Verdana;font-size:small;\">*Concierto para viol\u00edn y orquesta en La menor (J.S.Bach):<br \/>\n-Allegro<br \/>\n-Andante<br \/>\n-Allegro assai<\/span><br \/>\n<span style=\"font-family:Verdana;font-size:small;\">Solista: Diego Humberto Mantuani<\/span><br \/>\n<span style=\"font-family:Verdana;font-size:small;\">El evento, como en cada oportunidad, cuenta con el apoyo de Pilar Hoy Noticias, Qu\u00e1sar Comunicaci\u00f3n y Pilar GPS<\/span><\/p>\n","protected":false},"excerpt":{"rendered":"<p>\u00a0El pr\u00f3ximo s\u00e1bado 9 de marzo, la\u00a0Orquesta de C\u00e1mara Carpe Diem\u00a0brindar\u00e1 su primer concierto del a\u00f1o a las 20 hs [&hellip;]<\/p>\n","protected":false},"author":2,"featured_media":0,"comment_status":"open","ping_status":"open","sticky":false,"template":"","format":"standard","meta":[],"categories":[2],"tags":[],"_links":{"self":[{"href":"https:\/\/quasarcomunicacion.com.ar\/web\/wp-json\/wp\/v2\/posts\/1612"}],"collection":[{"href":"https:\/\/quasarcomunicacion.com.ar\/web\/wp-json\/wp\/v2\/posts"}],"about":[{"href":"https:\/\/quasarcomunicacion.com.ar\/web\/wp-json\/wp\/v2\/types\/post"}],"author":[{"embeddable":true,"href":"https:\/\/quasarcomunicacion.com.ar\/web\/wp-json\/wp\/v2\/users\/2"}],"replies":[{"embeddable":true,"href":"https:\/\/quasarcomunicacion.com.ar\/web\/wp-json\/wp\/v2\/comments?post=1612"}],"version-history":[{"count":0,"href":"https:\/\/quasarcomunicacion.com.ar\/web\/wp-json\/wp\/v2\/posts\/1612\/revisions"}],"wp:attachment":[{"href":"https:\/\/quasarcomunicacion.com.ar\/web\/wp-json\/wp\/v2\/media?parent=1612"}],"wp:term":[{"taxonomy":"category","embeddable":true,"href":"https:\/\/quasarcomunicacion.com.ar\/web\/wp-json\/wp\/v2\/categories?post=1612"},{"taxonomy":"post_tag","embeddable":true,"href":"https:\/\/quasarcomunicacion.com.ar\/web\/wp-json\/wp\/v2\/tags?post=1612"}],"curies":[{"name":"wp","href":"https:\/\/api.w.org\/{rel}","templated":true}]}}