{"id":1522,"date":"2013-02-12T21:02:09","date_gmt":"2013-02-12T21:02:09","guid":{"rendered":"http:\/\/quasarcomunicacion.wordpress.com\/?p=1522"},"modified":"2013-02-12T21:02:09","modified_gmt":"2013-02-12T21:02:09","slug":"10o-aniversario-concurso-fotografico-en-la-reserva-natural-del-pilar","status":"publish","type":"post","link":"https:\/\/quasarcomunicacion.com.ar\/web\/10o-aniversario-concurso-fotografico-en-la-reserva-natural-del-pilar\/","title":{"rendered":"10\u00ba Aniversario: Concurso Fotogr\u00e1fico en la Reserva Natural del Pilar"},"content":{"rendered":"<p align=\"center\"><span style=\"font-size:small;\"><!--more-->Este a\u00f1o 2013 se cumplir\u00e1n 10 a\u00f1os de la creaci\u00f3n de la Reserva Natural del Pilar. Entre las actividades proyectadas por los voluntarios de la Asociaci\u00f3n Patrimonio Natural se encuentra una nueva edici\u00f3n del \u00ab<\/span><b style=\"font-size:small;\">Concurso Fotogr\u00e1fico de las Cuatro Estaciones en la Reserva Natural\u00bb<!--more--><\/b><\/p>\n<p><span style=\"font-family:Verdana;font-size:small;\">De esta manera, la captura de im\u00e1genes de la Estaci\u00f3n Verano ser\u00e1 el 23 de febrero pr\u00f3ximo, momento en que se convoca a todos los interesados en participar asistir a la Jornada Fotogr\u00e1fica en la Reserva Natural del Pilar durante todo el d\u00eda. No es necesario inscripci\u00f3n previa, todas las actividades son abiertas a toda la comunidad y con ingreso libre y gratuito<\/span><br \/>\n<span style=\"font-family:Verdana;font-size:small;\">EL concurso se dividir\u00e1 en las siguientes categor\u00edas: Ni\u00f1os, profesionales, y amateur. Para m\u00e1s informaci\u00f3n contactarse telef\u00f3nicamente <\/span><span style=\"font-family:Verdana;font-size:small;\">al 011 15 57302504<\/span><br \/>\n<span style=\"font-family:Verdana;font-size:small;\">Del 25 al 31 de marzo se podr\u00e1n entregar las fotogr\u00e1ficas de Verano en lugar a consignar. En el mes de abril, se proceder\u00e1 a la entrega de premios de la primera estaci\u00f3n. <\/span><br \/>\n<span style=\"font-family:Verdana;font-size:small;\"> La Estaci\u00f3n de Oto\u00f1o comenzar\u00e1 en el mes de mayo, cuando el s\u00e1bado 18 de mayo los interesados concurran a una nueva jornada de fotograf\u00eda en la Reserva Natural del Pilar para retratar el espacio verde en este momento del a\u00f1o. <\/span><br \/>\n<span style=\"font-family:Verdana;font-size:small;\">Del 9 al 15 de junio se podr\u00e1n entregar las fotograf\u00edas de la Estaci\u00f3n Oto\u00f1o y se expondr\u00e1n las de la Estaci\u00f3n Verano en el shopping Pilar Point con entrada libre y gratuita. <\/span><br \/>\n<span style=\"font-family:Verdana;font-size:small;\">El 6 de julio ser\u00e1 el turno de la entrega de los premios a las mejores fotograf\u00edas de la Estaci\u00f3n Oto\u00f1o. <\/span><br \/>\n<span style=\"font-family:Verdana;font-size:small;\">El 27 de julio, habr\u00e1 una nueva jornada de fotograf\u00eda en la reserva para capturar im\u00e1genes del espacio p\u00fablico durante el invierno. Estas fotos se podr\u00e1n entregar del 19 al 24 de agosto. Durante este per\u00edodo se har\u00e1 la exposici\u00f3n de las obras de la Estaci\u00f3n Oto\u00f1o en lugar a confirmar.\u00a0 <\/span><br \/>\n<span style=\"font-family:Verdana;font-size:small;\">El 28 de septiembre se entregar\u00e1n los premios de la Estaci\u00f3n Invierno en lugar a confirmar<\/span><br \/>\n<span style=\"font-family:Verdana;font-size:small;\">La \u00faltima estaci\u00f3n ser\u00e1 retratada el 19 de octubre cuando se convoque a la \u00faltima jornada fotogr\u00e1fica en la Reserva Natural del Pilar. <\/span><br \/>\n<span style=\"font-family:Verdana;font-size:small;\">Estas fotos obtenidas en la Estaci\u00f3n Primavera podr\u00e1n entregarse del\u00a0 10 al 16 de noviembre para luego proceder a la exposici\u00f3n en lugar a confirmar junto con la exposici\u00f3n anual. <\/span><br \/>\n<span style=\"font-family:Verdana;font-size:small;\">Para terminar la actividad, el 7 de diciembre ser\u00e1 el momento de la entrega de premios de la Estaci\u00f3n verano<\/span><br \/>\nM\u00e1s informaci\u00f3n escribiendo a <a href=\"mailto:info@patrimonionatural.org.ar\"> info@patrimonionatural.org.ar<\/a> o a <a href=\"mailto:patrimonionatural@gmail.com\"> patrimonionatural@gmail.com<\/a> \u00f3 telef\u00f3nicamente comunic\u00e1ndose con el 011 15 5052 7846<br \/>\nLa <b>Reserva Natural<\/b><b> del Pilar<\/b> se encuentra a menos de 2 km del casco urbano de la ciudad del Pilar y de la Panamericana (Ramal Pilar). Su acceso es muy f\u00e1cil ya que hay asfalto hasta el ingreso a la misma y el colectivo 501 llega hasta all\u00ed, indica a Ex F\u00e1brica Militar y parte del centro de Pilar. La Reserva se encuentra en la calle Argerich sin n\u00famero, detr\u00e1s de la ex F\u00e1brica Militar, por ruta 25 camino a Escobar.<\/p>\n","protected":false},"excerpt":{"rendered":"","protected":false},"author":2,"featured_media":0,"comment_status":"open","ping_status":"open","sticky":false,"template":"","format":"standard","meta":[],"categories":[2],"tags":[],"_links":{"self":[{"href":"https:\/\/quasarcomunicacion.com.ar\/web\/wp-json\/wp\/v2\/posts\/1522"}],"collection":[{"href":"https:\/\/quasarcomunicacion.com.ar\/web\/wp-json\/wp\/v2\/posts"}],"about":[{"href":"https:\/\/quasarcomunicacion.com.ar\/web\/wp-json\/wp\/v2\/types\/post"}],"author":[{"embeddable":true,"href":"https:\/\/quasarcomunicacion.com.ar\/web\/wp-json\/wp\/v2\/users\/2"}],"replies":[{"embeddable":true,"href":"https:\/\/quasarcomunicacion.com.ar\/web\/wp-json\/wp\/v2\/comments?post=1522"}],"version-history":[{"count":0,"href":"https:\/\/quasarcomunicacion.com.ar\/web\/wp-json\/wp\/v2\/posts\/1522\/revisions"}],"wp:attachment":[{"href":"https:\/\/quasarcomunicacion.com.ar\/web\/wp-json\/wp\/v2\/media?parent=1522"}],"wp:term":[{"taxonomy":"category","embeddable":true,"href":"https:\/\/quasarcomunicacion.com.ar\/web\/wp-json\/wp\/v2\/categories?post=1522"},{"taxonomy":"post_tag","embeddable":true,"href":"https:\/\/quasarcomunicacion.com.ar\/web\/wp-json\/wp\/v2\/tags?post=1522"}],"curies":[{"name":"wp","href":"https:\/\/api.w.org\/{rel}","templated":true}]}}