{"id":1500,"date":"2013-02-06T17:27:35","date_gmt":"2013-02-06T17:27:35","guid":{"rendered":"http:\/\/quasarcomunicacion.wordpress.com\/?p=1500"},"modified":"2013-02-06T17:27:35","modified_gmt":"2013-02-06T17:27:35","slug":"nota-a-la-lic-adriana-lopez-de-momento-cero-en-radio-america","status":"publish","type":"post","link":"https:\/\/quasarcomunicacion.com.ar\/web\/nota-a-la-lic-adriana-lopez-de-momento-cero-en-radio-america\/","title":{"rendered":"Nota a la Lic. Adriana L\u00f3pez de Momento Cero en Radio Am\u00e9rica"},"content":{"rendered":"<p>Compartimos la entrevista en vivo en Radio Am\u00e9rica AM 1190 en el programa \u00bfQu\u00e9 pretende ud de mi?<br \/>\nConducen Luisa Valmaggia y Jorge Halperin. Sali\u00f3 al aire la Lic. Adriana L\u00f3pez, de Momento<!--more--><\/p>\n<p>Hacer click para escuchar\u00a0<a href=\"https:\/\/soundcloud.com\/quasarcomunicacion\/entrevista-radio-am-rica-a-la\">https:\/\/soundcloud.com\/quasarcomunicacion\/entrevista-radio-am-rica-a-la<\/a><\/p>\n","protected":false},"excerpt":{"rendered":"<p>Compartimos la entrevista en vivo en Radio Am\u00e9rica AM 1190 en el programa \u00bfQu\u00e9 pretende ud de mi? Conducen Luisa [&hellip;]<\/p>\n","protected":false},"author":2,"featured_media":0,"comment_status":"open","ping_status":"open","sticky":false,"template":"","format":"standard","meta":[],"categories":[42],"tags":[],"_links":{"self":[{"href":"https:\/\/quasarcomunicacion.com.ar\/web\/wp-json\/wp\/v2\/posts\/1500"}],"collection":[{"href":"https:\/\/quasarcomunicacion.com.ar\/web\/wp-json\/wp\/v2\/posts"}],"about":[{"href":"https:\/\/quasarcomunicacion.com.ar\/web\/wp-json\/wp\/v2\/types\/post"}],"author":[{"embeddable":true,"href":"https:\/\/quasarcomunicacion.com.ar\/web\/wp-json\/wp\/v2\/users\/2"}],"replies":[{"embeddable":true,"href":"https:\/\/quasarcomunicacion.com.ar\/web\/wp-json\/wp\/v2\/comments?post=1500"}],"version-history":[{"count":0,"href":"https:\/\/quasarcomunicacion.com.ar\/web\/wp-json\/wp\/v2\/posts\/1500\/revisions"}],"wp:attachment":[{"href":"https:\/\/quasarcomunicacion.com.ar\/web\/wp-json\/wp\/v2\/media?parent=1500"}],"wp:term":[{"taxonomy":"category","embeddable":true,"href":"https:\/\/quasarcomunicacion.com.ar\/web\/wp-json\/wp\/v2\/categories?post=1500"},{"taxonomy":"post_tag","embeddable":true,"href":"https:\/\/quasarcomunicacion.com.ar\/web\/wp-json\/wp\/v2\/tags?post=1500"}],"curies":[{"name":"wp","href":"https:\/\/api.w.org\/{rel}","templated":true}]}}