{"id":1495,"date":"2013-02-05T16:46:39","date_gmt":"2013-02-05T16:46:39","guid":{"rendered":"http:\/\/quasarcomunicacion.wordpress.com\/?p=1495"},"modified":"2013-02-05T16:46:39","modified_gmt":"2013-02-05T16:46:39","slug":"como-elegir-un-jardin-maternal-para-mi-hijo","status":"publish","type":"post","link":"https:\/\/quasarcomunicacion.com.ar\/web\/como-elegir-un-jardin-maternal-para-mi-hijo\/","title":{"rendered":"C\u00f3mo elegir un Jard\u00edn Maternal para mi Hijo"},"content":{"rendered":"<p style=\"text-align:left;\" align=\"center\"><span style=\"font-family:Verdana;font-size:small;\">El jard\u00edn maternal corresponde al primer ciclo del nivel inicial y abarca la educaci\u00f3n de los ni\u00f1os en las secciones de lactarios (beb\u00e9s de menos de un a\u00f1o), deambuladores (entre uno y dos a\u00f1os) y la sala de dos a\u00f1os. De ah\u00ed la importancia de elegir una buena instituci\u00f3n, que nos brinde como madres la seguridad de que estar\u00e1n bien atendidos y estimulados.<!--more--><\/span><\/p>\n<div align=\"center\">\n<table width=\"90%\" border=\"0\" cellspacing=\"4\" cellpadding=\"4\">\n<tbody>\n<tr>\n<td bgcolor=\"#ECFFF9\" width=\"100%\"><i><span style=\"font-family:Verdana;font-size:xx-small;\">El equipo de profesionales de\u00a0<b>MOMENTO CERO<\/b><\/span><\/i><span style=\"font-family:Verdana;font-size:xx-small;\"><i>\u00a0est\u00e1 disponible para consultas o entrevistas sobre el tema. Comunicarse al\u00a0\u00a00230-4664772\u00a0\u00f3 011-15-6096-4656 para concretarlas o enviar un mail a\u00a0<a href=\"mailto:gabriela@quasarcomunicacion.com.ar\">fernanda@quasarcomunicacion.com.ar\u00a0<\/a>\u00a0<\/i><\/span><\/td>\n<\/tr>\n<\/tbody>\n<\/table>\n<\/div>\n<p><span style=\"font-family:Verdana;font-size:small;\">La Lic. Adriana L\u00f3pez, co-fundadora de\u00a0<b>Momento Cero<\/b>, instituci\u00f3n destinada a generar espacios para mam\u00e1s y pap\u00e1s, con el fin de facilitar la crianza de sus hijos en salud y recuperar el arte perdido que es el ejercicio de la maternidad y paternidad; asegura que \u00abel momento de elegir un jard\u00edn maternal para dejar a nuestro beb\u00e9, suele ser un per\u00edodo de muchas ansiedades y temores. Por tal motivo es importante tener en cuenta algunas pautas que nos den confianza y tranquilicen\u00bb.<\/span><br \/>\n<b><span style=\"font-family:Verdana;font-size:small;\">Entre las pautas se destacan:<\/span><\/b><br \/>\n<span style=\"font-family:Verdana;font-size:small;\">\u2022 Ubicaci\u00f3n de la Instituci\u00f3n: Ver si preferimos que est\u00e9 cerca de casa o del trabajo La cercan\u00eda de la instituci\u00f3n es relevante sobre todo en el per\u00edodo de adaptaci\u00f3n en que los ni\u00f1os no est\u00e1n all\u00ed la jornada completa. Tambi\u00e9n a la hora de acudir ante un eventual problema (fiebre, un golpe, dolor de panza, etc.).<br \/>\n\u2022 Ver que el jard\u00edn re\u00fana las caracter\u00edsticas b\u00e1sicas que los padres buscan, que puedan sentirse identificados con la filosof\u00eda que el jard\u00edn propone.<\/span><br \/>\n<span style=\"font-family:Verdana;font-size:small;\">\u2022 Que les sea posible ver si lo expresado en la propuesta es coherente con lo realizado.<\/span><br \/>\n<span style=\"font-family:Verdana;font-size:small;\">\u2022 Garantizarse que sea un lugar seguro, c\u00e1lido, organizado, y con personal capacitado para trabajar con ni\u00f1os peque\u00f1os, que sepan escuchar y que sean capaces de entender las necesidades particulares de cada ni\u00f1o.<\/span><br \/>\n<span style=\"font-family:Verdana;font-size:small;\">\u2022 La cantidad de alumnos y docentes tambi\u00e9n es muy importante: Cu\u00e1ntos chicos hay por grupo en cada una de las salas, cu\u00e1ntos docentes hay por sala y si hay auxiliares. Si lo hay, \u00bfson fijos o compartidos entre salas? Debe haber una concordancia entre la edad de los ni\u00f1os, el tama\u00f1o m\u00e1ximo del grupo y la cantidad de personal.<br \/>\n\u2022 Es importante ver la fluidez en la comunicaci\u00f3n con los docentes y directivos. La mam\u00e1 necesita una continuidad de informaci\u00f3n sobre c\u00f3mo est\u00e1 su hijo o c\u00f3mo transcurri\u00f3 su d\u00eda. Esto le permitir\u00e1 entender las manifestaciones del ni\u00f1o y recuperar mentalmente el d\u00eda de su hijo. Tambi\u00e9n el jard\u00edn necesita continuidad en la informaci\u00f3n para que los cuidados est\u00e9n m\u00e1s en sinton\u00eda con lo que le ocurre al ni\u00f1o.<\/span><br \/>\n<span style=\"font-family:Verdana;font-size:small;\">\u00abTeniendo en cuenta todas las variables, m\u00e1s todas las expectativas puestas en la elecci\u00f3n del mejor espacio donde transcurra el d\u00eda de su hijo, los padres cuentan con muchas herramientas para saber si est\u00e1n eligiendo correctamente y si hay alguna duda, pueden seguir buscando hasta encontrar la guarder\u00eda m\u00e1s apropiada, es un momento muy importante en el ciclo de la familia y merece ser vivido con mucha tranquilidad\u00bb, indica la<br \/>\nLic. Adriana L\u00f3pez, de Momento Cero (www.momentocero.com.ar). Matr\u00edcula Profesional: 23.655<\/span><\/p>\n","protected":false},"excerpt":{"rendered":"<p>El jard\u00edn maternal corresponde al primer ciclo del nivel inicial y abarca la educaci\u00f3n de los ni\u00f1os en las secciones [&hellip;]<\/p>\n","protected":false},"author":2,"featured_media":0,"comment_status":"open","ping_status":"open","sticky":false,"template":"","format":"standard","meta":[],"categories":[34],"tags":[],"_links":{"self":[{"href":"https:\/\/quasarcomunicacion.com.ar\/web\/wp-json\/wp\/v2\/posts\/1495"}],"collection":[{"href":"https:\/\/quasarcomunicacion.com.ar\/web\/wp-json\/wp\/v2\/posts"}],"about":[{"href":"https:\/\/quasarcomunicacion.com.ar\/web\/wp-json\/wp\/v2\/types\/post"}],"author":[{"embeddable":true,"href":"https:\/\/quasarcomunicacion.com.ar\/web\/wp-json\/wp\/v2\/users\/2"}],"replies":[{"embeddable":true,"href":"https:\/\/quasarcomunicacion.com.ar\/web\/wp-json\/wp\/v2\/comments?post=1495"}],"version-history":[{"count":0,"href":"https:\/\/quasarcomunicacion.com.ar\/web\/wp-json\/wp\/v2\/posts\/1495\/revisions"}],"wp:attachment":[{"href":"https:\/\/quasarcomunicacion.com.ar\/web\/wp-json\/wp\/v2\/media?parent=1495"}],"wp:term":[{"taxonomy":"category","embeddable":true,"href":"https:\/\/quasarcomunicacion.com.ar\/web\/wp-json\/wp\/v2\/categories?post=1495"},{"taxonomy":"post_tag","embeddable":true,"href":"https:\/\/quasarcomunicacion.com.ar\/web\/wp-json\/wp\/v2\/tags?post=1495"}],"curies":[{"name":"wp","href":"https:\/\/api.w.org\/{rel}","templated":true}]}}