{"id":1492,"date":"2013-02-04T17:01:13","date_gmt":"2013-02-04T17:01:13","guid":{"rendered":"http:\/\/quasarcomunicacion.wordpress.com\/?p=1492"},"modified":"2013-02-04T17:01:13","modified_gmt":"2013-02-04T17:01:13","slug":"valeria-macedo-educadora-del-ano-viaja-a-estados-unidos","status":"publish","type":"post","link":"https:\/\/quasarcomunicacion.com.ar\/web\/valeria-macedo-educadora-del-ano-viaja-a-estados-unidos\/","title":{"rendered":"Valeria Macedo, educadora del a\u00f1o, viaja a Estados Unidos"},"content":{"rendered":"<p><span style=\"font-size:small;\">\u00a0El 21 de noviembre del a\u00f1o pasado la docente de Pilar Valeria Macedo fue elegida la <\/span><b style=\"font-size:small;\">\u00abEducadora del A\u00f1o\u00bb<\/b><span style=\"font-size:small;\">, menci\u00f3n que otorga por cuarto a\u00f1o consecutivo el Rotary Club Pilar junto al <\/span><b style=\"font-size:small;\">Polo Educativo<\/b><b style=\"font-size:small;\">Pilar<\/b><span style=\"font-size:small;\">.<!--more--><\/span><br \/>\n<span style=\"font-size:small;\">Valeria Macedo, del Bede`s Gramma School, viajar\u00e1 a Atlanta del 3 al 18 de febrero pr\u00f3ximo donde visitar\u00e1 las siguientes instituciones: The Cottage School, Elkins Pointe Middle School; Mountain Park Elementary School, High Meadows, Ron Clark Academy, Roswell High School y Fellowship Christian Academy.<\/span><br \/>\n<span style=\"font-family:Verdana;font-size:small;\">Durante su visita al pa\u00eds del norte, se hospedar\u00e1 en las casas de dos familias, miembros del Rotary Club de Roswell. <\/span><br \/>\n<span style=\"font-family:Verdana;font-size:small;\">\u00abRealmente, han hecho un trabajo muy dedicado al planificar mi visita y mi itinerario all\u00ed. Como ver\u00e1n, el cronograma es muy atareado!\u00bb, dice a pocos d\u00edas de su viaje.<\/span><br \/>\n<span style=\"font-family:Verdana;font-size:small;\">\u00abTengo grandes expectativas con este viaje. Me interesa mucho ver cu\u00e1les son las diferencias y las similitudes entre los sistemas educativos de Argentina y EE UU. Adem\u00e1s, me interesa mucho ver c\u00f3mo son los chicos en las escuelas y si son parecidos o diferentes a los nuestros\u00bb, contin\u00faa.<\/span><br \/>\n<span style=\"font-family:Verdana;font-size:small;\">A su vez, indica que \u00abla maestra de Roswell que viaj\u00f3 a Argentina hace unos d\u00edas mencion\u00f3 en una diario local de Roswell que lo que m\u00e1s le gust\u00f3 fue ver c\u00f3mo los adolescentes de Argentina son tan parecidos a los de EEUU\u00bb, asegura orgullosa.<\/span><br \/>\n<span style=\"font-family:Verdana;font-size:small;\">\u00abComo parte de la planificaci\u00f3n de mi viaje envi\u00e9 tambi\u00e9n mi intenci\u00f3n de participar en clases de Lengua y Literatura, de poder presentar a los alumnos y docentes de escuelas en EEUU informaci\u00f3n acerca de la Argentina a trav\u00e9s de una presentaci\u00f3n multimedial, de compartir mis ideas acerca de c\u00f3mo se debe ense\u00f1ar a desarrollar la habilidad del la escritura, etc\u00bb.<\/span><br \/>\n<span style=\"font-family:Verdana;font-size:small;\">\u00abAsimismo, me gustar\u00eda hablar de la valiosa tarea que desarrolla el Rotary Club al poner este programa educativo en marcha. En fin, llevo mucho material para mostrar y compartir! Estoy eternamente agradecida al Rotary Club de Pilar y de Roswell y al Polo Educativo de Pilar por haberme dado la posibilidad de ser parte de este programa de intercambio cultural y por el gran honor que para mi representa haber sido elegida como la Educadora del A\u00f1o\u00bb, finaliza.<\/span><br \/>\n<strong><span style=\"font-size:small;\"> El Educador del A\u00f1o 2012<\/span><\/strong><br \/>\n<span style=\"font-size:small;\"> El a\u00f1o pasado<\/span> el concurso fue abierto a los tres niveles de ense\u00f1anza y los trabajos ten\u00edan como eje conductor la Neurociencia y Motivaci\u00f3n. Los tres finalistas fueron Valeria Macedo, Mar\u00eda In\u00e9s Macchi y Emiliano Villagra<br \/>\nEl jurado destac\u00f3 los tres trabajos finales, aclarando que \u00abla selecci\u00f3n se bas\u00f3 en la construcci\u00f3n total, integral del trabajo, no solo en los conceptos sino tambi\u00e9n en la calidad de la redacci\u00f3n y la presentaci\u00f3n.\u00a0 Los tres trabajos respondieron a esos objetivos, pero hubo uno que se destac\u00f3 en su producci\u00f3n por la buena fundamentaci\u00f3n te\u00f3rica de las propuestas que presentaba en el trabajo, profundizada en los conceptos de neurociencia asociados a la motivaci\u00f3n\u00bb, asegur\u00f3 la Lic. Marcela Raggi miembro del jurado y docente de la Universidad del Salvador,<br \/>\nA su vez, hizo hincapi\u00e9 en que \u00abel trabajo ganador justific\u00f3 de manera pertinente las intervenciones docentes que propon\u00eda y eso fue otro punto importante a tener en cuenta\u00bb.<br \/>\nPor otra parte, asegur\u00f3 que \u00abla fortaleza del trabajo es el buen nivel de coherencia y cohesi\u00f3n manteniendo un registro adecuado en toda la extensi\u00f3n del mismo. Adem\u00e1s, con los tres finalistas hemos tenido una entrevista personal y apreciamos los objetivos, el deseo y la motivaci\u00f3n que los tres pusieron en el trabajo. Destaco en los tres el compromiso propuesto invitando a todos los docentes a que en la edici\u00f3n 2013 se presenten porque la docencia se enriquece no s\u00f3lo con el ejercicio \u00e1ulico sino tambi\u00e9n con la expresi\u00f3n escrita que podemos hacer del mismo\u00bb, destac\u00f3 la Lic. Marcela Raggi.<br \/>\nPara finalizar, dijo que \u00abquiero aclarar que lo que se destac\u00f3 en este trabajo fue la coherencia total desde los objetivos que la docente se propuso y la forma de plasmarlo sobre escrito y sobre todo la pasi\u00f3n que supo transmitir de c\u00f3mo encara la tarea docente y creo que esto es el plus que tiene su trabajo. La felicito en nombre de los componentes del jurado\u00bb<br \/>\n<span style=\"font-family:Verdana;font-size:small;\">Tras esta devoluci\u00f3n, la docente Valeria Macedo, asegur\u00f3 muy emocionada que \u00ablo primero que se me viene a la cabeza es que me siento muy afortunada, porque me gusta tanto lo que hago y que adem\u00e1s me den un premio por eso, me parece incre\u00edble\u00bb<\/span><br \/>\n<span style=\"font-family:Verdana;font-size:small;\">Luego de los agradecimientos de rigor, agradeci\u00f3 especialmente al Polo Educativo por tener un objetivo poco visto, que es fomentar la buena pr\u00e1ctica docente Tambi\u00e9n agradeci\u00f3 al jurado la devoluci\u00f3n<\/span><br \/>\n<span style=\"font-family:Verdana;font-size:small;\">Macedo dijo, \u00abgracias a los docentes que a pesar de todo dedican su vida a esta profesi\u00f3n y lo hacen con tanto cari\u00f1o. Por \u00faltimo quer\u00eda hacer una reflexi\u00f3n respecto del trabajo presentado acerca de las neurociencias y la educaci\u00f3n. Por suerte la ciencia nos pone en las manos elementos valios\u00edsimos acerca del cerebro humano y lo que sucede en el cerebro durante el proceso de aprendizaje. A mi me parece que la educaci\u00f3n necesita un cambio, me parece que estamos en un proceso de transformaci\u00f3n y si queremos aulas donde suceda el verdadero aprendizaje debemos dirigirnos hacia una educaci\u00f3n que est\u00e9 m\u00e1s basada en el cerebro\u00bb<\/span><br \/>\n<span style=\"font-family:Verdana;font-size:small;\">Finaliz\u00f3 invitando \u00aba toda la comunidad educativa, a los pap\u00e1s , a los chicos, a los docentes a que descubran y exploren el mundo de las neurociencias porque ver\u00e1n que es un camino incre\u00edble en la educaci\u00f3n<br \/>\nEs un camino sin retorno, pero es un camino de verdadero aprendizaje\u00bb<\/span><br \/>\n<b><span style=\"font-family:Verdana;font-size:small;\">Los ganadores de los \u00faltimos a\u00f1os<\/span><\/b><br \/>\n<span style=\"font-size:small;\">En esta oportunidad, la ganadora fue la docente Valeria Macedo, del <\/span><span style=\"font-family:Verdana;font-size:small;\">Bede\u00b4s Grammar School<\/span><span style=\"font-size:small;\">, quien se suma a K<\/span><span style=\"font-size:small;\">arina Araceli Seifert, docente del Dailan School &amp; Sports (ganadora 2011), Mirta Frank (2010) y Mariela Laura Mellado (2009)<\/span><br \/>\n<span style=\"font-size:small;\"> El premio consiste en un viaje a Estados Unidos por dos semanas para interactuar con docentes de ese pa\u00eds y visitar escuelas a fin de compartir a su regreso la experiencia con el resto de los docentes.\u00a0<\/span><\/p>\n","protected":false},"excerpt":{"rendered":"<p>\u00a0El 21 de noviembre del a\u00f1o pasado la docente de Pilar Valeria Macedo fue elegida la \u00abEducadora del A\u00f1o\u00bb, menci\u00f3n [&hellip;]<\/p>\n","protected":false},"author":2,"featured_media":0,"comment_status":"open","ping_status":"open","sticky":false,"template":"","format":"standard","meta":[],"categories":[2],"tags":[],"_links":{"self":[{"href":"https:\/\/quasarcomunicacion.com.ar\/web\/wp-json\/wp\/v2\/posts\/1492"}],"collection":[{"href":"https:\/\/quasarcomunicacion.com.ar\/web\/wp-json\/wp\/v2\/posts"}],"about":[{"href":"https:\/\/quasarcomunicacion.com.ar\/web\/wp-json\/wp\/v2\/types\/post"}],"author":[{"embeddable":true,"href":"https:\/\/quasarcomunicacion.com.ar\/web\/wp-json\/wp\/v2\/users\/2"}],"replies":[{"embeddable":true,"href":"https:\/\/quasarcomunicacion.com.ar\/web\/wp-json\/wp\/v2\/comments?post=1492"}],"version-history":[{"count":0,"href":"https:\/\/quasarcomunicacion.com.ar\/web\/wp-json\/wp\/v2\/posts\/1492\/revisions"}],"wp:attachment":[{"href":"https:\/\/quasarcomunicacion.com.ar\/web\/wp-json\/wp\/v2\/media?parent=1492"}],"wp:term":[{"taxonomy":"category","embeddable":true,"href":"https:\/\/quasarcomunicacion.com.ar\/web\/wp-json\/wp\/v2\/categories?post=1492"},{"taxonomy":"post_tag","embeddable":true,"href":"https:\/\/quasarcomunicacion.com.ar\/web\/wp-json\/wp\/v2\/tags?post=1492"}],"curies":[{"name":"wp","href":"https:\/\/api.w.org\/{rel}","templated":true}]}}