{"id":1444,"date":"2013-01-29T19:09:37","date_gmt":"2013-01-29T19:09:37","guid":{"rendered":"http:\/\/quasarcomunicacion.wordpress.com\/?p=1444"},"modified":"2013-01-29T19:09:37","modified_gmt":"2013-01-29T19:09:37","slug":"momento-cero-en-radio-provincia","status":"publish","type":"post","link":"https:\/\/quasarcomunicacion.com.ar\/web\/momento-cero-en-radio-provincia\/","title":{"rendered":"Momento Cero en Radio Provincia"},"content":{"rendered":"<p>Entrevista en vivo en Radio Provincia FM 97.1 en el programa \u00abLas dos de la tarde\u00bb<br \/>\nEn vivo, la Lic. Adriana L\u00f3pez de Momento Cero habl\u00f3 sobre depresi\u00f3n infantil\u00a0<!--more--><br \/>\n<a href=\"http:\/\/www.goear.com\/listen\/63f572f\/depresion-infantil-adriana-lopez-lasdosdelatarde\">http:\/\/www.goear.com\/listen\/63f572f\/depresion-infantil-adriana-lopez-lasdosdelatarde<\/a><\/p>\n","protected":false},"excerpt":{"rendered":"<p>Entrevista en vivo en Radio Provincia FM 97.1 en el programa \u00abLas dos de la tarde\u00bb En vivo, la Lic. [&hellip;]<\/p>\n","protected":false},"author":2,"featured_media":0,"comment_status":"open","ping_status":"open","sticky":false,"template":"","format":"standard","meta":[],"categories":[34],"tags":[],"_links":{"self":[{"href":"https:\/\/quasarcomunicacion.com.ar\/web\/wp-json\/wp\/v2\/posts\/1444"}],"collection":[{"href":"https:\/\/quasarcomunicacion.com.ar\/web\/wp-json\/wp\/v2\/posts"}],"about":[{"href":"https:\/\/quasarcomunicacion.com.ar\/web\/wp-json\/wp\/v2\/types\/post"}],"author":[{"embeddable":true,"href":"https:\/\/quasarcomunicacion.com.ar\/web\/wp-json\/wp\/v2\/users\/2"}],"replies":[{"embeddable":true,"href":"https:\/\/quasarcomunicacion.com.ar\/web\/wp-json\/wp\/v2\/comments?post=1444"}],"version-history":[{"count":0,"href":"https:\/\/quasarcomunicacion.com.ar\/web\/wp-json\/wp\/v2\/posts\/1444\/revisions"}],"wp:attachment":[{"href":"https:\/\/quasarcomunicacion.com.ar\/web\/wp-json\/wp\/v2\/media?parent=1444"}],"wp:term":[{"taxonomy":"category","embeddable":true,"href":"https:\/\/quasarcomunicacion.com.ar\/web\/wp-json\/wp\/v2\/categories?post=1444"},{"taxonomy":"post_tag","embeddable":true,"href":"https:\/\/quasarcomunicacion.com.ar\/web\/wp-json\/wp\/v2\/tags?post=1444"}],"curies":[{"name":"wp","href":"https:\/\/api.w.org\/{rel}","templated":true}]}}