{"id":1437,"date":"2013-01-29T16:10:52","date_gmt":"2013-01-29T16:10:52","guid":{"rendered":"http:\/\/quasarcomunicacion.wordpress.com\/?p=1437"},"modified":"2013-01-29T16:10:52","modified_gmt":"2013-01-29T16:10:52","slug":"dia-mundial-de-los-humedales-en-pilar","status":"publish","type":"post","link":"https:\/\/quasarcomunicacion.com.ar\/web\/dia-mundial-de-los-humedales-en-pilar\/","title":{"rendered":"D\u00eda Mundial de los Humedales en Pilar"},"content":{"rendered":"<p style=\"text-align:left;\" align=\"center\"><i style=\"color:#444444;\">\u00a0<\/i>El pr\u00f3ximo mi\u00e9rcoles 30 de enero comienzan los festejos por el<b> D\u00eda Mundial de los Humedales<\/b>, organizado por la <b>Asociaci\u00f3n Patrimonio Natural<\/b>, con varias actividades que se prolongar\u00e1n hasta el 2 de febrero.<!--more--><\/p>\n<p>Los festejos comenzar\u00e1n el mi\u00e9rcoles 30 con una navegaci\u00f3n con voluntarios que abarcar\u00e1 desde Suipacha, descansando en Mercedes y el jueves, completar\u00e1n el recorrido Mercedes-Luj\u00e1n<br \/>\nEl jueves los voluntarios relevar\u00e1n el R\u00edo Luj\u00e1n en el tramo que atraviesa la Reserva Natural del Pilar.<br \/>\nPor su parte, el s\u00e1bado 2 de febrero, en la Reserva se festejar\u00e1 como cada a\u00f1o el D\u00eda Mundial de los Humedales, con visitas guiadas destacando especialmente el valor de los humedales e invitar\u00e1n a una jornada de trabajo para concientizar sobre el uso del R\u00edo Luj\u00e1n. La actividad, con entrada libre y gratuita para toda la familia, comenzar\u00e1 a las 11 hs y se prolongar\u00e1 hasta el atardecer.<br \/>\nUn grupo de voluntarios realizar\u00e1, ese d\u00eda, la \u00faltima parte de la navegaci\u00f3n saliendo de la Reserva Natural del Pilar y llegando a la Reserva Natural Otamendi donde terminar\u00e1 el recorrido iniciado en Suipacha.<\/p>\n<p align=\"center\">\n<p>Desde la Asociaci\u00f3n aseguran que \u00ablos humedales cuidan el agua. Sin agua no hay vida, sin humedales no hay vida&#8230; Vamos a recorrer el r\u00edo Luj\u00e1n desde Suipacha a Escobar, iremos tras:LAS HUELLAS DEL LOBITO DE R\u00cdO. Este animalito as\u00ed como nosotros depende del buen estado del r\u00edo Luj\u00e1n y sus humedales para seguir viviendo en nuestra cuenca\u00bb.<br \/>\nA su vez, indican que \u00abnecesitamos el CORREDOR ECOL\u00d3GICO DEL R\u00cdO LUJ\u00c1N para mejorar la calidad de vida de la cuenca\u00bb<br \/>\nM\u00e1s informaci\u00f3n escribiendo a <a href=\"mailto:info@patrimonionatural.org.ar\"> info@patrimonionatural.org.ar<\/a> o a <a href=\"mailto:patrimonionatural@gmail.com\"> patrimonionatural@gmail.com<\/a> \u00f3 telef\u00f3nicamente comunic\u00e1ndose con el 011 15 5052 7846<br \/>\nLa <b>Reserva Natural<\/b><b> del Pilar<\/b> se encuentra a menos de 2 km del casco urbano de la ciudad del Pilar y de la Panamericana (Ramal Pilar). Su acceso es muy f\u00e1cil ya que hay asfalto hasta el ingreso a la misma y el colectivo 501 llega hasta all\u00ed, indica a Ex F\u00e1brica Militar y parte del centro de Pilar. La Reserva se encuentra en la calle Argerich sin n\u00famero, detr\u00e1s de la ex F\u00e1brica Militar, por ruta 25 camino a Escobar.<br \/>\n<span style=\"font-family:Verdana;\"><b> Acerca del D\u00eda Mundial de los Humedales <\/b><\/span><br \/>\n<span style=\"font-family:Verdana;\">Miles de personas realizan actividades para el 2 de Febrero, D\u00eda Mundial de los Humedales (DMH), desde que se adopt\u00f3 esta fecha. Todos los a\u00f1os organizaciones no gubernamentales, grupos de ciudadanos y organismos oficiales aprovechan este d\u00eda para aumentar la sensibilizaci\u00f3n del p\u00fablico acerca de los beneficios que brindan los humedales y sobre el trabajo de la Convenci\u00f3n de Ramsar. <\/span><\/p>\n<p align=\"left\">\u201cLos humedales son valorados como fuentes de agua, recarga de acu\u00edferos, criaderos naturales de peces y reservorios \u00fanicos de diversidad biol\u00f3gica y cultural, entre otras irremplazables funciones; ahora necesitan ser reconocidos como aliados indispensables en la mitigaci\u00f3n de los impactos negativos del cambio clim\u00e1tico sobre los ecosistemas naturales, las cuencas h\u00eddricas y los asentamientos humanos en todo el planeta. Si logramos conservar la integridad de los ecosistemas de humedales y las funciones que gratuitamente cumplen en favor de la sociedad humana, estaremos tambi\u00e9n mejor preparados para resistir desastres agravados por el cambio clim\u00e1tico, como en los casos de sequ\u00edas extremas e inundaciones extraordinarias, que antes existieron pero que ahora parecen haberse vuelto m\u00e1s frecuentes. Eventos meteorol\u00f3gicos inesperados, como lluvias torrenciales focalizadas en una regi\u00f3n, y muy dif\u00edciles de predecir, podr\u00edan ser mejor sobrellevados y tener menores costos sociales, ambientales y en cuanto a vidas humanas, en cuencas que cuenten con humedales \u00edntegros y bien conservados, capaces de mitigar las grandes escorrent\u00edas asociadas a este tipo de sucesos de los cuales se cuenta ya con varios ejemplos a nivel regional y mundial\u201d FUENTE: FUNDACION PROTEGER.<br \/>\nEl sitio web de Ramsar (http:\/\/www.ramsar.org) recoge informes de m\u00e1s de 80 pa\u00edses sobre actividades para el D\u00eda Mundial de los Humedales, de todas las modalidades imaginables, desde conferencias hasta paseos en la naturaleza, concursos art\u00edsticos infantiles, jornadas de limpieza, entrevistas por radio y TV y cartas a los diarios, as\u00ed como el lanzamiento de pol\u00edticas sobre humedales, designaci\u00f3n de nuevos Sitios Ramsar y puesta en marcha de programas nacionales.<\/p>\n<p align=\"left\">Para contacto e informes sobre el trabajo en la <b>Reserva Natural de Pilar<\/b>: http:\/\/reservanaturaldelpilar.blogspot.com\/<\/p>\n","protected":false},"excerpt":{"rendered":"<p>\u00a0El pr\u00f3ximo mi\u00e9rcoles 30 de enero comienzan los festejos por el D\u00eda Mundial de los Humedales, organizado por la Asociaci\u00f3n [&hellip;]<\/p>\n","protected":false},"author":2,"featured_media":0,"comment_status":"open","ping_status":"open","sticky":false,"template":"","format":"standard","meta":[],"categories":[2],"tags":[],"_links":{"self":[{"href":"https:\/\/quasarcomunicacion.com.ar\/web\/wp-json\/wp\/v2\/posts\/1437"}],"collection":[{"href":"https:\/\/quasarcomunicacion.com.ar\/web\/wp-json\/wp\/v2\/posts"}],"about":[{"href":"https:\/\/quasarcomunicacion.com.ar\/web\/wp-json\/wp\/v2\/types\/post"}],"author":[{"embeddable":true,"href":"https:\/\/quasarcomunicacion.com.ar\/web\/wp-json\/wp\/v2\/users\/2"}],"replies":[{"embeddable":true,"href":"https:\/\/quasarcomunicacion.com.ar\/web\/wp-json\/wp\/v2\/comments?post=1437"}],"version-history":[{"count":0,"href":"https:\/\/quasarcomunicacion.com.ar\/web\/wp-json\/wp\/v2\/posts\/1437\/revisions"}],"wp:attachment":[{"href":"https:\/\/quasarcomunicacion.com.ar\/web\/wp-json\/wp\/v2\/media?parent=1437"}],"wp:term":[{"taxonomy":"category","embeddable":true,"href":"https:\/\/quasarcomunicacion.com.ar\/web\/wp-json\/wp\/v2\/categories?post=1437"},{"taxonomy":"post_tag","embeddable":true,"href":"https:\/\/quasarcomunicacion.com.ar\/web\/wp-json\/wp\/v2\/tags?post=1437"}],"curies":[{"name":"wp","href":"https:\/\/api.w.org\/{rel}","templated":true}]}}