{"id":13183,"date":"2025-12-11T15:45:05","date_gmt":"2025-12-11T15:45:05","guid":{"rendered":"https:\/\/quasarcomunicacion.com.ar\/web\/?p=13183"},"modified":"2025-12-11T16:01:02","modified_gmt":"2025-12-11T16:01:02","slug":"la-camara-de-la-pequena-y-mediana-empresa-de-pilar-se-suma-al-programa-federal-para-la-juventud-en-habilidades-y-competencias-2030","status":"publish","type":"post","link":"https:\/\/quasarcomunicacion.com.ar\/web\/la-camara-de-la-pequena-y-mediana-empresa-de-pilar-se-suma-al-programa-federal-para-la-juventud-en-habilidades-y-competencias-2030\/","title":{"rendered":"La C\u00e1mara de la Peque\u00f1a y Mediana Empresa de Pilar se suma al Programa Federal para la Juventud en Habilidades y Competencias 2030"},"content":{"rendered":"<p>La <strong>C\u00e1mara de la Peque\u00f1a y Mediana Empresa de Pilar<\/strong> formaliz\u00f3 su adhesi\u00f3n al <strong>Programa Federal para la Juventud en Habilidades y Competencias 2030<\/strong>, organizado por la <strong>C\u00e1mara Argentina de Formaci\u00f3n Profesional y Capacitaci\u00f3n Laboral <\/strong>y por la <strong>Organizaci\u00f3n Internacional para la Educaci\u00f3n Permanente (OIEP). <\/strong><!--more--><\/p>\n<p>La Adhesi\u00f3n se llev\u00f3 adelante en un encuentro virtual del que particip\u00f3 Guillermo Su\u00e1rez, vicepresidente de la \u00a0C\u00e1mara Argentina para la Formaci\u00f3n Profesional y la Capacitaci\u00f3n Laboral y socio de la C\u00e1mara PyME de Pilar junto a Daniel Martini, presidente de la Entidad y Sol Herrera Prieto, Directora de Desarrollo y Expansi\u00f3n y quien dirige este Programa. Por la C\u00e1mara PyME estuvieron Leonardo Barrera y Daniela Burgue\u00f1o de la Comisi\u00f3n Directiva acompa\u00f1ados por la socia Mar\u00eda Fernanda Ipata.<\/p>\n<p><a href=\"https:\/\/quasarcomunicacion.com.ar\/web\/wp-content\/uploads\/2025\/12\/111225adhesion.gif\"><img class=\"aligncenter\" src=\"https:\/\/quasarcomunicacion.com.ar\/web\/wp-content\/uploads\/2025\/12\/111225adhesion.gif\" \/><\/a><\/p>\n<p><strong> <a href=\"https:\/\/drive.google.com\/file\/d\/1ioUvGp7BvSh9lFHPY8qoO4An5LJ3cFsJ\/view?usp=sharing\"> VER CARTA DE ADHESI\u00d3N<\/a><\/strong><\/p>\n<p>Este Programa impulsa un espacio formativo innovador destinado a j\u00f3venes entre 17 y 30 a\u00f1os, alineado a los Objetivos de Desarrollo Sostenible 2030 (ONU) y a las premisas del Foro Econ\u00f3mico Mundial en materia de habilidades del futuro. Su prop\u00f3sito es promover competencias que ampl\u00eden las oportunidades de inserci\u00f3n social, productiva y laboral de las juventudes argentinas.<\/p>\n<p><a href=\"https:\/\/youtu.be\/RE3CAtV5nNE\">VER VIDEO DE LA FIRMA<\/a><\/p>\n<p><iframe loading=\"lazy\" title=\"Adhesi\u00f3n al Programa Federal para la Juventud en Habilidades y Competencias 2030\" width=\"500\" height=\"281\" src=\"https:\/\/www.youtube.com\/embed\/RE3CAtV5nNE?feature=oembed\" frameborder=\"0\" allow=\"accelerometer; autoplay; clipboard-write; encrypted-media; gyroscope; picture-in-picture; web-share\" referrerpolicy=\"strict-origin-when-cross-origin\" allowfullscreen><\/iframe><\/p>\n<p>Este Programa se trata de una Formaci\u00f3n Virtual para J\u00f3venes del Secundario, destinada a articular esfuerzos entre el sector p\u00fablico, privado y acad\u00e9mico para facilitar la transici\u00f3n de los j\u00f3venes desde la escuela secundaria hacia la educaci\u00f3n y\/o el empleo.<\/p>\n<p>Se trata de un programa abierto y gratuito, con encuentros sincr\u00f3nicos con profesores de primer nivel. El programa est\u00e1 concebido como un marco de cooperaci\u00f3n flexible, al que diversas instituciones pueden adherirse para impulsar acciones formativas, de orientaci\u00f3n y vinculaci\u00f3n, adaptadas a las necesidades de cada ecosistema territorial, productivo y social.\u00a0 La primera cohorte iniciar\u00eda en abril de 2026 y en febrero se lanzar\u00e1n las inscripciones para que los j\u00f3venes de todo el pa\u00eds, de cualquier situaci\u00f3n socioecon\u00f3mica, haya terminado o no el secundario se pueda inscribir.<\/p>\n<p><em>\u00abGracias a la C\u00e1mara por darnos este espacio, como C\u00e1mara Argentina estamos muy agradecidos del apoyo que le brindan a este programa porque el prop\u00f3sito que tenemos como Programa es comunicar a la comunidad que estamos comprometidos con la formaci\u00f3n de los j\u00f3venes todos los sectores. Todos aquellos que queremos promover la mayor formaci\u00f3n de los j\u00f3venes, la formaci\u00f3n laboral y el autoempleo estamos apoyando y acompa\u00f1ando este programa federal de educaci\u00f3n para j\u00f3venes de 17 a 30 a\u00f1os\u00bb<\/em>, comenz\u00f3 Su\u00e1rez.<\/p>\n<p><em>\u00abEs un programa para pensar fuera de la caja, para mirar hacia adelante y que el joven comience a pensar m\u00e1s creativamente y con un fuerte trabajo para enfrentar la frustraci\u00f3n. Adem\u00e1s, de un abordaje de la comunicaci\u00f3n asertiva y c\u00f3mo interactuar con el equipo\u00bb<\/em>, anticip\u00f3 Su\u00e1rez y a la vez que agreg\u00f3 que <em>\u00abuna vez finalizado el programa, todos podr\u00e1n formar parte del portal de empleo de la <\/em><strong>C\u00e1mara Argentina de Formaci\u00f3n Profesional y Capacitaci\u00f3n Laboral<\/strong><em>\u00ab.<\/em><\/p>\n<p>Con el acompa\u00f1amiento de instituciones aliadas en todo el pa\u00eds, la iniciativa busca aumentar el alcance, legitimidad e impacto de esta acci\u00f3n educativa, llegando a cada rinc\u00f3n del territorio nacional a trav\u00e9s de una ejecuci\u00f3n profesional, probada e innovadora.<\/p>\n<p><em>\u00abSe trabajar\u00e1 mucho el autoconocimiento como una de las medidas para calmar el tema de la frustraci\u00f3n. Ser\u00e1 una experiencia de aprendizaje con un fuerte marco te\u00f3rico y an\u00e1lisis del contexto. Buscamos que terminen con la mejor forma de tomar sus propias decisiones, con una mirada centrada en el autoconocimiento, la introspecci\u00f3n y el conocimiento del contexto y el entorno para tomar la mejor decisi\u00f3n que tengan a su alcance\u00bb, <\/em>completa Herrera Prieto.<\/p>\n<p>\u00ab<em>La idea es generar esta sinergia con todos los actores y culminar con la posibilidad de haber aportado desde las entidades participantes para generar una realidad diferente para los j\u00f3venes que lo necesitan. Ser\u00e1n profesores expertos con mucha experiencia y capacidad ya que lo pensamos con la l\u00f3gica de \u00abpara los que m\u00e1s necesitan, lo mejor\u00bb porque si pensamos en inclusi\u00f3n de calidad, tenemos que dar un ejemplo en ese sentido y para nosotros es important\u00edsimo que as\u00ed sea. Estamos generando un programa muy atractivo, amplio, inclusivo y con una gran calidad educativa\u00bb, <\/em>dijo Martini.<\/p>\n<p>Por su parte, Leonardo Barrera agradeci\u00f3 la inclusi\u00f3n y confirm\u00f3 que <em> \u00abcompartimos la visi\u00f3n de la C\u00e1mara Argentina de Formaci\u00f3n Profesional y Capacitaci\u00f3n Laboral en este sentido, nos parece super positivo poder ayudar a gente del distrito o del pa\u00eds. Estamos muy entusiasmados con esto, agradecemos la oportunidad de sumarnos y nuestro compromiso es claro: vamos a difundir el Programa en nuestra comunidad, socios y entidades allegadas para hacer que esto crezca y llegue a donde tiene que llegar. Nos est\u00e1n dando la oportunidad de pertenecer y de participar\u00bb.<\/em><\/p>\n<p>La adhesi\u00f3n de la<strong> C\u00e1mara PyME de Pilar <\/strong>implica un compromiso activo en la difusi\u00f3n del Programa dentro de su comunidad, el uso compartido de marcas para la comunicaci\u00f3n, y la promoci\u00f3n de los objetivos que gu\u00edan el dise\u00f1o y planificaci\u00f3n de esta propuesta de formaci\u00f3n gratuita y accesible.<\/p>\n<p>Adem\u00e1s del aporte estrat\u00e9gico al fortalecimiento del Programa, la adhesi\u00f3n institucional permitir\u00e1 acceder a reportes peri\u00f3dicos y an\u00e1lisis cualitativos vinculados a la educaci\u00f3n y empleabilidad juvenil, impulsando mejoras en reputaci\u00f3n, productividad e innovaci\u00f3n dentro del ecosistema PyME local.<\/p>\n<p><em>\u201cLa educaci\u00f3n es motor de crecimiento y mejora de las sociedades\u201d, <\/em>destacan las entidades organizadoras, quienes resaltan que el trabajo articulado entre c\u00e1maras empresariales, instituciones educativas y gobiernos constituye una base s\u00f3lida para generar m\u00e1s oportunidades para los j\u00f3venes y para el desarrollo econ\u00f3mico regional.<\/p>\n<p>Con esta adhesi\u00f3n, la <strong> C\u00e1mara PyME de Pilar <\/strong>refuerza su compromiso con el fortalecimiento del tejido productivo y con la construcci\u00f3n de un futuro con m\u00e1s y mejores oportunidades para la juventud de Pilar y del pa\u00eds.<\/p>\n<p><strong>Acerca de la C\u00e1mara PyME de Pilar<\/strong><\/p>\n<p>Desde su creaci\u00f3n la <strong>C\u00e1mara PyME de Pilar<\/strong> foment\u00f3 convenios con otras Instituciones como AIME (Asociaci\u00f3n Iberoamericana de Mujeres Empresarias), la CEPIP (C\u00e1mara Empresaria del Parque Industrial Pilar), es socio institucional del Consejo Consultivo de la C\u00e1mara Argentina de Comercio (CAC, miembro de la Uni\u00f3n Industrial de la Provincia de Buenos Aires (UIPBA), la FIE\u00a0Argentina (Federaci\u00f3n Interamericana Empresarial) y la USAM (Universidad Nacional de San Mart\u00edn) donde la Entidad forma parte del Consejo de Ciencias Econ\u00f3micas en la persona de Marta Yezerski; en 2021 firm\u00f3 convenio con Pilar Emprende para potenciar emprendedores.<\/p>\n<p>En estas d\u00e9cadas integraron la comisi\u00f3n la Mujer y el Trabajo de la Uni\u00f3n Industrial Argentina (UIA), fueron panelistas por Argentina en el Congreso Iberoamericano de Mujeres Empresarias (CIME), llevaron adelante el programa televisivo multipremiado llamado Impacto Productivo, lanzaron ProUmPi (la Universidad P\u00fablica de Pilar), hicieron actividades junto a la Uni\u00f3n Industrial de Pilar, editaron la primera revista para Mujeres Empresarias de la regi\u00f3n, participaron del Foro de Mujeres del Mercosur, etc.<\/p>\n<p>Firmaron infinidad de convenios, por ejemplo con Pilar Emprende, con el Consejo Superior de la Universidad de Luj\u00e1n, con el Ministerio de Trabajo de la Provincia de Buenos Aires, con la Universidad del Salvador, con la Subsecretar\u00eda de Promoci\u00f3n y Desarrollo de Microempresas del Ministerio de Producci\u00f3n y el Empleo de la Provincia de Buenos Aires,\u00a0con Cecam (Centro de Educaci\u00f3n y Capacitaci\u00f3n de la Mujer),\u00a0 Medif\u00e9, entre otros.<\/p>\n<p>La <strong>C\u00e1mara Pyme de Pilar<\/strong> busca fortalecer, promover y desarrollar la tarea empresarial por medio de la capacitaci\u00f3n y la formaci\u00f3n de nuevos contactos actuando como n\u00facleo para el desarrollo de negocios. Su propuesta tiende a obtener un crecimiento conjunto, donde las experiencias vayan enriqueciendo las posibilidades de cada empresa, respondiendo as\u00ed a las necesidades cambiantes del mercado global.<\/p>\n<p>Los interesados en sumarse a la Entidad podr\u00e1 asociarse click aqu\u00ed <a href=\"https:\/\/cpymepilar.org.ar\/asociese\/\">https:\/\/cpymepilar.org.ar\/asociese\/<\/a><\/p>\n<p><strong><em>Por otras im\u00e1genes, audios o entrevistas no dude en contactarse<\/em><\/strong><\/p>\n<p><strong><em> Contactos de Prensa<\/em><\/strong><\/p>\n<table width=\"100%\">\n<tbody>\n<tr>\n<td width=\"50%\"><strong> Roc\u00edo Attisano &#8211; Asistente de Cuentas<\/strong><\/p>\n<p><b> Directo<\/b><strong>: <\/strong> 0230-4664772<br \/>\n<b> Skype:<\/b> quasarcomunicacion<br \/>\n<b> Instagram<\/b>: @quasarcomunicacion<br \/>\n<b> Twitter:<\/b> @quasarpilar<br \/>\n<b> Gr<\/b><b>upo y p\u00e1gina en Facebook: <\/b> www.facebook.com\/<a href=\"mailto:mfipata@gmail.com\">Quasar<\/a>Comunicacion<br \/>\n<b> Web:<\/b> <a href=\"http:\/\/www.quasarcomunicacion.com.ar\"> www.quasarcomunicacion.com.ar<\/a><\/p>\n<p><b> Mail<\/b><strong>:<\/strong> <a href=\"mailto:fernanda@quasarcomunicacion.com.ar\"> info@quasarcomunicacion.com.ar<\/a><\/td>\n<td width=\"50%\"><strong> Lic. Mar\u00eda Fernanda Ipata &#8211; Directora<br \/>\n<\/strong> <b><br \/>\n<\/b> <b> M\u00f3vil:<\/b> 0230-15-4584535<br \/>\n<b> Whatsapp<\/b><b>:<\/b><a href=\"https:\/\/bit.ly\/2J4cUvm\"> 11 5312 6795<\/a><br \/>\n<a href=\"https:\/\/bit.ly\/2Sn1zLP\"> Enviar whatsapp aqu\u00ed<\/a><br \/>\n<b> Skype:<\/b> quasarcomunicacion<br \/>\n<b> LinkedIn<\/b><strong>:\u00a0 <\/strong> <strong> <a href=\"http:\/\/www.linkedin.com\/in\/mfipata\"> http:\/\/www.linkedin.com\/in\/mfipata<\/a><\/strong><br \/>\n<a href=\"https:\/\/www.linkedin.com\/company\/quasarcomunicacion\"> https:\/\/www.linkedin.com\/company\/quasarcomunicacion<\/a><br \/>\n<b> Instagram y Facebook:<\/b> @quasarcomunicacion <b><br \/>\nWeb:<\/b> <a href=\"http:\/\/www.quasarcomunicacion.com.ar\"> www.quasarcomunicacion.com.ar<\/a><br \/>\n<b> Mail<\/b><strong>:<\/strong><a href=\"mailto:fernanda@quasarcomunicacion.com.ar\"> fernanda@quasarcomunicacion.com.ar<\/a><br \/>\n<b> Telegram: https:\/\/t.me\/QuasarComunicacion<\/b><br \/>\n<b> Canal de Telegram para acceder a comunicados:<\/b> https:\/\/t.me\/comunicadosQC<\/td>\n<\/tr>\n<\/tbody>\n<\/table>\n","protected":false},"excerpt":{"rendered":"<p>La C\u00e1mara de la Peque\u00f1a y Mediana Empresa de Pilar formaliz\u00f3 su adhesi\u00f3n al Programa Federal para la Juventud en [&hellip;]<\/p>\n","protected":false},"author":2,"featured_media":13184,"comment_status":"closed","ping_status":"closed","sticky":false,"template":"","format":"standard","meta":[],"categories":[2],"tags":[],"_links":{"self":[{"href":"https:\/\/quasarcomunicacion.com.ar\/web\/wp-json\/wp\/v2\/posts\/13183"}],"collection":[{"href":"https:\/\/quasarcomunicacion.com.ar\/web\/wp-json\/wp\/v2\/posts"}],"about":[{"href":"https:\/\/quasarcomunicacion.com.ar\/web\/wp-json\/wp\/v2\/types\/post"}],"author":[{"embeddable":true,"href":"https:\/\/quasarcomunicacion.com.ar\/web\/wp-json\/wp\/v2\/users\/2"}],"replies":[{"embeddable":true,"href":"https:\/\/quasarcomunicacion.com.ar\/web\/wp-json\/wp\/v2\/comments?post=13183"}],"version-history":[{"count":2,"href":"https:\/\/quasarcomunicacion.com.ar\/web\/wp-json\/wp\/v2\/posts\/13183\/revisions"}],"predecessor-version":[{"id":13186,"href":"https:\/\/quasarcomunicacion.com.ar\/web\/wp-json\/wp\/v2\/posts\/13183\/revisions\/13186"}],"wp:featuredmedia":[{"embeddable":true,"href":"https:\/\/quasarcomunicacion.com.ar\/web\/wp-json\/wp\/v2\/media\/13184"}],"wp:attachment":[{"href":"https:\/\/quasarcomunicacion.com.ar\/web\/wp-json\/wp\/v2\/media?parent=13183"}],"wp:term":[{"taxonomy":"category","embeddable":true,"href":"https:\/\/quasarcomunicacion.com.ar\/web\/wp-json\/wp\/v2\/categories?post=13183"},{"taxonomy":"post_tag","embeddable":true,"href":"https:\/\/quasarcomunicacion.com.ar\/web\/wp-json\/wp\/v2\/tags?post=13183"}],"curies":[{"name":"wp","href":"https:\/\/api.w.org\/{rel}","templated":true}]}}