{"id":13153,"date":"2025-11-20T18:11:50","date_gmt":"2025-11-20T18:11:50","guid":{"rendered":"https:\/\/quasarcomunicacion.com.ar\/web\/?p=13153"},"modified":"2025-11-20T18:19:03","modified_gmt":"2025-11-20T18:19:03","slug":"ronda-de-networking-y-expo-de-empresas-y-emprendedores-en-pilar","status":"publish","type":"post","link":"https:\/\/quasarcomunicacion.com.ar\/web\/ronda-de-networking-y-expo-de-empresas-y-emprendedores-en-pilar\/","title":{"rendered":"Ronda de Networking y Expo de Empresas y Emprendedores en Pilar"},"content":{"rendered":"<p>Unos 80 emprendedores participaron de la <strong>Ronda de Networking y Expo de Empresas y Emprendedores <\/strong>que se dio en el marco de la<strong> XII Semana del Emprendedor Pilarense <\/strong>que comenz\u00f3 el lunes y fue declarada de Inter\u00e9s Municipal por el Honorable Concejo Deliberante de Pilar. La actividad presencial tuvo lugar\u00a0 el mi\u00e9rcoles por la ma\u00f1ana<strong>\u00a0<\/strong>en la sede Pilar de la UTN en el Parque Industrial. <!--more--><\/p>\n<p><a href=\"https:\/\/quasarcomunicacion.com.ar\/web\/wp-content\/uploads\/2025\/11\/ronda25.jpg\"><img class=\"aligncenter\" src=\"https:\/\/quasarcomunicacion.com.ar\/web\/wp-content\/uploads\/2025\/11\/ronda25.jpg\" \/><\/a><\/p>\n<p>Los visitantes pudieron recorrer la Expo y participar como oyentes de la Ronda. A su vez, unos 40 inscriptos presentaron sus productos y\/o servicios en la ronda de Networking y m\u00e1s de 20 mostraron en diversos stands lo que ofrecen en la Expo que se mont\u00f3 en los pasillos de la Casa de Altos Estudios. Estuvieron presentes, entre otros, la Secretar\u00eda de Desarrollo Econ\u00f3mico y la Subsecretar\u00eda de Econom\u00eda Popular de la Municipalidad de Pilar con sus m\u00e1ximas autoridades Claudia Juanes y Griselda Serrano, acompa\u00f1adas de la concejal de Pilar Liliana Ruiz.<\/p>\n<p><a href=\"https:\/\/quasarcomunicacion.com.ar\/web\/wp-content\/uploads\/2025\/11\/autoridades1.jpg\"><img class=\"aligncenter\" src=\"https:\/\/quasarcomunicacion.com.ar\/web\/wp-content\/uploads\/2025\/11\/autoridades1.jpg\" \/><\/a><\/p>\n<p>Estuvieron presentes de las c\u00e1maras Leonardo Barrera, de la C\u00e1mara de la Mediana y Peque\u00f1a Empresa de Pilar; Gustavo Su\u00e1rez de SCIPA y Jorge Alonso de la C\u00e1mara Empresaria del Parque Industrial. Todos recibido por el due\u00f1o de casa, el Ing. Carlos Farina, director general de la Sede Pilar de la UTN junto a un equipo de trabajo.<\/p>\n<p><a href=\"https:\/\/quasarcomunicacion.com.ar\/web\/wp-content\/uploads\/2025\/11\/rondanetworking25.jpg\"><img class=\"aligncenter\" src=\"https:\/\/quasarcomunicacion.com.ar\/web\/wp-content\/uploads\/2025\/11\/rondanetworking25.jpg\" \/><\/a><\/p>\n<p>Tambi\u00e9n hubo emprendedores del Mercado de la Econom\u00eda Popular y de Mujeres en Acci\u00f3n exhibiendo sus productos. A su vez participaron cooperativas como Gr\u00e1fica World Color, la Cooperativa Construyendo Patria LTDA, entre otras.<\/p>\n<p>Adem\u00e1s, hubo representantes del Banco Credicoop, Supervielle y Provincia junto a Provincia Microcr\u00e9ditos.<\/p>\n<p>Tambi\u00e9n estuvieron presentes alumnos de la Escuela Especial 504 \u201cNuestro Encuentro\u201d y de la Cooperativa escolar \u00abUn presente, un futuro\u00bb formada por el Centro de Formaci\u00f3n Integral N\u00b01 de Pilar \u00abRosa Voet\u00bb mostrando sus emprendimientos y haciendo exhibici\u00f3n y degustaci\u00f3n de productos.<\/p>\n<p><em>\u00abFue una gran alegr\u00eda haber presentado de esta Expo. Fue una oportunidad para visibilizar lo que se hace en la escuela, conectarnos con otros. Estamos agradecidos como escuela, los chicos hiper felices y entusiasmados\u00bb, <\/em>aseguran desde la Escuela Especial 504 de Del Viso quienes adem\u00e1s del stand participaron de la Ronda de Networking y se llevaron un merecido aplauso de los asistentes.<\/p>\n<p><a href=\"https:\/\/quasarcomunicacion.com.ar\/web\/wp-content\/uploads\/2025\/11\/504.jpg\"><img class=\"aligncenter\" src=\"https:\/\/quasarcomunicacion.com.ar\/web\/wp-content\/uploads\/2025\/11\/504.jpg\" \/><\/a><\/p>\n<p>La Escuela tiene tres formaciones t\u00e9cnicas: gastronom\u00eda, carpinter\u00eda y jardiner\u00eda. Los egresados pueden ser ayudantes de cocina, carpinter\u00eda y vivero. Con formaciones profesionales (en esas \u00e1reas y\/u otras) de Centros de Formaci\u00f3n Profesional Provincial como Municipal.<\/p>\n<p><em>\u00abNosotros ofrecemos varias producciones de acuerdo a las formaciones t\u00e9cnica: gastronom\u00eda (dulce, salado), huerta y granja( huevos y verduras), textil (adornos, reposeras, agarraderas, individuales, etc), gr\u00e1fica ( elementos en 3D, sublimados de tazas y remeras, libros anillados) Carpinter\u00eda ( juguetes, elementos de cocina varios)\u00bb<\/em>, indicaron desde el CFI N\u00b01 \u00abRosa Voet\u00bb quienes adem\u00e1s proveyeron los budines para el coffee.<\/p>\n<p>Se sumaron instituciones como la Red de Costureras Solidarias de Pilar, el CECAM Pilar &#8211; Centro de Educaci\u00f3n y Capacitaci\u00f3n de la Mujer, Fundaci\u00f3n Casa Grande, entre otras.<\/p>\n<p>Y alumnas de la Universidad Austral que presentaron en la Ronda y exhibieron en la zona de Expo su proyecto \u00abAlma Local Pilar\u00bb, un proyecto que busca el reposicionamiento de los productores locales mediante herramientas como campa\u00f1as de comunicaci\u00f3n, aplicaci\u00f3n m\u00f3vil, sello de identidad y un pop up store.<\/p>\n<p><a href=\"https:\/\/quasarcomunicacion.com.ar\/web\/wp-content\/uploads\/2025\/11\/almapilar.jpg\"><img class=\"aligncenter\" src=\"https:\/\/quasarcomunicacion.com.ar\/web\/wp-content\/uploads\/2025\/11\/almapilar.jpg\" \/><\/a><\/p>\n<p><em>\u00abEn lo personal, lo que ocurri\u00f3 hoy fue el \u00abbroche de oro\u00bb de lo que venimos pregonando desde que surgi\u00f3 Pilar Emprende: trabajar de manera colaborativa y cooperando en lugar de competir. Hoy se reunieron las c\u00e1maras del partido en un evento \u00fanico, donde todos tiramos para el mismo lado: instituciones, el Estado local,\u00a0 bancos, cooperativas, instituciones educativas, emprendedores y empresas. Esto es lo que venimos buscando y reafirmamos en cada Semana del Emprendedor y durante todo el a\u00f1o\u00bb, <\/em>asegur\u00f3 la Lic. Mar\u00eda Fernanda Ipata, coordinadora de <strong>Pilar Emprende.<\/strong><\/p>\n<p>A su vez asegur\u00f3, \u00ab<em>nos super\u00f3 el inter\u00e9s por esta actividad, claramente relacionarse, hacer networking, mostrar lo que tiene para ofrecer es algo que los emprendedores buscan, y en este caso relacionarse con empresas y comerciantes. Fue una gran oportunidad para tejer nuevas redes, generar alianzas comerciales y sinergia entre todos los presentes\u00bb, <\/em>agreg\u00f3 Ipata.<\/p>\n<p><a href=\"https:\/\/quasarcomunicacion.com.ar\/web\/wp-content\/uploads\/2025\/11\/expo25.jpg\"><img class=\"aligncenter\" src=\"https:\/\/quasarcomunicacion.com.ar\/web\/wp-content\/uploads\/2025\/11\/expo25.jpg\" \/><\/a><br \/>\nLa actividad fue coordinada por <strong>Pilar Emprende<\/strong> con el apoyo de la Universidad Tecnol\u00f3gica Nacional (UTN), la C\u00e1mara Empresaria del Parque Industrial (CEPIP), la C\u00e1mara de la Mediana y Peque\u00f1a Empresa de Pilar, la C\u00e1mara de Comercio de Pilar (SCIPA), la Secretar\u00eda de Desarrollo Econ\u00f3mico y la Subsecretar\u00eda de Econom\u00eda Popular de la Municipalidad de Pilar; y Mujeres en Acci\u00f3n, con el acompa\u00f1amiento de la C\u00e1mara Argentina de Comercio y Servicios (CAC) y la Asociaci\u00f3n de Emprendedores de la Argentina (ASEA).<\/p>\n<p><a href=\"https:\/\/quasarcomunicacion.com.ar\/web\/wp-content\/uploads\/2025\/11\/autoridades25.jpg\"><img class=\"aligncenter\" src=\"https:\/\/quasarcomunicacion.com.ar\/web\/wp-content\/uploads\/2025\/11\/autoridades25.jpg\" \/><\/a><\/p>\n<p>Esta actividad busc\u00f3 generar sinergia entre las C\u00e1maras, instituciones, el Estado y los privados buscando ser un espacio de intercambio de informaci\u00f3n para crear nuevos contactos que terminen en relaciones comerciales o sinergias beneficiosas para todos.<\/p>\n<p>La Semana contin\u00faa con actividades abiertas y gratuitas. La agenda completa puede visualizarse en <a href=\"http:\/\/www.pilaremprende.com.ar\/sep2925\"> www.pilaremprende.com.ar\/sep2025<\/a> . Conoc\u00e9 m\u00e1s en este link <a href=\"https:\/\/linktr.ee\/semanadelemprendedor\"> https:\/\/linktr.ee\/semanadelemprendedor<\/a>\u00a0 M\u00e1s info por whatsapp al 11 6742 7635 o escribiendo a <a href=\"mailto:contacto@pilaremprende.com.ar\">contacto@pilaremprende.com.ar<\/a><\/p>\n<p>Las actividades son abiertas y gratuitas, <span style=\"font-weight: 400;\"> quienes deseen colaborar, podr\u00e1n hacerlo con la <\/span> <strong> Red de Costureras Solidarias de Pilar<\/strong><span style=\"font-weight: 400;\"> para continuar capacitando a emprendedores textiles. Podr\u00e1n realizar una transferencia a voluntad al alias <\/span> <strong> pilaremprende <\/strong> <span style=\"font-weight: 400;\"> Conoc\u00e9 m\u00e1s de la labor de la Red en <\/span> <a style=\"font-weight: 400;\" href=\"https:\/\/linktr.ee\/costureraspilar\"> https:\/\/linktr.ee\/costureraspilar<\/a><\/p>\n<p>Invitan a sumarse al Grupo en Whatsapp para no perderse de nada\u00a0<a href=\"https:\/\/chat.whatsapp.com\/L6nOhu4HYjD0tZD20JVO43\" data-saferedirecturl=\"https:\/\/www.google.com\/url?q=https:\/\/chat.whatsapp.com\/L6nOhu4HYjD0tZD20JVO43&amp;source=gmail&amp;ust=1730216247712000&amp;usg=AOvVaw16ELEXVBQAMZmtfuVDizUd\">https:\/\/chat.whatsapp.com\/L6nOhu4HYjD0tZD20JVO43<\/a><\/p>\n<p><a href=\"https:\/\/quasarcomunicacion.com.ar\/web\/wp-content\/uploads\/2025\/11\/ia.gif\"><img class=\"aligncenter\" src=\"https:\/\/quasarcomunicacion.com.ar\/web\/wp-content\/uploads\/2025\/11\/ia.gif\" \/><\/a><\/p>\n<p><b> SPONSORS COLABORATIVOS 2025<\/b><\/p>\n<p>C\u00c1MARAS Y ORGANISMOS<span style=\"font-weight: 400;\"><br \/>\nASEA (Asociaci\u00f3n de Emprendedores de la Argentina)<br \/>\nC\u00e1mara Argentina de Comercio y Servicios (CAC)<br \/>\nC\u00e1mara de la Mediana y Peque\u00f1a Empresa de Pilar<br \/>\nCEPIP\u00a0 (C\u00e1mara Empresaria del Parque Industrial Pilar)<br \/>\nPrograma Compre Pilar<br \/>\nPrograma Hecho en Pilar<br \/>\nSCIPA (C\u00e1mara de Comercio de Pilar)<br \/>\nSecretar\u00eda de Desarrollo Econ\u00f3mico de Pilar<br \/>\nSubsecretar\u00eda de Econom\u00eda Popular de Pilar<\/span><\/p>\n<p><b> INSTITUCIONES EDUCATIVAS Y DE FORMACI\u00d3N<\/b><span style=\"font-weight: 400;\"><br \/>\nAcademia Identidad Argentina<br \/>\nC\u00e1mara Argentina de Formaci\u00f3n Profesional y Capacitaci\u00f3n Laboral<br \/>\nCECAM (Centro de Educaci\u00f3n y Capacitaci\u00f3n de la Mujer)<br \/>\nCentro de Formaci\u00f3n Integral N\u00b0 1 Rosa Voet<br \/>\nCentro de Formaci\u00f3n Profesional N\u00b0 405 Del Viso<br \/>\nColegio Chesterton<br \/>\nEscuela Especial 504 de Del Viso \u201cNuestro Encuentro\u201d.<br \/>\nOrganizaci\u00f3n Internacional para la Educaci\u00f3n Permanente<br \/>\nPunto Kennedy Pilar<br \/>\nUniversidad Austral<br \/>\nUniversidad Escuela Argentina de Negocios (UEAN)<br \/>\nUniversidad Siglo 21 (Pilar)<br \/>\nUniversidad Tecnol\u00f3gica Nacional (UTN Parque Industrial)<\/span><\/p>\n<p><b> ONG\u00b4S<\/b><span style=\"font-weight: 400;\"><br \/>\nComedor Confiar<br \/>\nChip Empresaria<br \/>\nFundaci\u00f3n Casa Grande<br \/>\nMujeres en Acci\u00f3n<br \/>\nPilares al Mundo<br \/>\nRed de Costureras Solidarias de Pilar<\/span><\/p>\n<p><b> MEDIA PARTNER<\/b><span style=\"font-weight: 400;\"><br \/>\nA la Ma\u00f1ana Tangos. Programa radial<br \/>\nCaf\u00e9 de Ideas FM F\u00e9nix<br \/>\nDiario Resumen de Pilar<br \/>\nEl Magazine de Eva<br \/>\nEl Term\u00f3metro Informativo<br \/>\nFM Jol 106.1<br \/>\nPilar de Todos<br \/>\nPilar Hoy Noticias<br \/>\nRadio X Pilar FM 100.3<br \/>\nUn espacio donde la palabra Transforma con la Marca Personal MK<br \/>\nViews Streaming<br \/>\nVisit Pilar<\/span><\/p>\n<p><b> EMPRESAS Y EMPRENDEDORES<\/b><span style=\"font-weight: 400;\"><br \/>\nAhora Bambu<br \/>\nAlma Bienestar Hol\u00edstico<br \/>\nAlma F\u00e9rtil<br \/>\nAr\u00e1ndano<br \/>\nAroma a Campo by Carina Di Caro \u00ae&#xfe0f;<br \/>\nB&amp;B Consultores de Seguros<br \/>\nBlueeberryart<br \/>\nBoleto Dorado<br \/>\nChispadivina.om<br \/>\nClau Bio<br \/>\nDecoando.ar<br \/>\nElizabeth Farias Consultor\u00eda Laboral<br \/>\nEventos Pilar<br \/>\nFUC FABRICANTES UNIDOS DEL CALZADO<br \/>\nGestor\u00eda Montoya<br \/>\nGrupo Zenkai<br \/>\nJUST de Azurmendi Maria Alejandra<br \/>\nLa pipetua<br \/>\nLibrer\u00eda y Uniformes Marisa<br \/>\nLPG Inmobiliaria de Lorena Gonz\u00e1lez<br \/>\nMKT Marketing Activa<br \/>\nMSG CONSULTING<br \/>\nPuro Bienestar<br \/>\nRHIS Consultor\u00eda en Gesti\u00f3n del Cambio<br \/>\nTerra Software<br \/>\nTiendanube<br \/>\nVG Language Service<br \/>\nVictoria Bread Catering<br \/>\nVilma Cocinera de Mascotas<br \/>\nVym equipamientos<\/span><\/p>\n<p><b> COMUNICA<\/b><span style=\"font-weight: 400;\"><br \/>\nQu\u00e1sar Comunicaci\u00f3n Digital y Prensa<\/span><\/p>\n<p><strong>Acerca de la Semana del Emprendedor Pilarense<\/strong><\/p>\n<p>Cabe recordar que en 2014 por iniciativa de la entidad local PILAR EMPRENDE se aprob\u00f3 la Ordenanza Municipal 504\/14 que instituye la <strong>\u00abSEMANA DEL EMPRENDEDOR PILARENSE\u00bb<\/strong> la tercera semana h\u00e1bil del mes de noviembre, en concordancia con lo asumido por pa\u00edses de todo el mundo desde el 2008 que se celebra la Semana del Emprendimiento Global (GEW), la celebraci\u00f3n m\u00e1s grande del mundo de los innovadores y creadores de empleo que lanzan nuevas empresas que dan vida a las ideas, impulsan el crecimiento econ\u00f3mico y ampl\u00edan el bienestar humano. Durante una semana cada noviembre, GEW inspira a personas de todo el mundo a trav\u00e9s de actividades locales, nacionales y globales dise\u00f1adas para ayudarles a dar el siguiente paso en su viaje empresarial.<\/p>\n<p>Los Temas clave para 2025 tendr\u00e1n un enfoque en las siguientes categor\u00edas:<\/p>\n<p><strong>Inteligencia Artificial (AI) y Automatizaci\u00f3n<\/strong>: explora c\u00f3mo la Inteligencia Artificial y la automatizaci\u00f3n est\u00e1n transformando negocios y startups.<br \/>\n<strong>Redes Sociales e Influencers: <\/strong>monetizaci\u00f3n, construcci\u00f3n de marca personal y estrategias en redes sociales.<br \/>\n<strong>Gaming y Entretenimiento Digital: <\/strong>crea, conecta y monetiza en el mundo de los videojuegos, el streaming y los esports.<strong><br \/>\nFintech y Aseguradoras:<\/strong> conoc\u00e9 lo \u00faltimo en pagos digitales, banca inteligente y tecnolog\u00eda para seguros.<br \/>\n<strong>Educaci\u00f3n (EdTech):<\/strong> descubre c\u00f3mo la tecnolog\u00eda est\u00e1 revolucionando la educaci\u00f3n con nuevas metodolog\u00edas y plataformas.<br \/>\n<strong>Marketplaces y E-commerce:<\/strong> estrategias pr\u00e1cticas para escalar negocios locales a trav\u00e9s del comercio electr\u00f3nico y plataformas digitales.<br \/>\n<strong>Regulaciones y Gobierno:<\/strong> aprende sobre leyes, normativas fiscales y el marco ideal para formalizar y expandir tu startup<br \/>\n<strong>Computaci\u00f3n Cu\u00e1ntica y Big Data:<\/strong> tendencias en seguridad digital, an\u00e1lisis de datos y tecnolog\u00eda de vanguardia.<\/p>\n<p><em> \u00abDurante estos d\u00edas se busca trabajar colaborativamente con el objetivo de conectar a los emprendedores con posibles colaboradores, socios, me<\/em><em>ntores e incluso inversores o acercarles posibilidades de financiamiento, present\u00e1ndoles nuevas oportunidades de crecimiento\u00bb, <\/em>anticipa la Lic. Mar\u00eda Fernanda Ipata, coordinadora de <strong>Pilar Emprende<\/strong>.<\/p>\n<p>Del 17 al 24 de noviembre, el mundo celebrar\u00e1 la<strong> Semana Global del Emprendimiento<\/strong> (GEW), un evento que se realiza de manera simult\u00e1nea en m\u00e1s de 200 pa\u00edses, 10 millones de personas participan de m\u00e1s de 40.000 eventos.<\/p>\n<p>Un a\u00f1o m\u00e1s Pilar se suma con la<strong> SEMANA DEL EMPRENDEDOR PILARENSE<\/strong>.<br \/>\nSe trata de un movimiento global que involucra a emprendedores, inversores, responsables de pol\u00edticas, investigadores, organizaciones de apoyo y otros que colaboran para promover el crecimiento econ\u00f3mico y la innovaci\u00f3n en m\u00e1s de 200 pa\u00edses de todo el mundo.<\/p>\n<p><strong>Pilar Emprende <\/strong>es miembro de este movimiento <a href=\"https:\/\/www.genglobal.org\/org\/pilar-emprende\"> https:\/\/www.genglobal.org\/org\/pilar-emprende<\/a><\/p>\n<p>Adem\u00e1s, convocan a la comunidad toda a que sumen una actividad de inter\u00e9s para emprendedores. La misma deber\u00e1 realizarse del 17 al 24 de noviembre de manera presencial o virtual y formar\u00e1 parte de la agenda general que puede verse en <a href=\"https:\/\/pilaremprende.com.ar\/sep2025\/\"> https:\/\/pilaremprende.com.ar\/sep2025\/<\/a> Los interesados podr\u00e1n sumar su actividad aqu\u00ed <a href=\"https:\/\/forms.gle\/UojPoW43SniK9Xhz8\"> https:\/\/forms.gle\/UojPoW43SniK9Xhz8<\/a><\/p>\n<p>Por otro lado, los organizadores crearon un grupo de difusi\u00f3n en Whatsapp para que los emprendedores no se pierdan de nada. Pueden sumarse aqu\u00ed <a href=\"https:\/\/chat.whatsapp.com\/L6nOhu4HYjD0tZD20JVO43\"> https:\/\/chat.whatsapp.com\/L6nOhu4HYjD0tZD20JVO43<\/a>\u00a0 o escribir al +54 9 11 6742 7635<\/p>\n<p><strong> Acerca de <\/strong><strong> Pilar Emprende<\/strong><\/p>\n<p><strong> Conoc\u00e9 m\u00e1s en <a href=\"https:\/\/linktr.ee\/pilaremprende\"> https:\/\/linktr.ee\/pilaremprende<\/a> <\/strong><\/p>\n<p><strong>Pilar Emprende<\/strong> es un espacio independiente que busca otorgarle valor a los proyectos de emprendedores de la zona, acompa\u00f1arlos en su puesta en marcha y disfrutar en equipo de los objetivos cumplidos<\/p>\n<p>Para cumplir con su misi\u00f3n, brindan herramientas, espacios de networking, capacitaciones, tips, noticias, consultor\u00eda y todo lo que necesita el emprendedor para crecer y conformar un s\u00f3lido ecosistema emprendedor.<\/p>\n<p><strong> Pilar Emprende<\/strong> es un espacio pensado por emprendedores para los emprendedores de Pilar que brindan oportunidades para crecer con su proyecto<\/p>\n<p>Se trata de un espacio compuesto por profesionales voluntarios, emprendedores, que tiende a la participaci\u00f3n de todos los emprendedores y cuya acci\u00f3n se materializa en diversos eventos como ferias, encuentros, capacitaciones, consultor\u00edas, espacios de networking, entre otros.<\/p>\n<p>La raz\u00f3n de ser, la misi\u00f3n, es proporcionar al sector Emprendedor herramientas y conocimientos que le permitan desarrollar su propio emprendimiento e incorporar competencias que deriven en su mejora continua.<\/p>\n<p>Desde la instituci\u00f3n buscan fomentar el autoempleo y la sustentabilidad de los proyectos contribuyendo a la generaci\u00f3n de valor econ\u00f3mico en la sociedad a trav\u00e9s de la creaci\u00f3n y sostenimiento de un ecosistema emprendedor. Aspiran a ser un canal de comunicaci\u00f3n entre los emprendedores y entre las instituciones y organismos dedicados a ellos<\/p>\n<p>Tambi\u00e9n cuentan con un grupo de consultores independientes que acercan su saber a los emprendedores, gener\u00e1ndose una comunidad donde la informaci\u00f3n se comparte de forma exponencial y viral<\/p>\n<p><strong><em> Por otras im\u00e1genes, audios o entrevistas no dude en contactarse<\/em><\/strong><\/p>\n<p><strong><em> Contactos de Prensa<\/em><\/strong><\/p>\n<table width=\"100%\">\n<tbody>\n<tr>\n<td width=\"50%\"><strong> Candela Villanueva &#8211; Asistente de Cuentas<\/strong><\/p>\n<p><b> Directo<\/b><strong>: <\/strong> 0230-4664772<br \/>\n<b> Skype:<\/b> quasarcomunicacion<br \/>\n<b> Instagram<\/b>: @quasarcomunicacion<br \/>\n<b> Twitter:<\/b> @quasarpilar<br \/>\n<b> Gr<\/b><b>upo y p\u00e1gina en Facebook: <\/b> www.facebook.com\/<a href=\"mailto:mfipata@gmail.com\">Quasar<\/a>Comunicacion<br \/>\n<b> Web:<\/b> <a href=\"http:\/\/www.quasarcomunicacion.com.ar\"> www.quasarcomunicacion.com.ar<\/a><\/p>\n<p><b> Mail<\/b><strong>:<\/strong> <a href=\"mailto:fernanda@quasarcomunicacion.com.ar\"> candela<\/a><a href=\"mailto:fernanda@quasarcomunicacion.com.ar\">@quasarcomunicacion.com.ar<\/a><\/td>\n<td width=\"50%\"><strong> Lic. Mar\u00eda Fernanda Ipata &#8211; Directora<br \/>\n<\/strong> <b><br \/>\n<\/b> <b> M\u00f3vil:<\/b> 0230-15-4584535<br \/>\n<b> Whatsapp<\/b><b>:<\/b><a href=\"https:\/\/bit.ly\/2J4cUvm\"> 11 5312 6795<\/a><br \/>\n<a href=\"https:\/\/bit.ly\/2Sn1zLP\"> Enviar whatsapp aqu\u00ed<\/a><br \/>\n<b> Skype:<\/b> quasarcomunicacion<br \/>\n<b> LinkedIn<\/b><strong>:\u00a0 <\/strong> <strong> <a href=\"http:\/\/www.linkedin.com\/in\/mfipata\"> http:\/\/www.linkedin.com\/in\/mfipata<\/a><\/strong><br \/>\n<a href=\"https:\/\/www.linkedin.com\/company\/quasarcomunicacion\"> https:\/\/www.linkedin.com\/company\/quasarcomunicacion<\/a><br \/>\n<b> Instagram y Facebook:<\/b> @quasarcomunicacion <b><br \/>\nWeb:<\/b> <a href=\"http:\/\/www.quasarcomunicacion.com.ar\"> www.quasarcomunicacion.com.ar<\/a><br \/>\n<b> Mail<\/b><strong>:<\/strong><a href=\"mailto:fernanda@quasarcomunicacion.com.ar\"> fernanda@quasarcomunicacion.com.ar<\/a><br \/>\n<b> Telegram: https:\/\/t.me\/QuasarComunicacion<\/b><br \/>\n<b> Canal de Telegram para acceder a comunicados:<\/b> https:\/\/t.me\/comunicadosQC<\/td>\n<\/tr>\n<\/tbody>\n<\/table>\n","protected":false},"excerpt":{"rendered":"<p>Unos 80 emprendedores participaron de la Ronda de Networking y Expo de Empresas y Emprendedores que se dio en el [&hellip;]<\/p>\n","protected":false},"author":2,"featured_media":13160,"comment_status":"closed","ping_status":"closed","sticky":false,"template":"","format":"standard","meta":[],"categories":[1],"tags":[],"_links":{"self":[{"href":"https:\/\/quasarcomunicacion.com.ar\/web\/wp-json\/wp\/v2\/posts\/13153"}],"collection":[{"href":"https:\/\/quasarcomunicacion.com.ar\/web\/wp-json\/wp\/v2\/posts"}],"about":[{"href":"https:\/\/quasarcomunicacion.com.ar\/web\/wp-json\/wp\/v2\/types\/post"}],"author":[{"embeddable":true,"href":"https:\/\/quasarcomunicacion.com.ar\/web\/wp-json\/wp\/v2\/users\/2"}],"replies":[{"embeddable":true,"href":"https:\/\/quasarcomunicacion.com.ar\/web\/wp-json\/wp\/v2\/comments?post=13153"}],"version-history":[{"count":3,"href":"https:\/\/quasarcomunicacion.com.ar\/web\/wp-json\/wp\/v2\/posts\/13153\/revisions"}],"predecessor-version":[{"id":13164,"href":"https:\/\/quasarcomunicacion.com.ar\/web\/wp-json\/wp\/v2\/posts\/13153\/revisions\/13164"}],"wp:featuredmedia":[{"embeddable":true,"href":"https:\/\/quasarcomunicacion.com.ar\/web\/wp-json\/wp\/v2\/media\/13160"}],"wp:attachment":[{"href":"https:\/\/quasarcomunicacion.com.ar\/web\/wp-json\/wp\/v2\/media?parent=13153"}],"wp:term":[{"taxonomy":"category","embeddable":true,"href":"https:\/\/quasarcomunicacion.com.ar\/web\/wp-json\/wp\/v2\/categories?post=13153"},{"taxonomy":"post_tag","embeddable":true,"href":"https:\/\/quasarcomunicacion.com.ar\/web\/wp-json\/wp\/v2\/tags?post=13153"}],"curies":[{"name":"wp","href":"https:\/\/api.w.org\/{rel}","templated":true}]}}