{"id":13128,"date":"2025-10-21T15:56:57","date_gmt":"2025-10-21T15:56:57","guid":{"rendered":"https:\/\/quasarcomunicacion.com.ar\/web\/?p=13128"},"modified":"2025-10-21T16:58:54","modified_gmt":"2025-10-21T16:58:54","slug":"se-realiza-la-expo-arte-y-expo-fotografia-del-polo-educativo-pilar-en-paseo-champagnat-2","status":"publish","type":"post","link":"https:\/\/quasarcomunicacion.com.ar\/web\/se-realiza-la-expo-arte-y-expo-fotografia-del-polo-educativo-pilar-en-paseo-champagnat-2\/","title":{"rendered":"Se realiza la Expo Arte y Expo Fotograf\u00eda del Polo Educativo Pilar en Paseo Champagnat"},"content":{"rendered":"<p>Hasta el 10 de noviembre podr\u00e1 visitarse una nueva edici\u00f3n de la <strong>Expo Arte y Expo Fotograf\u00eda<\/strong>\u00a0en Paseo Champagnat\u00a0(Ramal Pilar Km Ramal Pilar Km. 54,5, Pilar). La iniciativa organizada por el <strong>Polo Educativo<\/strong>\u00a0es con entrada libre y gratuita. Las obras est\u00e1n exhibidas en los pasillos del paseo comercial y puede visitarse en horario del centro comercial (de 10 a 21 hs)<!--more--><\/p>\n<p>En esta oportunidad se exhiben obras de alumnos de los siguientes colegios:\u00a0 Apdes Pilar (Los Candiles &#8211; Los Caminos), Bede&#8217;s Grammar School, Brick Towers College, Colegio Arrayanes, Colegio del Pilar, Colegio Norbridge, Dailan School &amp; Sports, Godspell College, Los Robles, Lucero Norte, Noth Hills, Northern International School, Northfield School (Sedes: Nordelta y Puertos), Saint Mary of the Hills School, SGS &#8211; Loma Verde Bilingual School y St. Matthews College North.<\/p>\n<p><a href=\"https:\/\/quasarcomunicacion.com.ar\/web\/wp-content\/uploads\/2025\/10\/expoarte.gif\"><img class=\"aligncenter\" src=\"https:\/\/quasarcomunicacion.com.ar\/web\/wp-content\/uploads\/2025\/10\/expoarte.gif\" \/><\/a><\/p>\n<p>Como cada a\u00f1o, la<strong> Expo Arte y Expo Fotograf\u00eda<\/strong>, es una muestra anual organizada por el Polo Educativo, es un evento que re\u00fane a las principales instituciones educativas de la zona en una celebraci\u00f3n del talento y la creatividad de los estudiantes. El p\u00fablico podr\u00e1 disfrutar de una variedad de disciplinas art\u00edsticas, todo en un ambiente accesible y abierto a la comunidad.<\/p>\n<p>Muchos de los colegios participantes preparan sus obras a lo largo de todo el a\u00f1o exclusivamente para ser presentadas en esta exposici\u00f3n, mientras que otros eligen los mejores trabajos realizados por sus alumnos para exhibirlos en el evento.<\/p>\n<p><a href=\"https:\/\/quasarcomunicacion.com.ar\/web\/wp-content\/uploads\/2025\/10\/expoarte1.gif\"><img class=\"aligncenter\" src=\"https:\/\/quasarcomunicacion.com.ar\/web\/wp-content\/uploads\/2025\/10\/expoarte1.gif\" \/><\/a><\/p>\n<p>Podr\u00e1n verse las m\u00e1s variadas t\u00e9cnicas en cada uno de los atriles exhibidos en la planta baja y primer piso del centro comercial.<\/p>\n<p>De esta manera, con variadas t\u00e9cnicas, los alumnos participantes muestran a la comunidad sus dotes art\u00edsticas, que con anterioridad hab\u00edan mostrado previamente exhibieron de manera virtual en la Exposici\u00f3n que el <strong>Polo Educativo<\/strong> realiza por sus redes sociales.<\/p>\n<p>El objetivo de la entidad es que los vecinos que est\u00e9n caminando por Paseo Champagnat se deleiten con obras de alumnos de los colegios de la zona.<\/p>\n<p>Segu\u00ed las redes del <strong>Polo Educativo <\/strong>y acced\u00e9 a las v\u00edas de contacto aqu\u00ed <a href=\"https:\/\/linktr.ee\/poloeducativopilar\"> https:\/\/linktr.ee\/poloeducativopilar<\/a><\/p>\n<p><strong><em>Por otras im\u00e1genes, audios o entrevistas no dude en contactarse entrevistas no dude en contactarse<\/em><\/strong><\/p>\n<table width=\"100%\">\n<tbody>\n<tr>\n<td width=\"50%\"><strong> Candela Villanueva &#8211; Ejecutiva de Cuentas<\/strong><\/p>\n<p><b> Directo<\/b><strong>: <\/strong> 0230-4664772<br \/>\n<b> Skype:<\/b> quasarcomunicacion<br \/>\n<b> Instagram<\/b>: @quasarcomunicacion<br \/>\n<b> Twitter:<\/b> @quasarpilar<br \/>\n<b> Gr<\/b><b>upo y p\u00e1gina en Facebook: <\/b> www.facebook.com\/<a href=\"mailto:mfipata@gmail.com\">Quasar<\/a>Comunicacion<br \/>\n<b> Web:<\/b> <a href=\"http:\/\/www.quasarcomunicacion.com.ar\"> www.quasarcomunicacion.com.ar<\/a><\/p>\n<p><b> Mail<\/b><strong>:<\/strong> <a href=\"mailto:fernanda@quasarcomunicacion.com.ar\"> candela<\/a><a href=\"mailto:fernanda@quasarcomunicacion.com.ar\">@quasarcomunicacion.com.ar<\/a><\/td>\n<td width=\"50%\"><strong> Lic. Mar\u00eda Fernanda Ipata &#8211; Directora<br \/>\n<\/strong> <b><br \/>\n<\/b> <b> M\u00f3vil:<\/b> 0230-15-4584535<br \/>\n<b> Whatsapp<\/b><b>:<\/b><a href=\"https:\/\/bit.ly\/2J4cUvm\"> 11 5312 6795<\/a><br \/>\n<a href=\"https:\/\/bit.ly\/2Sn1zLP\"> Enviar whatsapp aqu\u00ed<\/a><br \/>\n<b> Skype:<\/b> quasarcomunicacion<br \/>\n<b> LinkedIn<\/b><strong>:\u00a0 <\/strong> <strong> <a href=\"http:\/\/www.linkedin.com\/in\/mfipata\"> http:\/\/www.linkedin.com\/in\/mfipata<\/a><\/strong><br \/>\n<a href=\"https:\/\/www.linkedin.com\/company\/quasarcomunicacion\"> https:\/\/www.linkedin.com\/company\/quasarcomunicacion<\/a><br \/>\n<b> Instagram y Facebook:<\/b> @quasarcomunicacion <b><br \/>\nWeb:<\/b> <a href=\"http:\/\/www.quasarcomunicacion.com.ar\"> www.quasarcomunicacion.com.ar<\/a><br \/>\n<b> Mail<\/b><strong>:<\/strong><a href=\"mailto:fernanda@quasarcomunicacion.com.ar\"> fernanda@quasarcomunicacion.com.ar<\/a><br \/>\n<b> Canal de Telegram para acceder a comunicados:<\/b> https:\/\/t.me\/comunicadosQC<br \/>\n<b>Telegram: <\/b> <b> https:\/\/t.me\/quasarcomunicacion<\/b><\/td>\n<\/tr>\n<\/tbody>\n<\/table>\n<p><strong> Acerca del Polo Educativo Pilar<\/strong><\/p>\n<p>El\u00a0<strong>Polo Educativo Pilar\u00a0<\/strong>es una asociaci\u00f3n civil sin fines de lucro que fue fundada en el a\u00f1o 2002, que re\u00fane a instituciones educativas tanto p\u00fablicas como privadas y tiene como objetivo principal el promover y desarrollar la educaci\u00f3n, p\u00fablica y privada, en todo el distrito.<\/p>\n<p>La asociaci\u00f3n nace a partir de 1999 cuando los directivos de los j\u00f3venes colegios privados de Pilar, junto con los que llevaban m\u00e1s a\u00f1os en la ciudad, comienzan a reunirse para considerar sus problem\u00e1ticas comunes. Este hecho, in\u00e9dito en la educaci\u00f3n privada en la Argentina, alcanza un alto grado de sinergia cuando los Colegios deciden trazar un plan para convertir al Partido de Pilar en una localidad que sea conocida por su alto nivel educativo, tanto en las instituciones privadas como en las p\u00fablicas. Con esa idea, un grupo original de 14 Colegios de distintos niveles, funda el\u00a0<strong>Polo Educativo Pilar<\/strong>.<\/p>\n<p>Cabe destacar que entidad obtuvo su personer\u00eda jur\u00eddica en diciembre de 2004 bajo el Nro. 7000\/04 expedido por la Inspecci\u00f3n de Persona jur\u00eddica de la Provincia de Buenos Aires. En el a\u00f1o 2003 es declarada entidad de Bien P\u00fablico por el Municipio de Pilar por Decreto Municipal Nro. 6679\/2003.<\/p>\n","protected":false},"excerpt":{"rendered":"<p>Hasta el 10 de noviembre podr\u00e1 visitarse una nueva edici\u00f3n de la Expo Arte y Expo Fotograf\u00eda\u00a0en Paseo Champagnat\u00a0(Ramal Pilar [&hellip;]<\/p>\n","protected":false},"author":2,"featured_media":13126,"comment_status":"closed","ping_status":"closed","sticky":false,"template":"","format":"standard","meta":[],"categories":[2],"tags":[],"_links":{"self":[{"href":"https:\/\/quasarcomunicacion.com.ar\/web\/wp-json\/wp\/v2\/posts\/13128"}],"collection":[{"href":"https:\/\/quasarcomunicacion.com.ar\/web\/wp-json\/wp\/v2\/posts"}],"about":[{"href":"https:\/\/quasarcomunicacion.com.ar\/web\/wp-json\/wp\/v2\/types\/post"}],"author":[{"embeddable":true,"href":"https:\/\/quasarcomunicacion.com.ar\/web\/wp-json\/wp\/v2\/users\/2"}],"replies":[{"embeddable":true,"href":"https:\/\/quasarcomunicacion.com.ar\/web\/wp-json\/wp\/v2\/comments?post=13128"}],"version-history":[{"count":2,"href":"https:\/\/quasarcomunicacion.com.ar\/web\/wp-json\/wp\/v2\/posts\/13128\/revisions"}],"predecessor-version":[{"id":13130,"href":"https:\/\/quasarcomunicacion.com.ar\/web\/wp-json\/wp\/v2\/posts\/13128\/revisions\/13130"}],"wp:featuredmedia":[{"embeddable":true,"href":"https:\/\/quasarcomunicacion.com.ar\/web\/wp-json\/wp\/v2\/media\/13126"}],"wp:attachment":[{"href":"https:\/\/quasarcomunicacion.com.ar\/web\/wp-json\/wp\/v2\/media?parent=13128"}],"wp:term":[{"taxonomy":"category","embeddable":true,"href":"https:\/\/quasarcomunicacion.com.ar\/web\/wp-json\/wp\/v2\/categories?post=13128"},{"taxonomy":"post_tag","embeddable":true,"href":"https:\/\/quasarcomunicacion.com.ar\/web\/wp-json\/wp\/v2\/tags?post=13128"}],"curies":[{"name":"wp","href":"https:\/\/api.w.org\/{rel}","templated":true}]}}