{"id":13121,"date":"2025-10-15T15:12:32","date_gmt":"2025-10-15T15:12:32","guid":{"rendered":"https:\/\/quasarcomunicacion.com.ar\/web\/?p=13121"},"modified":"2025-10-15T15:12:32","modified_gmt":"2025-10-15T15:12:32","slug":"el-polo-educativo-pilar-lanza-el-concurso-al-educador-del-ano-2025","status":"publish","type":"post","link":"https:\/\/quasarcomunicacion.com.ar\/web\/el-polo-educativo-pilar-lanza-el-concurso-al-educador-del-ano-2025\/","title":{"rendered":"El Polo Educativo Pilar lanza el Concurso al Educador del A\u00f1o 2025"},"content":{"rendered":"<p>El<strong> Polo Educativo Pilar <\/strong>abri\u00f3 la inscripci\u00f3n a una nueva edici\u00f3n del <strong>\u201cConcurso al Educador del A\u00f1o\u201d.<\/strong> Los interesados podr\u00e1n inscribirse\u00a0 hasta el <strong><em> 20 de octubre<\/em><\/strong>, momento en que vence el plazo para la recepci\u00f3n de datos de los docentes participantes. M\u00e1s informaci\u00f3n: <a href=\"http:\/\/tiny.cc\/tbtt001\"> http:\/\/tiny.cc\/tbtt001<\/a>\u00a0 <a href=\"https:\/\/app.santanderopenacademy.com\/es\/program\/concurso-educador-del-ano-2025-polo-educativo-pilar-pep?utm_source=mail&amp;utm_medium=social_share&amp;utm_campaign=share_button_preview\"> <strong>Inscribite Aqu\u00ed:<\/strong><\/a> <a href=\"https:\/\/bit.ly\/3WIz0HW\"> https:\/\/bit.ly\/3WIz0HW<\/a> Consultas <a href=\"mailto:info@poloeducativopilar.org.ar\"> info@poloeducativopilar.org.ar<\/a><!--more--><\/p>\n<p>Podr\u00e1n postularse docentes y educadores en actividad, de todos los niveles (Inicial, Primario y Secundario) pertenecientes a Escuelas de gesti\u00f3n estatal de la Regi\u00f3n 11 y 6; y Colegios integrantes del <strong>Polo Educativo Pilar<\/strong>.<\/p>\n<p><a href=\"https:\/\/quasarcomunicacion.com.ar\/web\/wp-content\/uploads\/2025\/02\/educador1.gif\"><img class=\"aligncenter\" src=\"https:\/\/quasarcomunicacion.com.ar\/web\/wp-content\/uploads\/2025\/02\/educador1.gif\" \/><\/a><\/p>\n<p>Se busca que sean profesionales curiosos, creativos, apasionados, que priorizan el aprendizaje y buscan estrategias para lograr lo mejor de todos sus alumnos. Podr\u00e1n postularse tambi\u00e9n quienes hayan participado en concursos<br \/>\nanteriores a excepci\u00f3n de los que hayan obtenido el Primer Premio.<\/p>\n<p>Los docentes de escuelas de gesti\u00f3n estatal de la Regi\u00f3n 11 y la Regi\u00f3n 6<br \/>\npodr\u00e1n inscribirse en forma personal, sin necesidad de una presentaci\u00f3n<br \/>\ninstitucional de la escuela a la que pertenecen. Los docentes de los colegios pertenecientes al Polo Educativo Pilar podr\u00e1n inscribirse en forma personal, previa validaci\u00f3n por parte de su Colegio que definir\u00e1 internamente la presentaci\u00f3n del docente como candidato. Cada colegio podr\u00e1 presentar hasta 3 candidatos, pueden ser<br \/>\nduplas.<\/p>\n<p>Este a\u00f1o el Concurso cuenta con el apoyo de <strong> Universidad Austral, Universidad del Salvador (USAL), Universidad de Ciencias Empresariales y Sociales (UCES) y Banco Santander. <\/strong><\/p>\n<p>El Concurso tiene como objetivo reconocer al docente que deje huella en sus alumnos; destacar y reconocer las buenas pr\u00e1cticas docentes, honrar la profesi\u00f3n docente, compartir experiencias enriquecedoras con otros pares y contribuir al enriquecimiento de la Educaci\u00f3n.<br \/>\nEl Concurso convoca a los docentes a compartir un Proyecto realizado en el aula que haya generado impacto en los alumnos.<\/p>\n<p>El proyecto debe evidenciar los siguientes aspectos:<br \/>\n\u25cf Pensamiento cr\u00edtico<br \/>\n\u25cf Iniciativa<br \/>\n\u25cf Curiosidad<br \/>\n\u25cf Resoluci\u00f3n de problemas<br \/>\n\u25cf Colaboraci\u00f3n<br \/>\nEl proyecto presentado debe mostrar el desarrollo, evoluci\u00f3n y logros de los estudiantes en su proceso de aprendizaje con evidencias reales y concretas.<br \/>\nEl ganador ser\u00e1 proclamado en un Acto de reconocimiento al Educador del A\u00f1o que realizar\u00e1 el Polo Educativo Pilar en el mes de febrero de 2026.<\/p>\n<p><strong>Los reconocimientos ser\u00e1n:<\/strong><br \/>\nMejor trabajo (1\u00b0 reconocimiento)<br \/>\nCapacitaci\u00f3n en el exterior otorgada por el Polo Educativo Pilar con el<br \/>\napoyo del Banco Santander.<br \/>\nBeca del 50% para un curso de Postgrado en la Universidad del Salvador.<br \/>\nBeca del 50% para la carrera de Licenciatura en Organizaci\u00f3n y Gesti\u00f3n<br \/>\nEducativa en la Universidad Austral.<br \/>\nBeca del 50% para un curso de Postgrado en la Universidad de Ciencias<br \/>\nEmpresariales y Sociales (UCES).<\/p>\n<p><strong>Trabajos Distinguidos (2\u00b0 y 3\u00b0 reconocimiento)<\/strong><br \/>\nBeca del 20% para un curso de Postgrado en la Universidad del Salvador.<br \/>\nBeca del 20% para la carrera de Licenciatura en Organizaci\u00f3n y Gesti\u00f3n<br \/>\nEducativa en la Universidad Austral.<br \/>\nBeca del 20% para un curso de Postgrado en la Universidad de Ciencias<br \/>\nEmpresariales y Sociales (UCES).<\/p>\n<p><strong>Finalistas<\/strong><br \/>\nDiploma de Honor.<\/p>\n<p><strong><em>Por otras im\u00e1genes, audios o entrevistas no dude en contactarse entrevistas no dude en contactarse<\/em><\/strong><\/p>\n<table width=\"100%\">\n<tbody>\n<tr>\n<td width=\"50%\"><strong> Candela Villanueva &#8211; Ejecutiva de Cuentas<\/p>\n<p><\/strong> <b> Directo<\/b><strong>: <\/strong> 0230-4664772<br \/>\n<b> Skype:<\/b> quasarcomunicacion<br \/>\n<b> Instagram<\/b>: @quasarcomunicacion<br \/>\n<b> Twitter:<\/b> @quasarpilar<br \/>\n<b> Gr<\/b><b>upo y p\u00e1gina en Facebook: <\/b> www.facebook.com\/<a href=\"mailto:mfipata@gmail.com\">Quasar<\/a>Comunicacion<br \/>\n<b> Web:<\/b> <a href=\"http:\/\/www.quasarcomunicacion.com.ar\"> www.quasarcomunicacion.com.ar<\/a><\/p>\n<p><b> Mail<\/b><strong>:<\/strong> <a href=\"mailto:fernanda@quasarcomunicacion.com.ar\"> candela<\/a><a href=\"mailto:fernanda@quasarcomunicacion.com.ar\">@quasarcomunicacion.com.ar<\/a><\/td>\n<td width=\"50%\"><strong> Lic. Mar\u00eda Fernanda Ipata &#8211; Directora<br \/>\n<\/strong> <b><br \/>\n<\/b> <b> M\u00f3vil:<\/b> 0230-15-4584535<br \/>\n<b> Whatsapp<\/b><b>:<\/b><a href=\"https:\/\/bit.ly\/2J4cUvm\"> 11 5312 6795<\/a><br \/>\n<a href=\"https:\/\/bit.ly\/2Sn1zLP\"> Enviar whatsapp aqu\u00ed<\/a><br \/>\n<b> Skype:<\/b> quasarcomunicacion<br \/>\n<b> LinkedIn<\/b><strong>:\u00a0 <\/strong> <strong> <a href=\"http:\/\/www.linkedin.com\/in\/mfipata\"> http:\/\/www.linkedin.com\/in\/mfipata<\/a><\/strong><br \/>\n<a href=\"https:\/\/www.linkedin.com\/company\/quasarcomunicacion\"> https:\/\/www.linkedin.com\/company\/quasarcomunicacion<\/a><br \/>\n<b> Instagram y Facebook:<\/b> @quasarcomunicacion <b><br \/>\nWeb:<\/b> <a href=\"http:\/\/www.quasarcomunicacion.com.ar\"> www.quasarcomunicacion.com.ar<\/a><br \/>\n<b> Mail<\/b><strong>:<\/strong><a href=\"mailto:fernanda@quasarcomunicacion.com.ar\"> fernanda@quasarcomunicacion.com.ar<\/a><br \/>\n<b> Canal de Telegram para acceder a comunicados:<\/b> <a href=\"https:\/\/t.me\/comunicadosQC\"> https:\/\/t.me\/comunicadosQC<\/a><br \/>\n<a href=\"https:\/\/t.me\/quasarcomunicacion\"> <b>Telegram: <\/b> <b> https:\/\/t.me\/quasarcomunicacion<\/b><\/a><\/td>\n<\/tr>\n<\/tbody>\n<\/table>\n<p><strong>Acerca del Polo Educativo Pilar<\/strong><\/p>\n<p>El\u00a0<strong>Polo Educativo Pilar\u00a0<\/strong>es una asociaci\u00f3n civil sin fines de lucro que fue fundada en el a\u00f1o 2002, que re\u00fane a instituciones educativas tanto p\u00fablicas como privadas y tiene como objetivo principal el promover y desarrollar la educaci\u00f3n, p\u00fablica y privada, en todo el distrito.<\/p>\n<p>La asociaci\u00f3n nace a partir de 1999 cuando los directivos de los j\u00f3venes colegios privados de Pilar, junto con los que llevaban m\u00e1s a\u00f1os en la ciudad, comienzan a reunirse para considerar sus problem\u00e1ticas comunes. Este hecho, in\u00e9dito en la educaci\u00f3n privada en la Argentina, alcanza un alto grado de sinergia cuando los Colegios deciden trazar un plan para convertir al Partido de Pilar en una localidad que sea conocida por su alto nivel educativo, tanto en las instituciones privadas como en las p\u00fablicas. Con esa idea, un grupo original de 14 Colegios de distintos niveles, funda el\u00a0<strong>Polo Educativo Pilar<\/strong>.<\/p>\n<p>Cabe destacar que entidad obtuvo su personer\u00eda jur\u00eddica en diciembre de 2004 bajo el Nro. 7000\/04 expedido por la Inspecci\u00f3n de Persona jur\u00eddica de la Provincia de Buenos Aires. En el a\u00f1o 2003 es declarada entidad de Bien P\u00fablico por el Municipio de Pilar por Decreto Municipal Nro. 6679\/2003.<\/p>\n","protected":false},"excerpt":{"rendered":"<p>El Polo Educativo Pilar abri\u00f3 la inscripci\u00f3n a una nueva edici\u00f3n del \u201cConcurso al Educador del A\u00f1o\u201d. Los interesados podr\u00e1n [&hellip;]<\/p>\n","protected":false},"author":2,"featured_media":12910,"comment_status":"closed","ping_status":"closed","sticky":false,"template":"","format":"standard","meta":[],"categories":[2],"tags":[],"_links":{"self":[{"href":"https:\/\/quasarcomunicacion.com.ar\/web\/wp-json\/wp\/v2\/posts\/13121"}],"collection":[{"href":"https:\/\/quasarcomunicacion.com.ar\/web\/wp-json\/wp\/v2\/posts"}],"about":[{"href":"https:\/\/quasarcomunicacion.com.ar\/web\/wp-json\/wp\/v2\/types\/post"}],"author":[{"embeddable":true,"href":"https:\/\/quasarcomunicacion.com.ar\/web\/wp-json\/wp\/v2\/users\/2"}],"replies":[{"embeddable":true,"href":"https:\/\/quasarcomunicacion.com.ar\/web\/wp-json\/wp\/v2\/comments?post=13121"}],"version-history":[{"count":1,"href":"https:\/\/quasarcomunicacion.com.ar\/web\/wp-json\/wp\/v2\/posts\/13121\/revisions"}],"predecessor-version":[{"id":13122,"href":"https:\/\/quasarcomunicacion.com.ar\/web\/wp-json\/wp\/v2\/posts\/13121\/revisions\/13122"}],"wp:featuredmedia":[{"embeddable":true,"href":"https:\/\/quasarcomunicacion.com.ar\/web\/wp-json\/wp\/v2\/media\/12910"}],"wp:attachment":[{"href":"https:\/\/quasarcomunicacion.com.ar\/web\/wp-json\/wp\/v2\/media?parent=13121"}],"wp:term":[{"taxonomy":"category","embeddable":true,"href":"https:\/\/quasarcomunicacion.com.ar\/web\/wp-json\/wp\/v2\/categories?post=13121"},{"taxonomy":"post_tag","embeddable":true,"href":"https:\/\/quasarcomunicacion.com.ar\/web\/wp-json\/wp\/v2\/tags?post=13121"}],"curies":[{"name":"wp","href":"https:\/\/api.w.org\/{rel}","templated":true}]}}