{"id":13106,"date":"2025-10-09T18:54:17","date_gmt":"2025-10-09T18:54:17","guid":{"rendered":"https:\/\/quasarcomunicacion.com.ar\/web\/?p=13106"},"modified":"2025-10-13T13:50:39","modified_gmt":"2025-10-13T13:50:39","slug":"feria-de-vinos-y-noche-de-museos-en-capilla-del-senor","status":"publish","type":"post","link":"https:\/\/quasarcomunicacion.com.ar\/web\/feria-de-vinos-y-noche-de-museos-en-capilla-del-senor\/","title":{"rendered":"Feria de Vinos y Noche de Museos en Capilla del Se\u00f1or"},"content":{"rendered":"<p>El pr\u00f3ximo 8 de noviembre de 18 a 21 hs, en ocasi\u00f3n de La Noche de los Museos vuelve la <strong>Feria de Vinos <\/strong>a Capilla del Se\u00f1or, una edici\u00f3n especial de la<strong> FabrikHa Wine Experience Outdoor.<\/strong> Adquir\u00ed tu entrada en Passlline o haciendo click aqu\u00ed <a href=\"https:\/\/www.passline.com\/eventos\/feria-de-vinos-y-noche-de-museos\"> https:\/\/www.passline.com\/eventos\/feria-de-vinos-y-noche-de-museos<\/a> M\u00e1s info\u00a0 <a href=\"https:\/\/linktr.ee\/lafabrikha\"> https:\/\/linktr.ee\/lafabrikha<\/a> o por whatsapp al +54 9 11 7112-4775.<!--more--><\/p>\n<p>El lugar elegido al aire libre es la calle Urcelay 584, entre Casco y Estrada, en \u00abEl Mirador\u00bb se dar\u00e1 la segunda Edici\u00f3n de esta exitosa feria de vinos acompa\u00f1ando a La Noche de los Museos con m\u00e1s de 50 etiquetas, m\u00fasica en vivo y muestra de esculturas en hierro de Santiago Asturiano.<\/p>\n<p><a href=\"https:\/\/quasarcomunicacion.com.ar\/web\/wp-content\/uploads\/2025\/10\/capilla24C.gif\"><img class=\"aligncenter\" src=\"https:\/\/quasarcomunicacion.com.ar\/web\/wp-content\/uploads\/2025\/10\/capilla24C.gif\" \/><\/a><\/p>\n<p>\u00abEl Mirador\u00bb es un edificio que data de 1862 y que tiene como origen una historia de amor similar a la de Camila\u00a0 y Ladislao\u00a0 pero con un final feliz que se plasm\u00f3 en la construcci\u00f3n de este edificio.<\/p>\n<p>Tambi\u00e9n estar\u00e1n abiertos todos los edificios del casco hist\u00f3rico de Capilla del Se\u00f1or, ofreciendo la oportunidad de descubrir la rica historia y cultura de este encantador pueblo de la Provincia de Buenos Aires.<\/p>\n<p><span style=\"font-family: Verdana; font-size: small;\">En esta edici\u00f3n, se suman las siguientes bodegas: Calisto, Gloria Galvagno, Agua de Lobos, Pelota de Trapo, Sensei, Finca los Veteranos, Osuna, Bodega Jorge Rubio, Inusitado, Bodega Las Flechas Group, Siete Cuestas, Finca Bandini,\u00a0 Sempiterno, Tonneau, Finca Novelli, El Molle,\u00a0 Aromitos, Preludio, Bubica, Andes Wine, Altas Barrancas, entre otros.<\/span><\/p>\n<p>Adem\u00e1s, degustaci\u00f3n de delicatesen, conservas, panes y dulces.<\/p>\n<p>La m\u00fasica en vivo estar\u00e1 a cargo del saxofonista Nico Glassman @nicoglassman y Martin Strimmer @mstrimmer.<\/p>\n<p>La entrada tiene un valor de Preventa hasta el 13\/0 de $18000 y luego $22000. En puerta el valor ser\u00e1 de\u00a0 $26000.<\/p>\n<p><em>\u00abDisfrutar, conocer y degustar un vino no es s\u00f3lo entender\u00a0de aromas o sabores, si son frutados y especiados, que no solo son texturas o frescuras. Es algo mucho m\u00e1s importante: orgullo.\u00a0Orgullo de mostrar en una copa todo el trabajo, el amor y las caracter\u00edsticas de un terroir\u00bb, <\/em>dice Andrea Gaiad, creadora de <strong>FabrikHa Wine Experience Outdoor.<\/strong><\/p>\n<p><a href=\"https:\/\/quasarcomunicacion.com.ar\/web\/wp-content\/uploads\/2025\/10\/capilla24b.gif\"><img class=\"aligncenter\" src=\"https:\/\/quasarcomunicacion.com.ar\/web\/wp-content\/uploads\/2025\/10\/capilla24b.gif\" \/><\/a><\/p>\n<p><em> \u00abPreservar y apoyar a los productores de vino es defender un arte de vivir, un patrimonio universal vivo y, en definitiva, proteger a una humanidad que lo ha construido y transmitido durante milenios, la comuni\u00f3n del hombre con la naturaleza que lo rodea\u00bb,<\/em> agrega Gaiad.<\/p>\n<p><em> \u00abEl vino une, genera momentos de disfrute, y hablamos de degustaci\u00f3n no de exceso, es algo que ancestralmente al igual que la comida nos une alrededor de una mesa, un fog\u00f3n o de pie para compartir charlas y momentos de vida que llevaremos siempre en el alma\u00bb<\/em>, finaliza.<\/p>\n<p><strong>Para participar adqur\u00ed tu entrada <\/strong><strong>aqu\u00ed <\/strong> <a href=\"https:\/\/www.passline.com\/eventos\/feria-de-vinos-y-noche-de-museos\"> https:\/\/www.passline.com\/eventos\/feria-de-vinos-y-noche-de-museos<\/a><strong>\u00a0 <\/strong><\/p>\n<p>El evento es organizado por Andrea Gaiad, coraz\u00f3n de <strong>La FabriKHa Wine Experience<\/strong>. Gaiad adem\u00e1s es quien tuvo la idea de la Feria Nacional de Vinos Cheers y actualmente est\u00e1 ofreciendo viajes a Uruguay y otras experiencias relacionadas con el mundo del vino.<\/p>\n<p>M\u00e1s info\u00a0 <a href=\"https:\/\/linktr.ee\/lafabrikha\"> https:\/\/linktr.ee\/lafabrikha<\/a> o por whatsapp al +54 9 11 7112-4775<\/p>\n<p>Si sos un fan de los vinos cl\u00e1sicos, si te gustan los vinos boutique, si te gusta descubrir nuevas bodegas, terru\u00f1os y los sabores diferentes de cada provincia Argentina, esta es Tu Feria.<\/p>\n<p>En estos eventos, donde p\u00fablico, vinotecas, bodegas y productores se encuentran, se promueve el trabajo de la industria vitivin\u00edcola de nuestro pa\u00eds, generando as\u00ed respeto y conciencia sobre toda la magia que hay en una copa de vino.<\/p>\n<p>De esta manera se pueden conocer en el mercado vinos de productores que por una cuesti\u00f3n de estructura y marketing a veces no pueden llegar a Buenos Aires.<br \/>\nSe busca que esos productos puedan ser vistos y que la gente pueda degustar esos vinos.<\/p>\n<p>Este tipo de ferias genera movimiento en la econom\u00eda local y apuntan a fomentar el enoturismo que es un \u00e1rea del turismo que viene creciendo en los \u00faltimos a\u00f1os.<\/p>\n<p>M\u00e1s info <a href=\"https:\/\/www.instagram.com\/lafabrikha\/\"> https:\/\/www.instagram.com\/lafabrikha\/<\/a><\/p>\n<p><strong><em>Por otras im\u00e1genes, audios o entrevistas no dude en contactarse<\/em><\/strong><\/p>\n<p><strong><em> Contactos de Prensa<\/em><\/strong><\/p>\n<table width=\"100%\">\n<tbody>\n<tr>\n<td width=\"50%\"><strong> Candela Villanueva &#8211; Asistente de Cuentas<\/strong><\/p>\n<p><b> Directo<\/b><strong>: <\/strong> 0230-4664772<br \/>\n<b> Skype:<\/b> quasarcomunicacion<br \/>\n<b> Instagram<\/b>: @quasarcomunicacion<br \/>\n<b> Twitter:<\/b> @quasarpilar<br \/>\n<b> Gr<\/b><b>upo y p\u00e1gina en Facebook: <\/b> www.facebook.com\/<a href=\"mailto:mfipata@gmail.com\">Quasar<\/a>Comunicacion<br \/>\n<b> Web:<\/b> <a href=\"http:\/\/www.quasarcomunicacion.com.ar\"> www.quasarcomunicacion.com.ar<\/a><\/p>\n<p><b> Mail<\/b><strong>:<\/strong> <a href=\"mailto:fernanda@quasarcomunicacion.com.ar\"> candela<\/a><a href=\"mailto:fernanda@quasarcomunicacion.com.ar\">@quasarcomunicacion.com.ar<\/a><\/td>\n<td width=\"50%\"><strong> Lic. Mar\u00eda Fernanda Ipata &#8211; Directora<br \/>\n<\/strong> <b><br \/>\n<\/b> <b> M\u00f3vil:<\/b> 0230-15-4584535<br \/>\n<b> Whatsapp<\/b><b>:<\/b><a href=\"https:\/\/bit.ly\/2J4cUvm\"> 11 5312 6795<\/a><br \/>\n<a href=\"https:\/\/bit.ly\/2Sn1zLP\"> Enviar whatsapp aqu\u00ed<\/a><br \/>\n<b> Skype:<\/b> quasarcomunicacion<br \/>\n<b> LinkedIn<\/b><strong>:\u00a0 <\/strong> <strong> <a href=\"http:\/\/www.linkedin.com\/in\/mfipata\"> http:\/\/www.linkedin.com\/in\/mfipata<\/a><\/strong><br \/>\n<a href=\"https:\/\/www.linkedin.com\/company\/quasarcomunicacion\"> https:\/\/www.linkedin.com\/company\/quasarcomunicacion<\/a><br \/>\n<b> Instagram y Facebook:<\/b> @quasarcomunicacion <b><br \/>\nWeb:<\/b> <a href=\"http:\/\/www.quasarcomunicacion.com.ar\"> www.quasarcomunicacion.com.ar<\/a><br \/>\n<b> Mail<\/b><strong>:<\/strong><a href=\"mailto:fernanda@quasarcomunicacion.com.ar\"> fernanda@quasarcomunicacion.com.ar<\/a><br \/>\n<b> Canal de Telegram para acceder a comunicados:<\/b> https:\/\/t.me\/comunicadosQC<\/td>\n<\/tr>\n<\/tbody>\n<\/table>\n","protected":false},"excerpt":{"rendered":"<p>El pr\u00f3ximo 8 de noviembre de 18 a 21 hs, en ocasi\u00f3n de La Noche de los Museos vuelve la [&hellip;]<\/p>\n","protected":false},"author":2,"featured_media":13104,"comment_status":"closed","ping_status":"closed","sticky":false,"template":"","format":"standard","meta":[],"categories":[2],"tags":[],"_links":{"self":[{"href":"https:\/\/quasarcomunicacion.com.ar\/web\/wp-json\/wp\/v2\/posts\/13106"}],"collection":[{"href":"https:\/\/quasarcomunicacion.com.ar\/web\/wp-json\/wp\/v2\/posts"}],"about":[{"href":"https:\/\/quasarcomunicacion.com.ar\/web\/wp-json\/wp\/v2\/types\/post"}],"author":[{"embeddable":true,"href":"https:\/\/quasarcomunicacion.com.ar\/web\/wp-json\/wp\/v2\/users\/2"}],"replies":[{"embeddable":true,"href":"https:\/\/quasarcomunicacion.com.ar\/web\/wp-json\/wp\/v2\/comments?post=13106"}],"version-history":[{"count":2,"href":"https:\/\/quasarcomunicacion.com.ar\/web\/wp-json\/wp\/v2\/posts\/13106\/revisions"}],"predecessor-version":[{"id":13108,"href":"https:\/\/quasarcomunicacion.com.ar\/web\/wp-json\/wp\/v2\/posts\/13106\/revisions\/13108"}],"wp:featuredmedia":[{"embeddable":true,"href":"https:\/\/quasarcomunicacion.com.ar\/web\/wp-json\/wp\/v2\/media\/13104"}],"wp:attachment":[{"href":"https:\/\/quasarcomunicacion.com.ar\/web\/wp-json\/wp\/v2\/media?parent=13106"}],"wp:term":[{"taxonomy":"category","embeddable":true,"href":"https:\/\/quasarcomunicacion.com.ar\/web\/wp-json\/wp\/v2\/categories?post=13106"},{"taxonomy":"post_tag","embeddable":true,"href":"https:\/\/quasarcomunicacion.com.ar\/web\/wp-json\/wp\/v2\/tags?post=13106"}],"curies":[{"name":"wp","href":"https:\/\/api.w.org\/{rel}","templated":true}]}}