{"id":13066,"date":"2025-09-04T19:39:03","date_gmt":"2025-09-04T19:39:03","guid":{"rendered":"https:\/\/quasarcomunicacion.com.ar\/web\/?p=13066"},"modified":"2025-09-12T14:38:49","modified_gmt":"2025-09-12T14:38:49","slug":"llega-estilo-art-una-exposicion-de-arte-diferente-multidisciplinaria-y-emocionante","status":"publish","type":"post","link":"https:\/\/quasarcomunicacion.com.ar\/web\/llega-estilo-art-una-exposicion-de-arte-diferente-multidisciplinaria-y-emocionante\/","title":{"rendered":"Llega ESTILO ART: una exposici\u00f3n de arte diferente, multidisciplinaria y emocionante"},"content":{"rendered":"<p>Del 11 al 16 de septiembre de 12 a 19 hs, en La Aldea (Ruta Panamericana Ramal Pilar Km 44), se presenta <strong>ESTILO ART<\/strong>, una muestra que propone una nueva forma de vivir el arte: libre, cercana y sin reglas. Bajo el lema UTOP\u00cdA, esta primera edici\u00f3n invita a imaginar futuros posibles a trav\u00e9s de obras que combinan sensibilidad, tecnolog\u00eda y emoci\u00f3n. ENTRADA LIBRE Y GRATUITA. La iniciativa solidaria es impulsada y organizada por la ONG <strong>Amigos del Pilar.<\/strong><!--more--><\/p>\n<p><strong>ESTILO ART <\/strong>es un espacio pensado para que todos puedan disfrutar del arte actual, sin necesidad de conocimientos previos. La muestra re\u00fane una diversidad de estilos, t\u00e9cnicas y miradas: pintura, arte digital, fotos intervenidas, objetos escult\u00f3ricos, dibujos y m\u00e1s. Cada obra refleja algo \u00fanico de quien la cre\u00f3, y todas juntas componen un relato colectivo sobre c\u00f3mo se ve y se siente el arte hoy.<\/p>\n<p><a href=\"https:\/\/quasarcomunicacion.com.ar\/web\/wp-content\/uploads\/2025\/09\/estiloart.gif\"><img class=\"aligncenter\" src=\"https:\/\/quasarcomunicacion.com.ar\/web\/wp-content\/uploads\/2025\/09\/estiloart.gif\" \/><\/a><\/p>\n<p>En <strong>ESTILO ART<\/strong>, las obras se despliegan como una experiencia multidisciplinaria que invita a transitar distintos mundos, todos conectados por la sensibilidad y la innovaci\u00f3n. Los visitantes podr\u00e1n recorrer espacios curados por reconocidas galer\u00edas donde presentan obras que dialogan entre s\u00ed y marcan su propia impronta art\u00edstica. A pocos pasos, museos de trayectoria y grandes divulgadores del arte contempor\u00e1neo suman su mirada, enriqueciendo la propuesta con profundidad y contexto.<\/p>\n<p>El arte digital ocupa un importante espacio, con instalaciones interactivas y obras exclusivas. En este sentido, en otro sector, se descubrir\u00e1n las obras seleccionadas y ganadoras del Concurso Nacional de Arte Digital, organizado junto a Arte Online y la Universidad del Salvador. Los asistentes ser\u00e1n testigos de c\u00f3mo la tecnolog\u00eda puede ser veh\u00edculo de emoci\u00f3n, reflexi\u00f3n y belleza.<\/p>\n<p>Adem\u00e1s la muestra da lugar a nuevas voces: un pabell\u00f3n especialmente dedicado a artistas independientes y emergentes de Pilar y Zona Norte, que traer\u00e1n sus propuestas diversas y conectadas con el pulso del presente. Cada obra es una apertura a descubrir lo que est\u00e1 naciendo en el arte local.<\/p>\n<p>Al final del recorrido, el visitante puede pasear por un shop de objetos art\u00edsticos y de autor, pensados para llevarse una parte de la experiencia a su casa. Todo esto se complementa con espacios gastron\u00f3micos que invitan a hacer una pausa, compartir lo vivido y seguir explorando.<\/p>\n<p>En <strong>ESTILO ART,<\/strong> el arte no se contempla desde afuera: se vive, se pregunta, se toca y se transforma. Es una experiencia pensada para conectar, para abrir la mirada y para sentir que el arte est\u00e1 m\u00e1s cerca que nunca.<\/p>\n<p><strong>OBRAS DE ARTE CON PROP\u00d3SITO<\/strong><br \/>\n<strong>ESTILO ART<\/strong> es mucho m\u00e1s que una exposici\u00f3n; es una poderosa iniciativa solidaria impulsada y organizada por la ONG Amigos del Pilar. Desde 1996, esta organizaci\u00f3n trabaja incansablemente para mejorar la calidad de vida de ni\u00f1os en situaci\u00f3n de vulnerabilidad. Con m\u00e1s de tres d\u00e9cadas de aportes solidarios, siguen realizando la emblem\u00e1tica exposici\u00f3n Estilo Pilar, reconocida como un foco cultural y activo para la Zona Norte. Este a\u00f1o, Amigos del Pilar ampl\u00eda y reafirma su legado de impacto lanzando Estilo Art. Manteniendo el mismo esp\u00edritu, lo recaudado en esta nueva exposici\u00f3n se destinar\u00e1 a financiar becas para atenci\u00f3n odontol\u00f3gica infantil en Pilar.<br \/>\nCada visita, cada obra y cada participaci\u00f3n suman directamente a esta causa vital.<\/p>\n<p><strong>QUI\u00c9NES ACOMPA\u00d1AN ESTILO ART<\/strong><br \/>\nLa organizaci\u00f3n agradece el acompa\u00f1amiento de instituciones y aliados que hacen posible esta edici\u00f3n:<\/p>\n<p>\uf0b7 Municipalidad de Pilar<br \/>\n\uf0b7 Malba Puertos<br \/>\n\uf0b7 MACBA<br \/>\n\uf0b7 Universidad del Salvador<br \/>\n\uf0b7 La Aldea Pilar<br \/>\n\uf0b7 ArtLabPro<br \/>\n\uf0b7 ArtHaus<\/p>\n<p><strong>Sponsors:<\/strong><br \/>\n\uf0b7 Telecom<br \/>\n\uf0b7 Honda<br \/>\n\uf0b7 LB \u2013 Loraschi &amp; Batalla Company<br \/>\n\uf0b7 Issa Pelba iluminaci\u00f3n y sistemas<br \/>\n\uf0b7 SLS \u2013 Pilar Residences<br \/>\n\uf0b7 Pilar Chico<br \/>\n\uf0b7 Munchi\u2019s<br \/>\n\uf0b7 Diagn\u00f3stico Maipu<br \/>\n\uf0b7 Trabi<br \/>\n\uf0b7 Pampa Living<br \/>\n\uf0b7 Macroled<br \/>\n\uf0b7 Samet<\/p>\n<p><strong>Galer\u00edas<\/strong><br \/>\n\uf0b7 Galeria Cecilia Caballero<br \/>\n\uf0b7 Sasha.D Espacio de Arte<br \/>\n\uf0b7 Imaginario Galeria de Arte<br \/>\n\uf0b7 Valk Gallery<br \/>\n\uf0b7 Belle Arti Galeria<br \/>\n\uf0b7 Galeria de Arte Laura Haber<br \/>\n\uf0b7 Lorena del Pilar Art<br \/>\n\uf0b7 FOLA<br \/>\n\uf0b7 Arte + Arte<br \/>\n\uf0b7 Lateral<br \/>\n\uf0b7 Circa Galeria<\/p>\n<p><strong>Media Partners<\/strong><br \/>\n\uf0b7 Pilar Hoy<br \/>\n\uf0b7 Arte Online<br \/>\n\uf0b7 Revista Magenta<br \/>\n\uf0b7 Solo Lideres<br \/>\n\uf0b7 Para Ti Deco<br \/>\n\uf0b7 Espacio &amp; Confort<br \/>\n\uf0b7 Country Magazine<br \/>\n\uf0b7 Pilar a Diario<br \/>\n\uf0b7 Diario Resumen de Pilar<br \/>\n\uf0b7 FM PLAZA<br \/>\n\uf0b7 Teatro Gran Pilar<\/p>\n<p>\u2022 Entrada gratuita<br \/>\n\u2022 Cu\u00e1ndo: del jueves 11 al martes 16 de septiembre<br \/>\n\u2022 Horario: de 12:00 a 19:00 hs<br \/>\n\u2022 D\u00f3nde: La Aldea \u2013 Ruta Panamericana Km 44, Ramal Pilar<\/p>\n<p><strong><em>Por otras im\u00e1genes, audios o entrevistas no dude en contactarse<\/em><\/strong><\/p>\n<p><strong><em> Contactos de Prensa<\/em><\/strong><\/p>\n<table width=\"100%\">\n<tbody>\n<tr>\n<td width=\"50%\"><strong> Candela Villanueva &#8211; Asistente de Cuentas<\/strong><\/p>\n<p><b> Directo<\/b><strong>: <\/strong> 0230-4664772<br \/>\n<b> Skype:<\/b> quasarcomunicacion<br \/>\n<b> Instagram<\/b>: @quasarcomunicacion<br \/>\n<b> Twitter:<\/b> @quasarpilar<br \/>\n<b> Gr<\/b><b>upo y p\u00e1gina en Facebook: <\/b> www.facebook.com\/QuasarComunicacion<br \/>\n<b> Web:<\/b> www.quasarcomunicacion.com.ar<\/p>\n<p><b> Mail<\/b><strong>:<\/strong> candela@quasarcomunicacion.com.ar<\/td>\n<td width=\"50%\"><strong> Lic. Mar\u00eda Fernanda Ipata &#8211; Directora<br \/>\n<\/strong> <b><br \/>\n<\/b> <b> M\u00f3vil:<\/b> 0230-15-4584535<br \/>\n<b> Whatsapp<\/b><b>:<\/b> 11 5312 6795<br \/>\nEnviar whatsapp aqu\u00ed<br \/>\n<b> Skype:<\/b> quasarcomunicacion<br \/>\n<b> LinkedIn<\/b><strong>:\u00a0 <\/strong> <strong> http:\/\/www.linkedin.com\/in\/mfipata<\/strong><br \/>\nhttps:\/\/www.linkedin.com\/company\/quasarcomunicacion<br \/>\n<b> Instagram y Facebook:<\/b> @quasarcomunicacion <b><br \/>\nWeb:<\/b> www.quasarcomunicacion.com.ar<br \/>\n<b> Mail<\/b><strong>:<\/strong> fernanda@quasarcomunicacion.com.ar<br \/>\n<b> Canal de Telegram para acceder a comunicados:<\/b> https:\/\/t.me\/comunicadosQC<br \/>\n<b>Telegram: <\/b> <b> https:\/\/t.me\/quasarcomunicacion<\/b><\/td>\n<\/tr>\n<\/tbody>\n<\/table>\n","protected":false},"excerpt":{"rendered":"<p>Del 11 al 16 de septiembre de 12 a 19 hs, en La Aldea (Ruta Panamericana Ramal Pilar Km 44), [&hellip;]<\/p>\n","protected":false},"author":2,"featured_media":13067,"comment_status":"closed","ping_status":"closed","sticky":false,"template":"","format":"standard","meta":[],"categories":[2],"tags":[],"_links":{"self":[{"href":"https:\/\/quasarcomunicacion.com.ar\/web\/wp-json\/wp\/v2\/posts\/13066"}],"collection":[{"href":"https:\/\/quasarcomunicacion.com.ar\/web\/wp-json\/wp\/v2\/posts"}],"about":[{"href":"https:\/\/quasarcomunicacion.com.ar\/web\/wp-json\/wp\/v2\/types\/post"}],"author":[{"embeddable":true,"href":"https:\/\/quasarcomunicacion.com.ar\/web\/wp-json\/wp\/v2\/users\/2"}],"replies":[{"embeddable":true,"href":"https:\/\/quasarcomunicacion.com.ar\/web\/wp-json\/wp\/v2\/comments?post=13066"}],"version-history":[{"count":2,"href":"https:\/\/quasarcomunicacion.com.ar\/web\/wp-json\/wp\/v2\/posts\/13066\/revisions"}],"predecessor-version":[{"id":13098,"href":"https:\/\/quasarcomunicacion.com.ar\/web\/wp-json\/wp\/v2\/posts\/13066\/revisions\/13098"}],"wp:featuredmedia":[{"embeddable":true,"href":"https:\/\/quasarcomunicacion.com.ar\/web\/wp-json\/wp\/v2\/media\/13067"}],"wp:attachment":[{"href":"https:\/\/quasarcomunicacion.com.ar\/web\/wp-json\/wp\/v2\/media?parent=13066"}],"wp:term":[{"taxonomy":"category","embeddable":true,"href":"https:\/\/quasarcomunicacion.com.ar\/web\/wp-json\/wp\/v2\/categories?post=13066"},{"taxonomy":"post_tag","embeddable":true,"href":"https:\/\/quasarcomunicacion.com.ar\/web\/wp-json\/wp\/v2\/tags?post=13066"}],"curies":[{"name":"wp","href":"https:\/\/api.w.org\/{rel}","templated":true}]}}