{"id":13062,"date":"2025-08-28T16:04:34","date_gmt":"2025-08-28T16:04:34","guid":{"rendered":"https:\/\/quasarcomunicacion.com.ar\/web\/?p=13062"},"modified":"2025-08-28T16:04:34","modified_gmt":"2025-08-28T16:04:34","slug":"11-cena-solidaria-de-la-fundacion-prosalud","status":"publish","type":"post","link":"https:\/\/quasarcomunicacion.com.ar\/web\/11-cena-solidaria-de-la-fundacion-prosalud\/","title":{"rendered":"11\u00b0 Cena Solidaria de la Fundaci\u00f3n Prosalud"},"content":{"rendered":"<p>El pr\u00f3ximo jueves 25 de septiembre en El Dorado Eventos la <strong>Fundaci\u00f3n Prosalud <\/strong> llevar\u00e1 adelante su <strong>11\u00b0 Cena Solidaria<\/strong> <span style=\"font-weight: 400;\"> par<\/span>a recaudar fondos y seguir con su misi\u00f3n. Informes y reservas: 11 4280 1417 \/ <a href=\"mailto:fundacionprosalud@cas.austral.edu.ar\"> fundacionprosalud@cas.austral.edu.ar<\/a> . En esta ocasi\u00f3n, la artista invitada ser\u00e1 Marcela Morello que brindar\u00e1 un show exclusivo para los presentes.<!--more--><\/p>\n<p>La cena comenzar\u00e1 a las 20 hs en Vaso Da Gama 122, Pilar, en el espacio de El Dorado eventos.<\/p>\n<p><a href=\"https:\/\/quasarcomunicacion.com.ar\/web\/wp-content\/uploads\/2025\/08\/lamoscacenaprosalud.gif\"><img class=\"aligncenter\" src=\"https:\/\/quasarcomunicacion.com.ar\/web\/wp-content\/uploads\/2025\/08\/lamoscacenaprosalud.gif\" \/><\/a><\/p>\n<p>Desde hace m\u00e1s de una d\u00e9cada, en el mes de septiembre se organiza una cena solidaria a beneficio de los pacientes de <strong>Fundaci\u00f3n ProSalud.<\/strong> Las anfitrionas son las madrinas de este evento, Laura, Emilia y Eugenia Fern\u00e1ndez Rousse, las Trillizas de Oro. Adem\u00e1s, reconocidos artistas colaboraron en eventos anteriores sum\u00e1ndose a esta gran movida solidaria: Guillermo Novellis, de La Mosca, C\u00e9sar \u00abBanana\u00bb Pueyrred\u00f3n, Ram\u00f3n \u201cPalito\u201d Ortega, Sandra Mihanovich, Alejandro Lerner, Diego Torres, Kevin Johansen, y Maxi Trusso, entre otros.<\/p>\n<p>La <strong>Fundaci\u00f3n ProSalud <\/strong>nace de la mano y del coraz\u00f3n de un grupo de personas que so\u00f1aron con llevar la medicina de primer nivel al alcance de las familias de la comunidad de Pilar que viven en situaci\u00f3n de vulnerabilidad.\u00a0 Inspirados por los valores y la misi\u00f3n del Hospital Universitario Austral, la <strong>Fundaci\u00f3n ProSalud<\/strong>, abre su coraz\u00f3n a la comunidad pilarense, promoviendo la cultura de la vida.<\/p>\n<p>En 2024 se atendieron m\u00e1s de 1300 pacientes ambulatorios que realizaron sus consultas especializadas y estudios neurol\u00f3gicos, cardiol\u00f3gicos, laboratorios, polisomnografias, resonancias magn\u00e9ticas, tomograf\u00edas y medicina nuclear, entre otros.<br \/>\nAdem\u00e1s 315 Pacientes atendidos y 14 cirug\u00edas, internaciones y procedimientos con internaci\u00f3n. A lo que se suman 25 orientaciones solidarias.<\/p>\n<p>Toda la info en la fan page de la instituci\u00f3n, ingresando en\u00a0 <a href=\"http:\/\/www.facebook.com\/Fundacion.ProSalud.FanPage\"> www.facebook.com\/Fundacion.ProSalud.FanPage<\/a>\u00a0 o en Instagram <a href=\"https:\/\/www.instagram.com\/fundacion_prosalud\/\"> https:\/\/www.instagram.com\/fundacion_prosalud\/<\/a><\/p>\n<p><strong>Acerca del Hospital Universitario Austral <\/strong><\/p>\n<p>El Hospital Universitario Austral inici\u00f3 su actividad en mayo de 2000. Es una asociaci\u00f3n civil, por lo tanto una entidad sin fines lucro que se dedica a la asistencia, la docencia y la investigaci\u00f3n biom\u00e9dica. Es un hospital general de agudos y alta complejidad, que cuenta con una infraestructura t\u00e9cnica de \u00faltima generaci\u00f3n y un equipo de destacados profesionales. Su compromiso con la b\u00fasqueda de la verdad y la promoci\u00f3n de la cultura de la vida, implica un especial \u00e9nfasis en la calidad del trabajo, orientando toda su labor hacia el servicio y el desarrollo de valores humanos. Con la firme premisa de cuidar con competencia y compasi\u00f3n a las personas, el Hospital Universitario Austral fundamenta sus servicios en la formaci\u00f3n \u00e9tica y cient\u00edfica de su personal, y en la tecnolog\u00eda aplicada en cada una de sus especialidades. Conforme a su ideario, la instituci\u00f3n est\u00e1 comprometida con una profunda labor asistencial solidaria, tanto en la comunidad a la que pertenece como tambi\u00e9n en el resto del pa\u00eds. M\u00e1s informaci\u00f3n en: <a href=\"http:\/\/www.hospitalaustral.edu.ar\"> www.hospitalaustral.edu.ar<\/a><\/p>\n<p><strong><em>Por otras im\u00e1genes, audios o entrevistas no dude en contactarse<\/em><\/strong><\/p>\n<p><strong><em> Contactos de Prensa<\/em><\/strong><\/p>\n<table width=\"100%\">\n<tbody>\n<tr>\n<td width=\"50%\"><strong> Candela Villanueva &#8211; Asistente de Cuentas<\/p>\n<p><\/strong> <b> Directo<\/b><strong>: <\/strong> 0230-4664772<br \/>\n<b> Skype:<\/b> quasarcomunicacion<br \/>\n<b> Instagram<\/b>: @quasarcomunicacion<br \/>\n<b> Twitter:<\/b> @quasarpilar<br \/>\n<b> Gr<\/b><b>upo y p\u00e1gina en Facebook: <\/b> www.facebook.com\/<a href=\"mailto:mfipata@gmail.com\">Quasar<\/a>Comunicacion<br \/>\n<b> Web:<\/b> <a href=\"http:\/\/www.quasarcomunicacion.com.ar\"> www.quasarcomunicacion.com.ar<\/a><\/p>\n<p><b> Mail<\/b><strong>:<\/strong> <a href=\"mailto:fernanda@quasarcomunicacion.com.ar\"> candela<\/a><a href=\"mailto:fernanda@quasarcomunicacion.com.ar\">@quasarcomunicacion.com.ar<\/a><\/td>\n<td width=\"50%\"><strong> Lic. Mar\u00eda Fernanda Ipata &#8211; Directora<br \/>\n<\/strong> <b><br \/>\n<\/b> <b> M\u00f3vil:<\/b> 0230-15-4584535<br \/>\n<b> Whatsapp<\/b><b>:<\/b><a href=\"https:\/\/bit.ly\/2J4cUvm\"> 11 5312 6795<\/a><br \/>\n<a href=\"https:\/\/bit.ly\/2Sn1zLP\"> Enviar whatsapp aqu\u00ed<\/a><br \/>\n<b> Skype:<\/b> quasarcomunicacion<br \/>\n<b> LinkedIn<\/b><strong>:\u00a0 <\/strong> <strong> <a href=\"http:\/\/www.linkedin.com\/in\/mfipata\"> http:\/\/www.linkedin.com\/in\/mfipata<\/a><\/strong><br \/>\n<a href=\"https:\/\/www.linkedin.com\/company\/quasarcomunicacion\"> https:\/\/www.linkedin.com\/company\/quasarcomunicacion<\/a><br \/>\n<b> Instagram y Facebook:<\/b> @quasarcomunicacion <b><br \/>\nWeb:<\/b> <a href=\"http:\/\/www.quasarcomunicacion.com.ar\"> www.quasarcomunicacion.com.ar<\/a><br \/>\n<b> Mail<\/b><strong>:<\/strong><a href=\"mailto:fernanda@quasarcomunicacion.com.ar\"> fernanda@quasarcomunicacion.com.ar<\/a><br \/>\n<b> Telegram: https:\/\/t.me\/QuasarComunicacion<\/b><br \/>\n<b> Canal de Telegram para acceder a comunicados:<\/b> https:\/\/t.me\/comunicadosQC<\/td>\n<\/tr>\n<\/tbody>\n<\/table>\n","protected":false},"excerpt":{"rendered":"<p>El pr\u00f3ximo jueves 25 de septiembre en El Dorado Eventos la Fundaci\u00f3n Prosalud llevar\u00e1 adelante su 11\u00b0 Cena Solidaria para [&hellip;]<\/p>\n","protected":false},"author":2,"featured_media":13063,"comment_status":"closed","ping_status":"closed","sticky":false,"template":"","format":"standard","meta":[],"categories":[2],"tags":[],"_links":{"self":[{"href":"https:\/\/quasarcomunicacion.com.ar\/web\/wp-json\/wp\/v2\/posts\/13062"}],"collection":[{"href":"https:\/\/quasarcomunicacion.com.ar\/web\/wp-json\/wp\/v2\/posts"}],"about":[{"href":"https:\/\/quasarcomunicacion.com.ar\/web\/wp-json\/wp\/v2\/types\/post"}],"author":[{"embeddable":true,"href":"https:\/\/quasarcomunicacion.com.ar\/web\/wp-json\/wp\/v2\/users\/2"}],"replies":[{"embeddable":true,"href":"https:\/\/quasarcomunicacion.com.ar\/web\/wp-json\/wp\/v2\/comments?post=13062"}],"version-history":[{"count":1,"href":"https:\/\/quasarcomunicacion.com.ar\/web\/wp-json\/wp\/v2\/posts\/13062\/revisions"}],"predecessor-version":[{"id":13064,"href":"https:\/\/quasarcomunicacion.com.ar\/web\/wp-json\/wp\/v2\/posts\/13062\/revisions\/13064"}],"wp:featuredmedia":[{"embeddable":true,"href":"https:\/\/quasarcomunicacion.com.ar\/web\/wp-json\/wp\/v2\/media\/13063"}],"wp:attachment":[{"href":"https:\/\/quasarcomunicacion.com.ar\/web\/wp-json\/wp\/v2\/media?parent=13062"}],"wp:term":[{"taxonomy":"category","embeddable":true,"href":"https:\/\/quasarcomunicacion.com.ar\/web\/wp-json\/wp\/v2\/categories?post=13062"},{"taxonomy":"post_tag","embeddable":true,"href":"https:\/\/quasarcomunicacion.com.ar\/web\/wp-json\/wp\/v2\/tags?post=13062"}],"curies":[{"name":"wp","href":"https:\/\/api.w.org\/{rel}","templated":true}]}}