{"id":13060,"date":"2025-08-27T13:40:14","date_gmt":"2025-08-27T13:40:14","guid":{"rendered":"https:\/\/quasarcomunicacion.com.ar\/web\/?p=13060"},"modified":"2025-08-27T13:40:14","modified_gmt":"2025-08-27T13:40:14","slug":"el-polo-educativo-realizo-el-encuentro-de-coros-de-primaria-en-la-usal","status":"publish","type":"post","link":"https:\/\/quasarcomunicacion.com.ar\/web\/el-polo-educativo-realizo-el-encuentro-de-coros-de-primaria-en-la-usal\/","title":{"rendered":"El Polo Educativo realizo el Encuentro de Coros de Primaria en la USAL"},"content":{"rendered":"<p>El <strong>Polo Educativo Pilar<\/strong> realiz\u00f3 en el Auditorio de la Universidad del Salvador un nuevo encuentro de Coros de Primaria del que participaron m\u00e1s de 300 alumnos de 5 colegios integrantes de la Instituci\u00f3n.<!--more--><\/p>\n<p><a href=\"https:\/\/quasarcomunicacion.com.ar\/web\/wp-content\/uploads\/2025\/08\/Directores-Coros.gif\"><img class=\"aligncenter\" src=\"https:\/\/quasarcomunicacion.com.ar\/web\/wp-content\/uploads\/2025\/08\/Directores-Coros.gif\" \/><\/a><\/p>\n<p>En esta oportunidad participaron los siguientes colegios: Bede&#8217;s Grammar School, Colegio Arrayanes, Norbridge, San Jorge Loma Verde y Del Viso Day School.<\/p>\n<p>Las palabras de apertura\u00a0estuvieron a cargo de\u00a0Silvina Espoueys, quien destac\u00f3:<i> \u00abEl Polo Educativo Pilar promueve encuentros que integran diferentes lenguajes; hoy es el turno de la m\u00fasica y el canto\u00bb.<\/i><\/p>\n<p>La instituci\u00f3n agradeci\u00f3 especialmente a\u00a0Cecilia Fabbro\u00a0de la\u00a0Universidad del Salvador (USAL), por ser nuevamente anfitriones de la jornada.\u00a0Del mismo modo, agradecieron a\u00a0los\u00a0alumnos, directores, docentes y familias, que con su presencia y acompa\u00f1amiento hicieron posible disfrutar de las presentaciones y de la diversidad de cada coro.<\/p>\n<p>Espoueys subray\u00f3:\u00a0<i>\u00abTodo lo que vamos a ver hoy tuvo mucho tiempo de ensayo. Siempre hablamos que los protagonistas son los chicos, pero una de las cosas que tenemos que saber, es que quienes hacen posible que el coro tenga vida son sus directores\u00bb.<\/i><\/p>\n<p>En ese marco, comparti\u00f3 palabras inspiradoras del\u00a0<i>d<\/i>irector Julio Cantarini, quien escribe acerca de la actividad coral y pone al director de coro como un sembrador.<i>\u00a0\u00abEl director de coro no trabaja para s\u00ed mismo, trabaja para que otros puedan expresarse, para que el conjunto crezca, para que la m\u00fasica suceda entre todos\u00bb y \u00abes eso es lo que vamos a hacer ahora, ver lo visible del director con los protagonistas que cantan\u00bb.<\/i><\/p>\n<p>Con ese esp\u00edritu, dieron comienzo las presentaciones de los distintos colegios junto a sus directores, interpretando el siguiente repertorio:<\/p>\n<p><strong>Bede \u0301s Grammar School<br \/>\nDirectora: Clara Luther <\/strong><br \/>\nMayo en Buenos Aires (Sebasti\u00e1n Monk)<br \/>\nHere comes the sun (Beatles)<br \/>\nMashup = Pupilas lejanas (Los Pericos)<br \/>\nMarried with children (Oasis)<\/p>\n<p><a href=\"https:\/\/quasarcomunicacion.com.ar\/web\/wp-content\/uploads\/2025\/08\/Bedes.gif\"><img class=\"alignnone\" src=\"https:\/\/quasarcomunicacion.com.ar\/web\/wp-content\/uploads\/2025\/08\/Bedes.gif\" \/><\/a><\/p>\n<p><strong> Arrayanes Junior Choir<br \/>\nDirectora: Judith Albera <\/strong><br \/>\nQue se vengan los chicos (Eugenio Inchausti)<br \/>\nSomething just like this (The Chainsmokers &amp; Coldplay)<br \/>\nSiyahamba (canci\u00f3n tradicional Zul\u00fa)<\/p>\n<p><a href=\"https:\/\/quasarcomunicacion.com.ar\/web\/wp-content\/uploads\/2025\/08\/Colegio-Arrayanes.gif\"><img class=\"alignnone\" src=\"https:\/\/quasarcomunicacion.com.ar\/web\/wp-content\/uploads\/2025\/08\/Colegio-Arrayanes.gif\" \/><\/a><\/p>\n<p><strong> Norbridge School<br \/>\nDirector: Gustavo P\u00e9rez <\/strong><br \/>\nMi Bandera (Letra Gustavo P\u00e9rez, m\u00fasica Lerner)<br \/>\nRoar (Katy Perry)<br \/>\nUn siglo sin ti (Chayanne y arreglos de Gustavo P\u00e9rez)<\/p>\n<p><a href=\"https:\/\/quasarcomunicacion.com.ar\/web\/wp-content\/uploads\/2025\/08\/Norbridge.gif\"><img class=\"alignnone\" src=\"https:\/\/quasarcomunicacion.com.ar\/web\/wp-content\/uploads\/2025\/08\/Norbridge.gif\" \/><\/a><\/p>\n<p><strong>San Jorge Loma Verde<br \/>\nDirector: Christian Manzano<\/strong><br \/>\nYelloW (Coldplay)<br \/>\nDie with a Smile (Bruno Mars and Lady Gaga)<\/p>\n<p><a href=\"https:\/\/quasarcomunicacion.com.ar\/web\/wp-content\/uploads\/2025\/08\/SJ-Loma-Verde.gif\"><img class=\"alignnone\" src=\"https:\/\/quasarcomunicacion.com.ar\/web\/wp-content\/uploads\/2025\/08\/SJ-Loma-Verde.gif\" \/><\/a><\/p>\n<p><strong>Del Viso Day School<br \/>\nDirector: Mar\u00eda Eugenia Navarro<\/strong><br \/>\nQuodlibet carnavalito. (ArreglonSebasti\u00e1n Keller)<br \/>\nTe vi en un tren (Los Enanitos Verdes)<br \/>\nPerfect (Ed Sheeran)<\/p>\n<p><a href=\"https:\/\/quasarcomunicacion.com.ar\/web\/wp-content\/uploads\/2025\/08\/Del-Viso-Day-School.gif\"><img class=\"alignnone\" src=\"https:\/\/quasarcomunicacion.com.ar\/web\/wp-content\/uploads\/2025\/08\/Del-Viso-Day-School.gif\" \/><\/a><\/p>\n<p>Segu\u00ed todas las novedades en las Redes del <strong>Polo Educativo<\/strong><\/p>\n<p>TWITTER <a href=\"https:\/\/twitter.com\/poloeducativo?fbclid=IwAR3DDCUvZk5Ns3z4XF0P4Oziw9-XoOLAtl545hClQJ3308Z2Q4vFRcK98hM\"> https:\/\/twitter.com\/poloeducativo<\/a><br \/>\nFACEBOOK <a style=\"font-weight: 400;\" href=\"https:\/\/www.facebook.com\/poloeducativo?__cft__[0]=AZXzRbVORjP1cAA3vsy9SY5DsUJJCwK7kUDpNUMwzOrwLU-nm6jgIN50h6396LZbYFVL8tMbWZHQ1yLNLgYX88NFrBVMtYNS4QcBTZ-4NeNFC0UeYKtlkJ7LYB9tOgClMDSI_ZX8mExzOsbkL_ICfI7nJg9rebDCs5asLzhIgvy72G4AD6Aa8WAUhNlI7jVHUZ8&amp;__tn__=-]K-R\"> https:\/\/www.facebook.com\/poloeducativo<\/a><br \/>\nINSTAGRAM <a href=\"https:\/\/instagram.com\/poloeducativopilar?fbclid=IwAR0JYfWC-7o4cOAgidK9K46xP7SZV9Y5ciOv1Du0aaw6fqCiVujT-8A1Bbs\"> https:\/\/instagram.com\/poloeducativopilar<\/a><br \/>\nLINKEDIN <a href=\"https:\/\/www.linkedin.com\/company\/poloeducativopilar\/?fbclid=IwAR0ll91O7YuJqka1x7np11g1YepLUNEdcnyIaoc6Z9mbACZ7v8DL8zecE5I\"> https:\/\/www.linkedin.com\/company\/poloeducativopilar\/<\/a><br \/>\nTodas las redes <a href=\"https:\/\/linktr.ee\/poloeducativopilar?fbclid=IwAR3TIZ-hmBcFLdMdaYQT_POClhjyxEAZoQMxX3FBU1FyiUuXmTpiW7yP9gY\"> https:\/\/linktr.ee\/poloeducativopilar<\/a><\/p>\n<p><strong><em>Por otras im\u00e1genes, audios o entrevistas no dude en contactarse entrevistas no dude en contactarse<\/em><\/strong><\/p>\n<table width=\"100%\">\n<tbody>\n<tr>\n<td width=\"50%\"><strong> Candela Villanueva &#8211; Ejecutiva de Cuentas<\/p>\n<p><\/strong> <b> Directo<\/b><strong>: <\/strong> 0230-4664772<br \/>\n<b> Skype:<\/b> quasarcomunicacion<br \/>\n<b> Instagram<\/b>: @quasarcomunicacion<br \/>\n<b> Twitter:<\/b> @quasarpilar<br \/>\n<b> Gr<\/b><b>upo y p\u00e1gina en Facebook: <\/b> www.facebook.com\/<a href=\"mailto:mfipata@gmail.com\">Quasar<\/a>Comunicacion<br \/>\n<b> Web:<\/b> <a href=\"http:\/\/www.quasarcomunicacion.com.ar\"> www.quasarcomunicacion.com.ar<\/a><\/p>\n<p><b> Mail<\/b><strong>:<\/strong> <a href=\"mailto:fernanda@quasarcomunicacion.com.ar\"> candela<\/a><a href=\"mailto:fernanda@quasarcomunicacion.com.ar\">@quasarcomunicacion.com.ar<\/a><\/td>\n<td width=\"50%\"><strong> Lic. Mar\u00eda Fernanda Ipata &#8211; Directora<br \/>\n<\/strong> <b><br \/>\n<\/b> <b> M\u00f3vil:<\/b> 0230-15-4584535<br \/>\n<b> Whatsapp<\/b><b>:<\/b><a href=\"https:\/\/bit.ly\/2J4cUvm\"> 11 5312 6795<\/a><br \/>\n<a href=\"https:\/\/bit.ly\/2Sn1zLP\"> Enviar whatsapp aqu\u00ed<\/a><br \/>\n<b> Skype:<\/b> quasarcomunicacion<br \/>\n<b> LinkedIn<\/b><strong>:\u00a0 <\/strong> <strong> <a href=\"http:\/\/www.linkedin.com\/in\/mfipata\"> http:\/\/www.linkedin.com\/in\/mfipata<\/a><\/strong><br \/>\n<a href=\"https:\/\/www.linkedin.com\/company\/quasarcomunicacion\"> https:\/\/www.linkedin.com\/company\/quasarcomunicacion<\/a><br \/>\n<b> Instagram y Facebook:<\/b> @quasarcomunicacion <b><br \/>\nWeb:<\/b> <a href=\"http:\/\/www.quasarcomunicacion.com.ar\"> www.quasarcomunicacion.com.ar<\/a><br \/>\n<b> Mail<\/b><strong>:<\/strong><a href=\"mailto:fernanda@quasarcomunicacion.com.ar\"> fernanda@quasarcomunicacion.com.ar<\/a><br \/>\n<b> Canal de Telegram para acceder a comunicados:<\/b> https:\/\/t.me\/comunicadosQC<\/td>\n<\/tr>\n<\/tbody>\n<\/table>\n<p><strong> Acerca del Polo Educativo Pilar<\/strong><\/p>\n<p>El\u00a0<strong>Polo Educativo Pilar\u00a0<\/strong>es una asociaci\u00f3n civil sin fines de lucro que fue fundada en el a\u00f1o 2002, que re\u00fane a instituciones educativas tanto p\u00fablicas como privadas y tiene como objetivo principal el promover y desarrollar la educaci\u00f3n, p\u00fablica y privada, en todo el distrito.<\/p>\n<p>La asociaci\u00f3n nace a partir de 1999 cuando los directivos de los j\u00f3venes colegios privados de Pilar, junto con los que llevaban m\u00e1s a\u00f1os en la ciudad, comienzan a reunirse para considerar sus problem\u00e1ticas comunes. Este hecho, in\u00e9dito en la educaci\u00f3n privada en la Argentina, alcanza un alto grado de sinergia cuando los Colegios deciden trazar un plan para convertir al Partido de Pilar en una localidad que sea conocida por su alto nivel educativo, tanto en las instituciones privadas como en las p\u00fablicas. Con esa idea, un grupo original de 14 Colegios de distintos niveles, funda el\u00a0<strong>Polo Educativo Pilar<\/strong>.<\/p>\n<p>Cabe destacar que entidad obtuvo su personer\u00eda jur\u00eddica en diciembre de 2004 bajo el Nro. 7000\/04 expedido por la Inspecci\u00f3n de Persona jur\u00eddica de la Provincia de Buenos Aires. En el a\u00f1o 2003 es declarada entidad de Bien P\u00fablico por el Municipio de Pilar por Decreto Municipal Nro. 6679\/2003.<\/p>\n","protected":false},"excerpt":{"rendered":"<p>El Polo Educativo Pilar realiz\u00f3 en el Auditorio de la Universidad del Salvador un nuevo encuentro de Coros de Primaria [&hellip;]<\/p>\n","protected":false},"author":2,"featured_media":13052,"comment_status":"closed","ping_status":"closed","sticky":false,"template":"","format":"standard","meta":[],"categories":[2],"tags":[],"_links":{"self":[{"href":"https:\/\/quasarcomunicacion.com.ar\/web\/wp-json\/wp\/v2\/posts\/13060"}],"collection":[{"href":"https:\/\/quasarcomunicacion.com.ar\/web\/wp-json\/wp\/v2\/posts"}],"about":[{"href":"https:\/\/quasarcomunicacion.com.ar\/web\/wp-json\/wp\/v2\/types\/post"}],"author":[{"embeddable":true,"href":"https:\/\/quasarcomunicacion.com.ar\/web\/wp-json\/wp\/v2\/users\/2"}],"replies":[{"embeddable":true,"href":"https:\/\/quasarcomunicacion.com.ar\/web\/wp-json\/wp\/v2\/comments?post=13060"}],"version-history":[{"count":1,"href":"https:\/\/quasarcomunicacion.com.ar\/web\/wp-json\/wp\/v2\/posts\/13060\/revisions"}],"predecessor-version":[{"id":13061,"href":"https:\/\/quasarcomunicacion.com.ar\/web\/wp-json\/wp\/v2\/posts\/13060\/revisions\/13061"}],"wp:featuredmedia":[{"embeddable":true,"href":"https:\/\/quasarcomunicacion.com.ar\/web\/wp-json\/wp\/v2\/media\/13052"}],"wp:attachment":[{"href":"https:\/\/quasarcomunicacion.com.ar\/web\/wp-json\/wp\/v2\/media?parent=13060"}],"wp:term":[{"taxonomy":"category","embeddable":true,"href":"https:\/\/quasarcomunicacion.com.ar\/web\/wp-json\/wp\/v2\/categories?post=13060"},{"taxonomy":"post_tag","embeddable":true,"href":"https:\/\/quasarcomunicacion.com.ar\/web\/wp-json\/wp\/v2\/tags?post=13060"}],"curies":[{"name":"wp","href":"https:\/\/api.w.org\/{rel}","templated":true}]}}