{"id":13047,"date":"2025-08-19T16:43:22","date_gmt":"2025-08-19T16:43:22","guid":{"rendered":"https:\/\/quasarcomunicacion.com.ar\/web\/?p=13047"},"modified":"2025-08-19T16:43:22","modified_gmt":"2025-08-19T16:43:22","slug":"fundacion-tinc-expande-fronteras-primer-trabajo-en-colaboracion-con-espana","status":"publish","type":"post","link":"https:\/\/quasarcomunicacion.com.ar\/web\/fundacion-tinc-expande-fronteras-primer-trabajo-en-colaboracion-con-espana\/","title":{"rendered":"Fundaci\u00f3n TINC expande fronteras: primer trabajo en colaboraci\u00f3n con Espa\u00f1a"},"content":{"rendered":"<p><strong>Fundaci\u00f3n TINC<\/strong> (Tecnolog\u00eda por la Inclusi\u00f3n Social) y Proyecto Dane desarrollaron el primer trabajo colaborativo con empresa e instituciones de Espa\u00f1a, abriendo el camino para realizar alianzas con otras entidades en lationam\u00e9rica y el resto del mundo.<!--more--><\/p>\n<p><a href=\"https:\/\/drive.google.com\/file\/d\/1dtt9fhyeJjzwAb2dmC7sasz-eXveugBZ\/view?usp=sharing\"> VER Y DESCARGAR VIDEO DE PRESENTACI\u00d3N<\/a><\/p>\n<p>De esta manera, <a href=\"https:\/\/tinc.org.ar\/\">Fundaci\u00f3n TINC<\/a> en el marco del <a href=\"https:\/\/www.proyectodane.org\/\">Proyecto Dane<\/a>, una entidad argentina sin fines de lucro especializada en el desarrollo de apps educativas para personas con discapacidad intelectual y auditiva, lanzaron su primera aplicaci\u00f3n en Espa\u00f1a junto con <a href=\"https:\/\/www.autismoburgos.es\/\">Autismo Burgos<\/a>: ComunicaT. Adem\u00e1s participaron la empresa de tecnolog\u00eda <a href=\"https:\/\/reserv.solutions\"> Reserv IT Solutions<\/a> y <a href=\"https:\/\/uanaknow.com\/\"> Uanaknow<\/a>, sumando esfuerzos para promover una mayor inclusi\u00f3n. Tambi\u00e9n colaboraron\u00a0 <a href=\"https:\/\/thepapayagroup.com\/\">The Papaya Group<\/a> y <a href=\"https:\/\/www.take.app\/\">Take Apps<\/a>\u00a0 en algunos aspectos espec\u00edficos del proyecto. Los pictogramas utilizados en la aplicaci\u00f3n proceden del portal Arasaac.<\/p>\n<p><a href=\"https:\/\/quasarcomunicacion.com.ar\/web\/wp-content\/uploads\/2025\/08\/comunicathacedores.webp\"><img class=\"alignnone\" src=\"https:\/\/quasarcomunicacion.com.ar\/web\/wp-content\/uploads\/2025\/08\/comunicathacedores.webp\" \/><\/a><\/p>\n<p>La app tiene contenido del sistema de signos de Espa\u00f1a, pero se puede personalizar con cualquier otro sistema de signos y se puede descargar desde cualquier lugar del mundo.\u00a0ComunicaT permite gestionar de forma personalizada los signos y pictogramas que cada usuario necesita en su proceso de aprendizaje.<\/p>\n<p>Lo cuenta Pablo Fiuza, presidente de Fundaci\u00f3n TINC y de la C\u00e1mara de Software de Argentina en esta entrevista.<\/p>\n<p><strong>&#8211; \u00bfC\u00f3mo evolucion\u00f3 el proyecto que termina dise\u00f1ando herramientas para el autismo? <\/strong><\/p>\n<p>&#8211; Pablo Fiuza: Este proyecto comenz\u00f3 en el a\u00f1o 2012, porque ya pasaron m\u00e1s de diez a\u00f1os desde que empezaron a aparecer las primeras aplicaciones para celulares. Nosotros hab\u00edamos tenido una reuni\u00f3n en ese momento con los pap\u00e1s de ASDRA (Asociaci\u00f3n de S\u00edndrome de Down de la Rep\u00fablica Argentina). Y me acuerdo de lo que ellos planteaban: \u201cNosotros vemos que nuestros hijos tienen mucha facilidad para usar tel\u00e9fonos celulares, tablets, pero nadie les explica c\u00f3mo se usan. Y no encontramos aplicaciones (hab\u00eda pocas en ese momento) preparadas para nuestros hijos, con ciertas discapacidades intelectuales\u00bb. Entonces, ah\u00ed arrancamos con una movida, junto con otra gente. Me acuerdo que yo empec\u00e9 tom\u00e1ndome los viernes a la ma\u00f1ana y les ped\u00ed a ellos que ellos me dijeran un colegio que tuviera chicos integrados. En ese momento, era sobre todo con s\u00edndrome de Down. Y fuimos a ver el director para ver que consideraciones ten\u00edan para los chicos. Y nos cont\u00f3 que hab\u00eda chicos que no le\u00edan las letras min\u00fasculas, que solo le\u00edan las may\u00fasculas. Y as\u00ed no pod\u00edan usar abstracciones, no pod\u00edan usar dibujos. Fuimos recolectando datos y, en un momento, empezamos a definir las primeras aplicaciones para hacerlo. Todo eso despu\u00e9s decant\u00f3 en armar una fundaci\u00f3n.<\/p>\n<p><strong>&#8211; \u00bfC\u00f3mo se hacen hoy las aplicaciones? <\/strong><\/p>\n<p>&#8211; Las aplicaciones que hacemos surgen de sentarnos con estas fundaciones, y fue el s\u00edndrome de Down primero; y despu\u00e9s empezamos a trabajar mucho con autismo.<\/p>\n<p><strong>&#8211; \u00bfLas necesidades surgieron a medida que iban conociendo el trasfondo de las discapacidades? <\/strong><\/p>\n<p>&#8211; Claro, empezamos a trabajar por ejemplo con Fundasor, que es la Fundaci\u00f3n Argentina de Familias de Personas Sordas. De hecho, tenemos una aplicaci\u00f3n que se llama LSA En Familia, que es Lengua de Se\u00f1as Argentinas, una idea se arm\u00f3 para que se puedan comunicar m\u00e1s los padres con los hijos que tengan alg\u00fan problema de audici\u00f3n. Es una aplicaci\u00f3n que tiene, al d\u00eda de hoy, 220 000 descargas en Argentina, much\u00edsimas.<\/p>\n<p><strong>&#8211; \u00bfEl sistema es as\u00ed? \u00bfTrabajan a partir del contacto con las instituciones? <\/strong><\/p>\n<p>&#8211; S\u00ed, nos sentamos con ellos, definimos qu\u00e9 hacer, en general lo hacemos con alg\u00fan colegio. Despu\u00e9s seleccionamos una empresa de software, que es la que ayuda, la que desarrolla. Entonces, ellos lo hacen por compromisos que han tomado, y despu\u00e9s hay una serie de pruebas que testeamos en las fundaciones, y si podemos en un colegio, y eso empieza a tener una primera versi\u00f3n. Cuando sale lo empezamos a probar en el mercado, y as\u00ed es como como se generan las aplicaciones.<\/p>\n<p><strong>&#8211; \u00bfCu\u00e1ntas aplicaciones pudieron desarrollar? <\/strong><\/p>\n<p>&#8211; Debemos tener armadas hoy unas 12 o 13 aplicaciones. Empezamos a focalizarnos en tres o cuatro aplicaciones fuertes; las que vimos que estaban funcionando muy bien y empezamos a hacer versiones y m\u00e1s versiones. Hoy tenemos seis, siete aplicaciones con este concepto. Siempre digo lo mismo. Aquellos que no necesitan ver solo letra may\u00fascula, jam\u00e1s se van a dar cuenta que hay una letra may\u00fascula. Aquellos que no necesitan la abstracci\u00f3n, van a ver que una hay foto en lugar de un dibujo, pero no se van a dar cuenta. Aquellos que lo necesitan, s\u00ed. Esa es la diferencia de poder usar una aplicaci\u00f3n o de no poder usarla.<\/p>\n<p><strong>&#8211; \u00bfCu\u00e1nto tiempo llevan trabajando con estas aplicaciones para discapacitados y en qu\u00e9 estadio est\u00e1n ahora? <\/strong><\/p>\n<p>&#8211; Esto naci\u00f3 en el 2012 y no par\u00f3 nunca. Es m\u00e1s, tenemos empresas que se fueron sumando y empresas que siguen estando desde el d\u00eda uno. Con las fundaciones seguimos trabajando, algo que siempre fue muy fuerte. Porque esto arranc\u00f3 como una idea, de una fundaci\u00f3n, en este caso de los pap\u00e1s de chicos con S\u00edndrome de Down. Pero despu\u00e9s se sumaron muchas empresas del sistema. Por supuesto que todo lo que hacemos es ad honorem. Ninguno de nosotros vive de esto puntualmente, por lo menos en t\u00e9rminos econ\u00f3micos. En t\u00e9rminos emocionales, muchos vivimos de esto. Es un grupo donde hay muchas psicoterapeutas, muchas personas que trabajan en educaci\u00f3n, la fundaci\u00f3n en eso es multidisciplinaria. Y todos los a\u00f1os es una aplicaci\u00f3n seguro o dos versiones de una aplicaci\u00f3n que venimos haciendo. Y recibimos un feedback muy interesante de la gente. De las familias, sobre todo, porque esto en una etapa de la vida que ayuda much\u00edsimo. Y los programas que estamos haciendo ahora con la Fundaci\u00f3n Burgos de Espa\u00f1a est\u00e1n pensados para una determinada cantidad de chicos, en este caso de chicos con autismo, que tienen una forma particular de comunicarse, que es a trav\u00e9s de s\u00edmbolos. Que no es una lengua de se\u00f1as.<\/p>\n<p><strong>&#8211; Es un universo de mucha complejidad. <\/strong><\/p>\n<p>&#8211; Algo que me toc\u00f3 aprender con los a\u00f1os es que cada discapacidad es muy particular. Es de cada persona, es la forma de comunicarse, si hablas o no hablas. Hay gente con autismo que no es capaz de leer. Hay gente que habla solamente, por ejemplo, de autos. Es un espectro muy amplio. Lo \u00fanico que puedo decir es que esto no pasa solo en discapacidad. Pero si hay algo que tiene la tecnolog\u00eda, siempre lo tuvo y lo va a tener cada vez m\u00e1s es la capacidad de personalizar. Con las limitaciones que podemos tener, pero la tecnolog\u00eda te permite personalizar y eso est\u00e1 buen\u00edsimo.<\/p>\n<p><strong>&#8211; \u00bfY c\u00f3mo es el puente con Espa\u00f1a?, \u00bfqu\u00e9 es lo que pueden capitalizar de haber venido ac\u00e1? <\/strong><\/p>\n<p>&#8211; Lo que nosotros empezamos a hacer, y ac\u00e1 hay un tema interesante. Hay determinadas discapacidades, por ejemplo, la lengua de se\u00f1as, que es muy particular. Nosotros hicimos esta aplicaci\u00f3n de lengua de se\u00f1as argentina. En Espa\u00f1a esa aplicaci\u00f3n ya existe, pero si quisi\u00e9ramos traerla a Espa\u00f1a no tendr\u00eda ning\u00fan sentido. Nosotros tenemos que generar todos los videos de la lengua de nuevo, y estamos hablando de unos 1200 videos en la aplicaci\u00f3n, porque son muy diferentes. Lo mismo en Argentina porque la lengua de se\u00f1as que se habla en Buenos Aires difiere bastante de la que se habla en Mendoza. Por eso, no lo pod\u00e9s traer a Espa\u00f1a porque cambia la lengua de se\u00f1as. En cambio, \u00bfqu\u00e9 pasa con el autismo? \u00bfqu\u00e9 pasa con el S\u00edndrome de Down? Eso no pasa. En realidad, la forma de interactuar difiere un poco por la idiosincrasia, pero son muy similares en uno y otro pa\u00eds. Entonces, en un momento lo que empezamos a hacer es trabajar con otros pa\u00edses. Lo hicimos con Colombia porque los padres de Argentina tienen relaci\u00f3n con una fundaci\u00f3n de Latinoam\u00e9rica y con la de Colombia. Y empezamos a trabajar, y a buscar empresas en Colombia y a replicar este modelo. Lo mismo hicimos ac\u00e1 en Espa\u00f1a. O sea, lo que hicimos fue replicar el modelo. Necesit\u00e1bamos una fundaci\u00f3n, la idea es que la fundaci\u00f3n fuera local siempre y la Fundaci\u00f3n Autismo Burgos es muy fuerte en Espa\u00f1a con el tema del autismo. Empezamos a trabajar con ellos, a delinear, y a ver qu\u00e9 les parec\u00eda. Siempre tratamos que sea algo global. Y ah\u00ed sumamos al ecosistema espa\u00f1ol. Entonces, se sum\u00f3 Justiniano con Uananow; despu\u00e9s se sum\u00f3 Reserv IT, que termin\u00f3 desarroll\u00e1ndolo, y replicamos el mismo modelo que ten\u00edamos en Buenos Aires, y lo hicimos en Espa\u00f1a. Las aplicaciones que hacemos siempre est\u00e1n disponibles en los sectores de habla hispana. Cualquiera las puede bajar y estas aplicaciones, las mismas que emocionalmente hicimos con Globant se pueden bajar y funcionan igual porque la tem\u00e1tica es igual. Es un sistema muy virtuoso.<\/p>\n<p><strong>&#8211; \u00bfY qu\u00e9 se siente, m\u00e1s all\u00e1 del tema profesional, desarrollar un sistema que ayuda a chicos que tienen discapacidades, con todo lo que implica? <\/strong><\/p>\n<p>&#8211; Es muy fuerte. Una persona me cuenta que en Espa\u00f1a su hijo discapacitado usa la aplicaci\u00f3n nuestra y yo todav\u00eda me emociono. En mi alma de pelotudo que soy. Hace doce a\u00f1os que hablo de esto, pero te emociona mucho cuando un padre te cuenta que usa con su hijo la aplicaci\u00f3n que hicimos ac\u00e1 en Burgos. \u00bfPor qu\u00e9 la usa con el pibe? Porque el pibe no habla. Y en un momento, porque esto lo escuch\u00e9 gracias a Dios un mont\u00f3n de veces, en un momento de la vida te sirve.<\/p>\n<p><strong>&#8211; Veo que te emociona la cuesti\u00f3n. \u00bfTe encontraste tambi\u00e9n Espa\u00f1a con esa sensibilidad?<\/strong><\/p>\n<p>&#8211; Es una problem\u00e1tica que es com\u00fan en cualquier pa\u00eds. En un momento me toc\u00f3 dar una charla TED en Argentina. En la \u00e9poca de los piquetes. Estoy dando la charla y veo que entran, cuando yo ya estoy terminando, una pareja muy joven con un nene con S\u00edndrome de Down. Y cuando termina la charla, vienen y me dicen: \u00abLlegamos tarde, pero quer\u00edamos estar porque creemos que nuestro hijo hoy hay cosas que no puede hacer, pero con la tecnolog\u00eda cuando \u00e9l sea m\u00e1s grande va a poder hacer un mont\u00f3n de cosas que hoy no puede hacer\u201d. Entonces, es verdad que la tecnolog\u00eda, m\u00e1s all\u00e1 de todo lo malo que puede tener, tiene tambi\u00e9n este tipo de cosas. Y a esta gente, como a esos padres de 25 a\u00f1os con un hijo con S\u00edndrome de Down, les generas esta esperanza. Por eso, digo, por esto solo, yo seguir\u00eda en esto. La batalla ya est\u00e1 ganada (lagrimea).<\/p>\n<p><strong>&#8211; Siempre, en estos desarrollos y con el uso de la tecnolog\u00eda, la delantera la lleva el Estado. \u00bfSeg\u00fan tus a\u00f1os de experiencia, el sector privado empieza a tener otro protagonismo?<\/strong><\/p>\n<p>&#8211; S\u00ed, claro, y est\u00e1 bueno el planteo porque esto pasa, en mi opini\u00f3n, en muchos otros aspectos de la sociedad. Donde uno presume que es el Estado el que tiene que tomar las riendas. Sobre todo, en un tema tan sensible como puede ser el de la discapacidad. Nosotros fuimos por el camino de plantear, m\u00e1s all\u00e1 de lo que hace el Estado con las fundaciones, \u00bfc\u00f3mo podemos nosotros mejorarle la vida a esta gente? Nos dimos cuenta cuanto hab\u00eda avanzado la tecnolog\u00eda. Tanto que Google ahora acaba de lanzar en EEUU la aplicaci\u00f3n con lenguaje de se\u00f1as, que nosotros venimos trabajando desde hace a\u00f1os. Entonces, la tecnolog\u00eda en todo este proceso nos acompa\u00f1\u00f3 creciendo de una manera que nos permite hacer cosas que hace antes eran impensadas.<\/p>\n<p>Se suma a la entrevista el cofundador de Uanaknow, Justiniano Vila<\/p>\n<p><strong>&#8211; \u00bfY qu\u00e9 papel juega Uanaknow en este proceso? <\/strong><\/p>\n<p>&#8211; Justiniano Vila: Conoc\u00ed a Pablo en el ecosistema de ASAEDE, de la Asociaci\u00f3n Argentina Espa\u00f1ola de Emprendedores, y me toc\u00f3 despu\u00e9s ver la charla TED que \u00e9l menciona. Y yo estaba en el momento en el que mi hermano hab\u00eda recibido la noticia de que su hijo iba a nacer con S\u00edndrome de Down. Bueno, ahora que me toca de cerca, me involucro. Y es que no tenemos que esperar. Al final te nace decir, \u00bfqu\u00e9 es lo que puedo hacer? Porque antes no lo hac\u00eda, y ahora tengo la oportunidad de hacerlo. Y se dio en el contexto de que estaban buscando llevarlo a otros mercados. Y te das cuenta que ven\u00eds trabajando en un mont\u00f3n de cosas de desarrollo tecnol\u00f3gico, hasta que descubr\u00ed que la tecnolog\u00eda tambi\u00e9n puede ser usada para que un pibe con discapacidad pueda subirse al bus y pagar el billete. Pues, qu\u00e9 b\u00e1sico, pero no lo pod\u00eda hacer. La pregunta es clara. \u00bfQu\u00e9 es lo que tenemos que hacer para que esto se masifique un poco m\u00e1s? Porque al final depende de la voluntad de cinco o seis empresas, que donan horas para que esto suceda. En mi caso, somos una empresa peque\u00f1a, donamos lo que podemos. Me encantar\u00eda reconvertir toda la empresa y dedicarnos solo a esto. Encontrar el equilibrio y poder aportar a estos proyectos que al final, si la tecnolog\u00eda cambia la vida, estas son las vidas que cambian realmente.<\/p>\n<p><strong>&#8211; \u00bfLa sinton\u00eda de trabajo con colegas espa\u00f1oles de la tecnolog\u00eda se dio en forma natural?<\/strong><\/p>\n<p>&#8211; El trabajo con Autismo Burgos fue un placer porque son super profesionales. Se involucraron con el proyecto, hay un plan, hay reuniones y las tareas van y se hacen. Hay objetivos como con cualquier otro cliente. Y lo bueno es que a los que estamos del lado de la tecnolog\u00eda, tenemos que aprender. Estamos haciendo un proyecto que va a ayudar a un mont\u00f3n de gente a integrarse a tareas b\u00e1sicas.<\/p>\n<p>Ahora en di\u00e1logo con el Director Comercial de Reserv IT Solutions Espa\u00f1a, Marcelo L\u00f3pez S\u00e1enz contin\u00faa la entrevista:<\/p>\n<p><strong>&#8211; \u00bfY c\u00f3mo se involucr\u00f3 Reserv IT Solutions en este equipo de trabajo? <\/strong><\/p>\n<p>&#8211; Marcelo L\u00f3pez S\u00e1enz. Nosotros llegamos por esas cosas de la vida. Fue a trav\u00e9s de un partner nuestro ac\u00e1 en Espa\u00f1a, que nos refiri\u00f3 a Mariano Salda\u00f1a, que est\u00e1 en el proyecto DANE de la Fundaci\u00f3n TINC. A Justiniano lo conoc\u00eda por Asaede tambi\u00e9n. Entonces, ese encuentro fortaleci\u00f3 esta amistad que se fue formando en ayudar a otras personas. Yo trabajo en Reserv IT Solution, que es una empresa que hace 38 a\u00f1os que est\u00e1 en el desarrollo de software a medida. Vimos de todo de la parte comercial, administrativa y, cuando llegamos a esto que es el trastorno del espectro autista, tuvimos que hacer como un crash course de lo que Pablo hab\u00eda hecho en 12 a\u00f1os. Fueron 6 meses en los que tuvimos que aprender la importancia del color, del tama\u00f1o, de la limpieza. Nosotros ten\u00edamos 500 mil soluciones llenas de funcionalidades y la gente de Autismo Burgos nos fueron explicando todo. Para nosotros era un mundo nuevo, totalmente distinto de lo que conoc\u00edamos. Y la verdad es que hoy vamos por 6 meses desde que lanzamos la aplicaci\u00f3n y tenemos una muy buena aceptaci\u00f3n en Espa\u00f1a. La verdad es que muy emocionante, porque es distinto. No es lo mismo ver que lo est\u00e1s haciendo para alguien que lo necesita desde otro lado, porque todos nuestros clientes necesitan sus aplicaciones para vivir, para mejorar sus vidas. Cuando Autismo Burgos lanz\u00f3 su video promocional en donde vimos a los chicos, a los que conoc\u00edamos usando las aplicaciones, y se te caen las l\u00e1grimas. Y si en tu familia ten\u00e9s a alguien que est\u00e1 en esa situaci\u00f3n, es incre\u00edble, es m\u00e1gico.<\/p>\n<p><a href=\"https:\/\/quasarcomunicacion.com.ar\/web\/wp-content\/uploads\/2025\/01\/comunicat.gif\"><img class=\"aligncenter\" src=\"https:\/\/quasarcomunicacion.com.ar\/web\/wp-content\/uploads\/2025\/01\/comunicat.gif\" \/><\/a><\/p>\n<p><strong>M\u00e1s sobre ComunicaT<\/strong><\/p>\n<p>En esta primera versi\u00f3n de la aplicaci\u00f3n se ha desarrollado la configuraci\u00f3n de itinerarios de aprendizaje y gesti\u00f3n de personas usuarias de la aplicaci\u00f3n. Est\u00e1 previsto en futuras actualizaciones desarrollar nuevas funcionalidades incluyendo actividades l\u00fadicas para facilitar la adquisici\u00f3n de nuevos signos y herramientas para que los profesionales puedan evaluar el progreso de las personas usuarias.<\/p>\n<p>En los \u00faltimos a\u00f1os, los casos de Trastorno del Espectro del Autismo (TEA) han aumentado significativamente a nivel global. Estudios recientes estiman que afecta a aproximadamente 1 de cada 100 personas, lo que se traduce en m\u00e1s de 450.000 personas con TEA en Espa\u00f1a.<\/p>\n<p>Una de las principales caracter\u00edsticas del TEA es la dificultad en la comunicaci\u00f3n y la interacci\u00f3n social. Para apoyar a las personas en el espectro del autismo, nace <a href=\"https:\/\/play.google.com\/store\/apps\/details?id=io.ionic.autismo&amp;hl=es_AR\"> ComunicaT<\/a>, una nueva aplicaci\u00f3n gratuita dise\u00f1ada para facilitar el aprendizaje comunicativo a trav\u00e9s de signos y pictogramas, promoviendo as\u00ed una mejor comprensi\u00f3n de conceptos clave en personas con TEA.<\/p>\n<p>Aunque ComunicaT fue dise\u00f1ada inicialmente para personas con TEA, su versatilidad la convierte en una herramienta \u00fatil para cualquier persona interesada en mejorar su comunicaci\u00f3n a trav\u00e9s de signos y pictogramas, independientemente de su condici\u00f3n.<\/p>\n<p>Una de las caracter\u00edsticas m\u00e1s destacadas de ComunicaT es la posibilidad de crear rutas de aprendizaje personalizadas. Estas pueden ser definidas por el propio usuario o por un profesional que lo acompa\u00f1e, facilitando as\u00ed el entrenamiento y la adquisici\u00f3n de nuevos conceptos comunicativos mediante apoyos visuales.<\/p>\n<p><a href=\"https:\/\/quasarcomunicacion.com.ar\/web\/wp-content\/uploads\/2025\/01\/comunicat1.gif\"><img class=\"aligncenter\" src=\"https:\/\/quasarcomunicacion.com.ar\/web\/wp-content\/uploads\/2025\/01\/comunicat1.gif\" \/><\/a><\/p>\n<p><strong>Disponibilidad y descarga <\/strong><\/p>\n<p><strong>ComunicaT<\/strong> est\u00e1 disponible de manera gratuita exclusivamente para dispositivos Android, y promete ser una herramienta esencial para mejorar la comunicaci\u00f3n de personas con TEA y otras necesidades de apoyo visual. Se puede descargar a trav\u00e9s de este enlace: <a href=\"https:\/\/play.google.com\/store\/apps\/details?id=io.ionic.autismo&amp;hl=es_AR\"> ComunicaT<\/a>.<\/p>\n<p>Para m\u00e1s informaci\u00f3n:<br \/>\n<strong>Fundaci\u00f3n TINC<\/strong><br \/>\n<a href=\"https:\/\/tinc.org.ar\/\">https:\/\/tinc.org.ar\/<\/a><\/p>\n<p><strong>Proyecto DANE<\/strong><br \/>\n<a href=\"http:\/\/www.proyectodane.org\/\"> http:\/\/www.proyectodane.org\/<\/a><\/p>\n<p><strong>Autismo Burgos<\/strong><br \/>\n<a href=\"https:\/\/www.autismoburgos.es\/\"> https:\/\/www.autismoburgos.es\/<\/a><\/p>\n<p><strong>Reserv IT Solutions<\/strong><br \/>\n<a href=\"https:\/\/reserv.solutions\/es\/inicio\"> https:\/\/reserv.solutions\/es\/inicio<\/a><\/p>\n<p><strong>Uanaknow<\/strong><br \/>\n<a href=\"https:\/\/uanaknow.com\/\">https:\/\/uanaknow.com\/<\/a><\/p>\n<p><strong> Acerca de Fundaci\u00f3n TINC<\/strong><\/p>\n<p>FUNDACI\u00d3N TINC \u2013 TECNOLOG\u00cdA POR LA INCLUSI\u00d3N SOCIAL, es una entidad de car\u00e1cter civil sin fines de lucro creada por profesionales del \u00e1rea de la tecnolog\u00eda, y la educaci\u00f3n, que articula el trabajo con universidades, ONGs, y empresas privadas, para desarrollar tecnolog\u00edas inclusivas.<br \/>\nEn TINC se promueven proyectos tecnol\u00f3gicos que ofrezcan una respuesta concreta a las necesidades de las personas con discapacidad, y otros sectores vulnerables; con el fin de mejorar su integraci\u00f3n social y calidad de vida. Realizan proyectos propios o articulando con otros actores. En la actualidad llevan adelante: Proyecto Nahual; Club de Chicas Programadoras y Proyecto DANE.<\/p>\n<p><a href=\"http:\/\/www.tinc.org.ar\"> www.tinc.org.ar<\/a><\/p>\n<p><strong> Acerca de Proyecto DANE<\/strong><\/p>\n<p>El Proyecto DANE es una iniciativa que nuclea a programadores, desarrolladores, profesionales de la educaci\u00f3n, psic\u00f3logos, terapistas ocupacionales y ONGs para desarrollar aplicaciones m\u00f3viles gratuitas destinadas a personas con discapacidad. Las aplicaciones del Proyecto DANE buscan entrenar habilidades acad\u00e9micas, funcionales, comunicacionales y tambi\u00e9n sociales y sensoriales. Desde su creaci\u00f3n han desarrollado m\u00e1s de 16 aplicaciones junto a ASDRA, Apadea y FUNDASOR. Actualmente forma parte de la Fundaci\u00f3n TINC Tecnolog\u00edas por la inclusi\u00f3n, que nuclea diferentes iniciativas relacionadas con la utilizaci\u00f3n de la tecnolog\u00eda con fines sociales.<\/p>\n<p><a href=\"http:\/\/www.proyectodane.org\"> www.proyectodane.org<\/a><\/p>\n<p><strong><em>Por otras im\u00e1genes, audios o entrevistas no dude en contactarse<\/em><\/strong><\/p>\n<p><strong><em> Contactos de Prensa<\/em><\/strong><\/p>\n<table width=\"100%\">\n<tbody>\n<tr>\n<td width=\"50%\"><strong> Candela Villanueva &#8211; Asistente de Cuentas<\/p>\n<p><\/strong> <b> Directo<\/b><strong>: <\/strong> 0230-4664772<br \/>\n<b> Skype:<\/b> quasarcomunicacion<br \/>\n<b> Instagram<\/b>: @quasarcomunicacion<br \/>\n<b> Twitter:<\/b> @quasarpilar<br \/>\n<b> Gr<\/b><b>upo y p\u00e1gina en Facebook: <\/b> www.facebook.com\/<a href=\"mailto:mfipata@gmail.com\">Quasar<\/a>Comunicacion<br \/>\n<b> Web:<\/b> <a href=\"http:\/\/www.quasarcomunicacion.com.ar\"> www.quasarcomunicacion.com.ar<\/a><\/p>\n<p><b> Mail<\/b><strong>:<\/strong> <a href=\"mailto:fernanda@quasarcomunicacion.com.ar\"> candela<\/a><a href=\"mailto:fernanda@quasarcomunicacion.com.ar\">@quasarcomunicacion.com.ar<\/a><\/td>\n<td width=\"50%\"><strong> Lic. Mar\u00eda Fernanda Ipata &#8211; Directora<br \/>\n<\/strong> <b><br \/>\n<\/b> <b> M\u00f3vil:<\/b> 0230-15-4584535<br \/>\n<b> Whatsapp<\/b><b>:<\/b><a href=\"https:\/\/bit.ly\/2J4cUvm\"> 11 5312 6795<\/a><br \/>\n<a href=\"https:\/\/bit.ly\/2Sn1zLP\"> Enviar whatsapp aqu\u00ed<\/a><br \/>\n<b> Skype:<\/b> quasarcomunicacion<br \/>\n<b> LinkedIn<\/b><strong>:\u00a0 <\/strong> <strong> <a href=\"http:\/\/www.linkedin.com\/in\/mfipata\"> http:\/\/www.linkedin.com\/in\/mfipata<\/a><\/strong><br \/>\n<a href=\"https:\/\/www.linkedin.com\/company\/quasarcomunicacion\"> https:\/\/www.linkedin.com\/company\/quasarcomunicacion<\/a><br \/>\n<b> Instagram y Facebook:<\/b> @quasarcomunicacion <b><br \/>\nWeb:<\/b> <a href=\"http:\/\/www.quasarcomunicacion.com.ar\"> www.quasarcomunicacion.com.ar<\/a><br \/>\n<b> Mail<\/b><strong>:<\/strong><a href=\"mailto:fernanda@quasarcomunicacion.com.ar\"> fernanda@quasarcomunicacion.com.ar<\/a><br \/>\n<b> Canal de Telegram para acceder a comunicados:<\/b> https:\/\/t.me\/comunicadosQC<\/td>\n<\/tr>\n<\/tbody>\n<\/table>\n","protected":false},"excerpt":{"rendered":"<p>Fundaci\u00f3n TINC (Tecnolog\u00eda por la Inclusi\u00f3n Social) y Proyecto Dane desarrollaron el primer trabajo colaborativo con empresa e instituciones de [&hellip;]<\/p>\n","protected":false},"author":2,"featured_media":13046,"comment_status":"closed","ping_status":"closed","sticky":false,"template":"","format":"standard","meta":[],"categories":[2],"tags":[],"_links":{"self":[{"href":"https:\/\/quasarcomunicacion.com.ar\/web\/wp-json\/wp\/v2\/posts\/13047"}],"collection":[{"href":"https:\/\/quasarcomunicacion.com.ar\/web\/wp-json\/wp\/v2\/posts"}],"about":[{"href":"https:\/\/quasarcomunicacion.com.ar\/web\/wp-json\/wp\/v2\/types\/post"}],"author":[{"embeddable":true,"href":"https:\/\/quasarcomunicacion.com.ar\/web\/wp-json\/wp\/v2\/users\/2"}],"replies":[{"embeddable":true,"href":"https:\/\/quasarcomunicacion.com.ar\/web\/wp-json\/wp\/v2\/comments?post=13047"}],"version-history":[{"count":1,"href":"https:\/\/quasarcomunicacion.com.ar\/web\/wp-json\/wp\/v2\/posts\/13047\/revisions"}],"predecessor-version":[{"id":13048,"href":"https:\/\/quasarcomunicacion.com.ar\/web\/wp-json\/wp\/v2\/posts\/13047\/revisions\/13048"}],"wp:featuredmedia":[{"embeddable":true,"href":"https:\/\/quasarcomunicacion.com.ar\/web\/wp-json\/wp\/v2\/media\/13046"}],"wp:attachment":[{"href":"https:\/\/quasarcomunicacion.com.ar\/web\/wp-json\/wp\/v2\/media?parent=13047"}],"wp:term":[{"taxonomy":"category","embeddable":true,"href":"https:\/\/quasarcomunicacion.com.ar\/web\/wp-json\/wp\/v2\/categories?post=13047"},{"taxonomy":"post_tag","embeddable":true,"href":"https:\/\/quasarcomunicacion.com.ar\/web\/wp-json\/wp\/v2\/tags?post=13047"}],"curies":[{"name":"wp","href":"https:\/\/api.w.org\/{rel}","templated":true}]}}