{"id":13041,"date":"2025-08-18T14:13:56","date_gmt":"2025-08-18T14:13:56","guid":{"rendered":"https:\/\/quasarcomunicacion.com.ar\/web\/?p=13041"},"modified":"2025-08-18T15:57:46","modified_gmt":"2025-08-18T15:57:46","slug":"feria-de-emprendedores-en-el-colegio-chesterton","status":"publish","type":"post","link":"https:\/\/quasarcomunicacion.com.ar\/web\/feria-de-emprendedores-en-el-colegio-chesterton\/","title":{"rendered":"Feria de Emprendedores en el Colegio Chesterton"},"content":{"rendered":"<p>El pr\u00f3ximo s\u00e1bado 23 de agosto, de 14 a 17 horas, el <strong>Colegio Chesterton <\/strong>(Sarmiento 299, Pilar) organiza una nueva <strong> Feria de Emprendedores<\/strong>, un evento que reunir\u00e1 m\u00e1s de 20 puestos con productos variados, espect\u00e1culos y actividades en el marco del D\u00eda de la Ni\u00f1ez. <span style=\"font-family: Verdana,sans-serif; font-size: small;\">Participar\u00e1 la Red de Costureras Solidarias de Pilar. La misma es abierta al p\u00fablico con entrada libre y gratuita.<\/span><!--more--><\/p>\n<p>La propuesta busca promover un espacio de encuentro y crecimiento comunitario, impulsado por estudiantes de nivel secundario con orientaci\u00f3n en Econom\u00eda. Seg\u00fan explic\u00f3 la directora del Nivel Primario del Colegio, Fabricia Moira Allende, el objetivo es \u201c<em>unirnos como comunidad para favorecer la vivencia del emprendedurismo en nuestros estudiantes, familias y personas de Pilar que desean participar<\/em>\u201d.<\/p>\n<p><a href=\"https:\/\/quasarcomunicacion.com.ar\/web\/wp-content\/uploads\/2025\/08\/feriachesterton.jpg\"><img class=\"aligncenter\" src=\"https:\/\/quasarcomunicacion.com.ar\/web\/wp-content\/uploads\/2025\/08\/feriachesterton.jpg\" \/><\/a><\/p>\n<p>Durante la feria habr\u00e1 un taller de circo a cargo de Circo Sar, un espacio de ajedrez para ni\u00f1os gestionado por el Club de Ajedrez de Presidente Derqui, y la participaci\u00f3n de autores de literatura infantil como Alicia Di Felice y el grupo Las tres cigarras, que compartir\u00e1n piezas gr\u00e1ficas y libros.<\/p>\n<p>Tambi\u00e9n se sumar\u00e1n voluntarias de la <strong>Red de Costureras Solidarias de Pilar<\/strong> con quien el Colegio siempre realiza actividades en conjunto y se suma a las iniciativas solidarias.<\/p>\n<p><a href=\"https:\/\/quasarcomunicacion.com.ar\/web\/wp-content\/uploads\/2025\/08\/chesterton1.gif\"><img class=\"aligncenter\" src=\"https:\/\/quasarcomunicacion.com.ar\/web\/wp-content\/uploads\/2025\/08\/chesterton1.gif\" \/><\/a><\/p>\n<p>En esta oportunidad las Costureras asistir\u00e1n con su Roperito Solidario ofreciendo prendas de moda circular para recaudar fondos para las iniciativas de capacitaci\u00f3n para emprendedores textiles que llevan adelante. Tambi\u00e9n estar\u00e1 disponible la ropa confeccionadas por el Taller de Confecci\u00f3n de la Red . Su coordinadora, M\u00f3nica Blanco, adelant\u00f3 que este a\u00f1o la expectativa est\u00e1 puesta en recaudar fondos para el mantenimiento de las m\u00e1quinas e insumos del Taller de Costura. La Red recibi\u00f3 donaciones luego de una entrevista televisiva y esas m\u00e1quinas necesitan reparaci\u00f3n. \u201c<em>Volvemos con muchas ganas para mostrar lo que hacemos. Habr\u00e1 buzos, almohadones y un roperito solidario de moda circular a muy buenos precios, adem\u00e1s de los productos confeccionados por nosotras en el taller<\/em>\u201d, cont\u00f3.<\/p>\n<p>Adem\u00e1s, como siempre recibir\u00e1n donaciones de ropa, calzado, \u00fatiles escolares, libros, insumos de costura y alimentos no perecederos para colaborar con los que menos tienen.<\/p>\n<p><a href=\"https:\/\/quasarcomunicacion.com.ar\/web\/wp-content\/uploads\/2025\/08\/chesterton.gif\"><img class=\"aligncenter\" src=\"https:\/\/quasarcomunicacion.com.ar\/web\/wp-content\/uploads\/2025\/08\/chesterton.gif\" \/><\/a><\/p>\n<p>La feria contar\u00e1 con stands de artesan\u00edas en velas, aromas, cer\u00e1mica y plantas, as\u00ed como rubros de juguetes, indumentaria, maquillajes, accesorios, uniformes escolares, calzado, lencer\u00eda, pijamas, alimentaci\u00f3n saludable, blanquer\u00eda, impresiones y productos para el hogar.<\/p>\n<p>Se espera una jornada colmada de opciones para disfrutar en familia y apoyar tanto a los emprendedores locales como a las iniciativas solidarias que fortalecen el entramado social de Pilar.<\/p>\n<p><strong><em> Por otras im\u00e1genes, audios o entrevistas no dude en contactarse<\/em><\/strong><\/p>\n<p><strong><em> Contactos de Prensa<\/em><\/strong><\/p>\n<table width=\"100%\">\n<tbody>\n<tr>\n<td width=\"50%\"><strong> Mauro Morales<\/strong><\/p>\n<p><b> Directo<\/b><strong>: <\/strong> 0230-4664772<br \/>\n<b> Skype:<\/b> quasarcomunicacion<br \/>\n<b> Instagram<\/b>: @quasarcomunicacion<br \/>\n<b> Twitter:<\/b> @quasarpilar<br \/>\n<b> Gr<\/b><b>upo y p\u00e1gina en Facebook: <\/b> www.facebook.com\/<a href=\"mailto:mfipata@gmail.com\">Quasar<\/a>Comunicacion<br \/>\n<b> Web:<\/b> <a href=\"http:\/\/www.quasarcomunicacion.com.ar\"> www.quasarcomunicacion.com.ar<\/a><\/p>\n<p><b> Mail<\/b><strong>:<\/strong> <a href=\"mailto:fernanda@quasarcomunicacion.com.ar\"> info@quasarcomunicacion.com.ar<\/a><\/td>\n<td width=\"50%\"><strong> Lic. Mar\u00eda Fernanda Ipata &#8211; Directora<br \/>\n<\/strong> <b><br \/>\n<\/b> <b> M\u00f3vil:<\/b> 0230-15-4584535<br \/>\n<b> Whatsapp<\/b><b>:<\/b><a href=\"https:\/\/bit.ly\/2J4cUvm\"> 11 5312 6795<\/a><br \/>\n<a href=\"https:\/\/bit.ly\/2Sn1zLP\"> Enviar whatsapp aqu\u00ed<\/a><br \/>\n<b> Skype:<\/b> quasarcomunicacion<br \/>\n<b> LinkedIn<\/b><strong>:\u00a0 <\/strong> <strong> <a href=\"http:\/\/www.linkedin.com\/in\/mfipata\"> http:\/\/www.linkedin.com\/in\/mfipata<\/a><\/strong><br \/>\n<a href=\"https:\/\/www.linkedin.com\/company\/quasarcomunicacion\"> https:\/\/www.linkedin.com\/company\/quasarcomunicacion<\/a><br \/>\n<b> Instagram y Facebook:<\/b> @quasarcomunicacion <b><br \/>\nWeb:<\/b> <a href=\"http:\/\/www.quasarcomunicacion.com.ar\"> www.quasarcomunicacion.com.ar<\/a><br \/>\n<b> Mail<\/b><strong>:<\/strong><a href=\"mailto:fernanda@quasarcomunicacion.com.ar\"> fernanda@quasarcomunicacion.com.ar<\/a><br \/>\n<b> Telegram: https:\/\/t.me\/QuasarComunicacion<\/b><br \/>\n<b> Canal de Telegram para acceder a comunicados:<\/b> https:\/\/t.me\/comunicadosQC<\/td>\n<\/tr>\n<\/tbody>\n<\/table>\n","protected":false},"excerpt":{"rendered":"<p>El pr\u00f3ximo s\u00e1bado 23 de agosto, de 14 a 17 horas, el Colegio Chesterton (Sarmiento 299, Pilar) organiza una nueva [&hellip;]<\/p>\n","protected":false},"author":2,"featured_media":13038,"comment_status":"closed","ping_status":"closed","sticky":false,"template":"","format":"standard","meta":[],"categories":[2],"tags":[],"_links":{"self":[{"href":"https:\/\/quasarcomunicacion.com.ar\/web\/wp-json\/wp\/v2\/posts\/13041"}],"collection":[{"href":"https:\/\/quasarcomunicacion.com.ar\/web\/wp-json\/wp\/v2\/posts"}],"about":[{"href":"https:\/\/quasarcomunicacion.com.ar\/web\/wp-json\/wp\/v2\/types\/post"}],"author":[{"embeddable":true,"href":"https:\/\/quasarcomunicacion.com.ar\/web\/wp-json\/wp\/v2\/users\/2"}],"replies":[{"embeddable":true,"href":"https:\/\/quasarcomunicacion.com.ar\/web\/wp-json\/wp\/v2\/comments?post=13041"}],"version-history":[{"count":4,"href":"https:\/\/quasarcomunicacion.com.ar\/web\/wp-json\/wp\/v2\/posts\/13041\/revisions"}],"predecessor-version":[{"id":13045,"href":"https:\/\/quasarcomunicacion.com.ar\/web\/wp-json\/wp\/v2\/posts\/13041\/revisions\/13045"}],"wp:featuredmedia":[{"embeddable":true,"href":"https:\/\/quasarcomunicacion.com.ar\/web\/wp-json\/wp\/v2\/media\/13038"}],"wp:attachment":[{"href":"https:\/\/quasarcomunicacion.com.ar\/web\/wp-json\/wp\/v2\/media?parent=13041"}],"wp:term":[{"taxonomy":"category","embeddable":true,"href":"https:\/\/quasarcomunicacion.com.ar\/web\/wp-json\/wp\/v2\/categories?post=13041"},{"taxonomy":"post_tag","embeddable":true,"href":"https:\/\/quasarcomunicacion.com.ar\/web\/wp-json\/wp\/v2\/tags?post=13041"}],"curies":[{"name":"wp","href":"https:\/\/api.w.org\/{rel}","templated":true}]}}