{"id":13034,"date":"2025-08-07T19:26:12","date_gmt":"2025-08-07T19:26:12","guid":{"rendered":"https:\/\/quasarcomunicacion.com.ar\/web\/?p=13034"},"modified":"2025-08-07T19:26:12","modified_gmt":"2025-08-07T19:26:12","slug":"folclore-y-tango-en-la-pena-de-piantao","status":"publish","type":"post","link":"https:\/\/quasarcomunicacion.com.ar\/web\/folclore-y-tango-en-la-pena-de-piantao\/","title":{"rendered":"Folclore y Tango en la Pe\u00f1a de Piantao"},"content":{"rendered":"<p>El viernes 15 de agosto desde las 20.30 hs H\u00e9ctor Bacci propone una pe\u00f1a de tango y folclore en Piantao Club Cultural (Jorge Newbery 1467, B1630 La Lonja, Provincia de Buenos Aires). Entradas por Passline <a href=\"https:\/\/www.passline.com\/eventos\/la-pena-de-piantao-aldo-ortiz-hector-bacci\"> https:\/\/www.passline.com\/eventos\/la-pena-de-piantao-aldo-ortiz-hector-bacci<\/a><!--more--><\/p>\n<p>El m\u00fasico pilarense se presentar\u00e1 junto al talentoso violinista Aldo Ortiz recreando cl\u00e1sicos del folclore nacional. Tambi\u00e9n actuar\u00e1 c\u00f3mo cantante invitada Alejandra Cisneros (tango) y la noche contar\u00e1 con un espacio para bailar tango, musicalizado por la bailarina Mar\u00eda Gabriela Rodr\u00edguez.<\/p>\n<p><strong><a href=\"https:\/\/quasarcomunicacion.com.ar\/web\/wp-content\/uploads\/2025\/08\/piantaoagosto.gif\"><img class=\"aligncenter\" src=\"https:\/\/quasarcomunicacion.com.ar\/web\/wp-content\/uploads\/2025\/08\/piantaoagosto.gif\" \/><\/a><\/strong><\/p>\n<p>M\u00fasica y baile, condimentos necesarios para disfrutar una noche con una propuesta novedosa y con excelentes artistas. Por m\u00e1s informaci\u00f3n y consultas comunicarse por las redes sociales <a href=\"https:\/\/linktr.ee\/hectorbacci\"> https:\/\/linktr.ee\/hectorbacci<\/a>\u00a0 o al +54 9 11 5502-6856<\/p>\n<p>La pe\u00f1a tendr\u00e1 la modalidad de micr\u00f3fono abierto para quien desee sumarse y espacio para bailar.<\/p>\n<p><strong><em>Por otras im\u00e1genes, audios o entrevistas no dude en contactarse<\/em><\/strong><\/p>\n<p><strong><em> Contactos de Prensa<\/em><\/strong><\/p>\n<table width=\"100%\">\n<tbody>\n<tr>\n<td width=\"50%\"><strong> Candela Villanueva &#8211; Ejecutiva de Cuentas<\/p>\n<p><\/strong> <b> Directo<\/b><strong>: <\/strong> 0230-4664772<br \/>\n<b> Skype:<\/b> quasarcomunicacion<br \/>\n<b> Instagram<\/b>: @quasarcomunicacion<br \/>\n<b> Twitter:<\/b> @quasarpilar<br \/>\n<b> Gr<\/b><b>upo y p\u00e1gina en Facebook: <\/b> www.facebook.com\/<a href=\"mailto:mfipata@gmail.com\">Quasar<\/a>Comunicacion<br \/>\n<b> Web:<\/b> <a href=\"http:\/\/www.quasarcomunicacion.com.ar\"> www.quasarcomunicacion.com.ar<\/a><\/p>\n<p><b> Mail<\/b><strong>:<\/strong> <a href=\"mailto:fernanda@quasarcomunicacion.com.ar\"> candela<\/a><a href=\"mailto:fernanda@quasarcomunicacion.com.ar\">@quasarcomunicacion.com.ar<\/a><\/td>\n<td width=\"50%\"><strong> Lic. Mar\u00eda Fernanda Ipata &#8211; Directora<br \/>\n<\/strong> <b><br \/>\n<\/b> <b> M\u00f3vil:<\/b> 0230-15-4584535<br \/>\n<b> Whatsapp<\/b><b>:<\/b><a href=\"https:\/\/bit.ly\/2J4cUvm\"> 11 5312 6795<\/a><br \/>\n<a href=\"https:\/\/bit.ly\/2Sn1zLP\"> Enviar whatsapp aqu\u00ed<\/a><br \/>\n<b> Skype:<\/b> quasarcomunicacion<br \/>\n<b> LinkedIn<\/b><strong>:\u00a0 <\/strong> <strong> <a href=\"http:\/\/www.linkedin.com\/in\/mfipata\"> http:\/\/www.linkedin.com\/in\/mfipata<\/a><\/strong><br \/>\n<a href=\"https:\/\/www.linkedin.com\/company\/quasarcomunicacion\"> https:\/\/www.linkedin.com\/company\/quasarcomunicacion<\/a><br \/>\n<b> Instagram y Facebook:<\/b> @quasarcomunicacion <b><br \/>\nWeb:<\/b> <a href=\"http:\/\/www.quasarcomunicacion.com.ar\"> www.quasarcomunicacion.com.ar<\/a><br \/>\n<b> Mail<\/b><strong>:<\/strong><a href=\"mailto:fernanda@quasarcomunicacion.com.ar\"> fernanda@quasarcomunicacion.com.ar<\/a><br \/>\n<b> Canal de Telegram para acceder a comunicados:<\/b> <a href=\"https:\/\/t.me\/comunicadosQC\"> https:\/\/t.me\/comunicadosQC<\/a><br \/>\n<a href=\"https:\/\/t.me\/quasarcomunicacion\"> <b>Telegram: <\/b> <b> https:\/\/t.me\/quasarcomunicacion<\/b><\/a><\/td>\n<\/tr>\n<\/tbody>\n<\/table>\n","protected":false},"excerpt":{"rendered":"<p>El viernes 15 de agosto desde las 20.30 hs H\u00e9ctor Bacci propone una pe\u00f1a de tango y folclore en Piantao [&hellip;]<\/p>\n","protected":false},"author":2,"featured_media":13035,"comment_status":"closed","ping_status":"closed","sticky":false,"template":"","format":"standard","meta":[],"categories":[2],"tags":[],"_links":{"self":[{"href":"https:\/\/quasarcomunicacion.com.ar\/web\/wp-json\/wp\/v2\/posts\/13034"}],"collection":[{"href":"https:\/\/quasarcomunicacion.com.ar\/web\/wp-json\/wp\/v2\/posts"}],"about":[{"href":"https:\/\/quasarcomunicacion.com.ar\/web\/wp-json\/wp\/v2\/types\/post"}],"author":[{"embeddable":true,"href":"https:\/\/quasarcomunicacion.com.ar\/web\/wp-json\/wp\/v2\/users\/2"}],"replies":[{"embeddable":true,"href":"https:\/\/quasarcomunicacion.com.ar\/web\/wp-json\/wp\/v2\/comments?post=13034"}],"version-history":[{"count":1,"href":"https:\/\/quasarcomunicacion.com.ar\/web\/wp-json\/wp\/v2\/posts\/13034\/revisions"}],"predecessor-version":[{"id":13036,"href":"https:\/\/quasarcomunicacion.com.ar\/web\/wp-json\/wp\/v2\/posts\/13034\/revisions\/13036"}],"wp:featuredmedia":[{"embeddable":true,"href":"https:\/\/quasarcomunicacion.com.ar\/web\/wp-json\/wp\/v2\/media\/13035"}],"wp:attachment":[{"href":"https:\/\/quasarcomunicacion.com.ar\/web\/wp-json\/wp\/v2\/media?parent=13034"}],"wp:term":[{"taxonomy":"category","embeddable":true,"href":"https:\/\/quasarcomunicacion.com.ar\/web\/wp-json\/wp\/v2\/categories?post=13034"},{"taxonomy":"post_tag","embeddable":true,"href":"https:\/\/quasarcomunicacion.com.ar\/web\/wp-json\/wp\/v2\/tags?post=13034"}],"curies":[{"name":"wp","href":"https:\/\/api.w.org\/{rel}","templated":true}]}}