{"id":13020,"date":"2025-07-30T19:17:33","date_gmt":"2025-07-30T19:17:33","guid":{"rendered":"https:\/\/quasarcomunicacion.com.ar\/web\/?p=13020"},"modified":"2025-07-30T19:19:08","modified_gmt":"2025-07-30T19:19:08","slug":"hector-bacci-regreso-de-su-gira-europea-con-agenda-renovada","status":"publish","type":"post","link":"https:\/\/quasarcomunicacion.com.ar\/web\/hector-bacci-regreso-de-su-gira-europea-con-agenda-renovada\/","title":{"rendered":"H\u00e9ctor Bacci regres\u00f3 de su gira europea con agenda renovada"},"content":{"rendered":"<p>Luego de realizar una exitosa gira por distintas ciudades de Europa, H\u00e9ctor Bacci retoma sus presentaciones en Argentina y Uruguay.<!--more--><\/p>\n<p>El m\u00fasico pilarense visit\u00f3 ciudades como La Coru\u00f1a, Madrid, Barcelona, Granada, Marsella y Par\u00eds, entre otras, donde se present\u00f3 brindando conciertos de m\u00fasica argentina.<\/p>\n<p>Ya de vuelta, este jueves 31 de julio y el viernes 1\u00b0 de agosto a las 12.30 hs actuar\u00e1 en Soul Cocina en Colonia Colonia del Sacramento (Uruguay). El viernes por la noche, a las 21 hs lo har\u00e1 en el Bar El Rojo (Montevideo)- El s\u00e1bado 2 de agosto dictar\u00e1 un taller de folclore y actuar\u00e1 junto a la cantante uruguaya Sandra Costabel y el guitarrista Guzm\u00e1n Carri\u00f3n desde las 18 en Parque del Plata (Uruguay).<\/p>\n<p><a href=\"https:\/\/quasarcomunicacion.com.ar\/web\/wp-content\/uploads\/2025\/07\/francia.gif\"><img class=\"aligncenter\" src=\"https:\/\/quasarcomunicacion.com.ar\/web\/wp-content\/uploads\/2025\/07\/francia.gif\" \/><\/a><\/p>\n<p>Nuevamente en la Argentina, el s\u00e1bado 9 de agosto dictar\u00e1 un curso de ritmos folcl\u00f3ricos y dar\u00e1 desde las 16 un concierto en Tutu Maramb\u00e1 (Capilla del Se\u00f1or).<\/p>\n<p>Por otra\u00a0 parte, el viernes 15 se presentar\u00e1 en la Pe\u00f1a de Piantao junto al violinista Aldo Ortiz en Piantao Club Cultural (Pilar) desde las 21 hs. Entradas en venta en <a href=\"https:\/\/www.passline.com\/eventos\/la-pena-de-piantao-aldo-ortiz-hector-bacci\"> https:\/\/www.passline.com\/eventos\/la-pena-de-piantao-aldo-ortiz-hector-bacci<\/a><\/p>\n<p>Por m\u00e1s informaci\u00f3n y consultas comunicarse por las redes sociales <a href=\"https:\/\/linktr.ee\/hectorbacci\"> https:\/\/linktr.ee\/hectorbacci<\/a>\u00a0 o al +54 9 11 5502-6856<\/p>\n<p><strong><em>Por otras im\u00e1genes, audios o entrevistas no dude en contactarse<\/em><\/strong><\/p>\n<p><strong><em> Contactos de Prensa<\/em><\/strong><\/p>\n<table width=\"100%\">\n<tbody>\n<tr>\n<td width=\"50%\"><strong> Candela Villanueva &#8211; Ejecutiva de Cuentas<\/strong><\/p>\n<p><b> Directo<\/b><strong>: <\/strong> 0230-4664772<br \/>\n<b> Skype:<\/b> quasarcomunicacion<br \/>\n<b> Instagram<\/b>: @quasarcomunicacion<br \/>\n<b> Twitter:<\/b> @quasarpilar<br \/>\n<b> Gr<\/b><b>upo y p\u00e1gina en Facebook: <\/b> www.facebook.com\/<a href=\"mailto:mfipata@gmail.com\">Quasar<\/a>Comunicacion<br \/>\n<b> Web:<\/b> <a href=\"http:\/\/www.quasarcomunicacion.com.ar\"> www.quasarcomunicacion.com.ar<\/a><\/p>\n<p><b> Mail<\/b><strong>:<\/strong> <a href=\"mailto:fernanda@quasarcomunicacion.com.ar\"> candela<\/a><a href=\"mailto:fernanda@quasarcomunicacion.com.ar\">@quasarcomunicacion.com.ar<\/a><\/td>\n<td width=\"50%\"><strong> Lic. Mar\u00eda Fernanda Ipata &#8211; Directora<br \/>\n<\/strong> <b><br \/>\n<\/b> <b> M\u00f3vil:<\/b> 0230-15-4584535<br \/>\n<b> Whatsapp<\/b><b>:<\/b><a href=\"https:\/\/bit.ly\/2J4cUvm\"> 11 5312 6795<\/a><br \/>\n<a href=\"https:\/\/bit.ly\/2Sn1zLP\"> Enviar whatsapp aqu\u00ed<\/a><br \/>\n<b> Skype:<\/b> quasarcomunicacion<br \/>\n<b> LinkedIn<\/b><strong>:\u00a0 <\/strong> <strong> <a href=\"http:\/\/www.linkedin.com\/in\/mfipata\"> http:\/\/www.linkedin.com\/in\/mfipata<\/a><\/strong><br \/>\n<a href=\"https:\/\/www.linkedin.com\/company\/quasarcomunicacion\"> https:\/\/www.linkedin.com\/company\/quasarcomunicacion<\/a><br \/>\n<b> Instagram y Facebook:<\/b> @quasarcomunicacion <b><br \/>\nWeb:<\/b> <a href=\"http:\/\/www.quasarcomunicacion.com.ar\"> www.quasarcomunicacion.com.ar<\/a><br \/>\n<b> Mail<\/b><strong>:<\/strong><a href=\"mailto:fernanda@quasarcomunicacion.com.ar\"> fernanda@quasarcomunicacion.com.ar<\/a><br \/>\n<b> Canal de Telegram para acceder a comunicados:<\/b> <a href=\"https:\/\/t.me\/comunicadosQC\"> https:\/\/t.me\/comunicadosQC<\/a><br \/>\n<a href=\"https:\/\/t.me\/quasarcomunicacion\"> <b>Telegram: <\/b> <b> https:\/\/t.me\/quasarcomunicacion<\/b><\/a><\/td>\n<\/tr>\n<\/tbody>\n<\/table>\n","protected":false},"excerpt":{"rendered":"<p>Luego de realizar una exitosa gira por distintas ciudades de Europa, H\u00e9ctor Bacci retoma sus presentaciones en Argentina y Uruguay.<\/p>\n","protected":false},"author":2,"featured_media":13022,"comment_status":"closed","ping_status":"closed","sticky":false,"template":"","format":"standard","meta":[],"categories":[2],"tags":[],"_links":{"self":[{"href":"https:\/\/quasarcomunicacion.com.ar\/web\/wp-json\/wp\/v2\/posts\/13020"}],"collection":[{"href":"https:\/\/quasarcomunicacion.com.ar\/web\/wp-json\/wp\/v2\/posts"}],"about":[{"href":"https:\/\/quasarcomunicacion.com.ar\/web\/wp-json\/wp\/v2\/types\/post"}],"author":[{"embeddable":true,"href":"https:\/\/quasarcomunicacion.com.ar\/web\/wp-json\/wp\/v2\/users\/2"}],"replies":[{"embeddable":true,"href":"https:\/\/quasarcomunicacion.com.ar\/web\/wp-json\/wp\/v2\/comments?post=13020"}],"version-history":[{"count":2,"href":"https:\/\/quasarcomunicacion.com.ar\/web\/wp-json\/wp\/v2\/posts\/13020\/revisions"}],"predecessor-version":[{"id":13024,"href":"https:\/\/quasarcomunicacion.com.ar\/web\/wp-json\/wp\/v2\/posts\/13020\/revisions\/13024"}],"wp:featuredmedia":[{"embeddable":true,"href":"https:\/\/quasarcomunicacion.com.ar\/web\/wp-json\/wp\/v2\/media\/13022"}],"wp:attachment":[{"href":"https:\/\/quasarcomunicacion.com.ar\/web\/wp-json\/wp\/v2\/media?parent=13020"}],"wp:term":[{"taxonomy":"category","embeddable":true,"href":"https:\/\/quasarcomunicacion.com.ar\/web\/wp-json\/wp\/v2\/categories?post=13020"},{"taxonomy":"post_tag","embeddable":true,"href":"https:\/\/quasarcomunicacion.com.ar\/web\/wp-json\/wp\/v2\/tags?post=13020"}],"curies":[{"name":"wp","href":"https:\/\/api.w.org\/{rel}","templated":true}]}}