{"id":13014,"date":"2025-07-16T17:57:36","date_gmt":"2025-07-16T17:57:36","guid":{"rendered":"https:\/\/quasarcomunicacion.com.ar\/web\/?p=13014"},"modified":"2025-07-16T17:57:36","modified_gmt":"2025-07-16T17:57:36","slug":"la-camara-pyme-de-pilar-firmo-un-convenio-con-la-camara-argentina-de-formacion-profesional-para-capacitar-a-sus-socios","status":"publish","type":"post","link":"https:\/\/quasarcomunicacion.com.ar\/web\/la-camara-pyme-de-pilar-firmo-un-convenio-con-la-camara-argentina-de-formacion-profesional-para-capacitar-a-sus-socios\/","title":{"rendered":"La C\u00e1mara PyME de Pilar firm\u00f3 un convenio con la C\u00e1mara Argentina de Formaci\u00f3n Profesional para capacitar a sus socios"},"content":{"rendered":"<p>En una jornada que marc\u00f3 el inicio de una nueva etapa para las peque\u00f1as y medianas empresas de Pilar, la C\u00e1mara de la Peque\u00f1a y Mediana Empresa (C\u00e1mara PyME) firm\u00f3 un convenio de colaboraci\u00f3n con la C\u00e1mara Argentina para la Formaci\u00f3n Profesional y la Capacitaci\u00f3n\u00a0 Laboral con el objetivo de brindar capacitaci\u00f3n, certificaci\u00f3n, empleo y acompa\u00f1amiento personalizado a emprendedores y empresas de la regi\u00f3n asociadas a la Entidad PyME.<!--more--><\/p>\n<p><a href=\"https:\/\/quasarcomunicacion.com.ar\/web\/wp-content\/uploads\/2025\/07\/conveniocamara1.gif\"><img class=\"aligncenter\" src=\"https:\/\/quasarcomunicacion.com.ar\/web\/wp-content\/uploads\/2025\/07\/conveniocamara1.gif\" \/><\/a><\/p>\n<p>Ambas entidades comparten una visi\u00f3n: profesionalizar, empoderar y acompa\u00f1ar al sector PyME, ofreciendo herramientas concretas para el desarrollo, tanto en el plano productivo como en el educativo.<\/p>\n<p><em>\u201cSi bien el convenio en principio se pens\u00f3 desde el \u00e1rea de capacitaci\u00f3n, lo que se est\u00e1 abriendo es mucho m\u00e1s amplio. Agradezco profundamente la generosidad y apertura. Nuestros socios van a valorar el acceso al portal de empleo, a las certificaciones, y a todo el conocimiento que ustedes ya tienen construido\u201d<\/em>, expres\u00f3 Leonardo Barrera, tesorero de la C\u00e1mara PyME de Pilar, y firmante del convenio que se realiz\u00f3 de manera virtual.<\/p>\n<p>Con m\u00e1s de 25 a\u00f1os de trayectoria, la C\u00e1mara PyME de Pilar viene trabajando activamente para impulsar el desarrollo econ\u00f3mico regional. Conformada por una red de peque\u00f1as y medianas empresas, emprendedores y comerciantes, la c\u00e1mara ofrece capacitaciones mensuales, genera espacios de networking y canaliza las inquietudes de sus socios para brindar respuestas concretas.<\/p>\n<p><span style=\"font-family: Verdana; font-size: small;\">De la firma del convenio tambi\u00e9n particip\u00f3 Guillermo Su\u00e1rez, miembro de la \u00a0C\u00e1mara Argentina para la Formaci\u00f3n Profesional y la Capacitaci\u00f3n\u00a0 Laboral y socio de la C\u00e1mara PyME de Pilar.<\/span><\/p>\n<p><iframe loading=\"lazy\" title=\"YouTube video player\" frameborder=\"0\" height=\"315\" src=\"https:\/\/www.youtube.com\/embed\/ctl7gonxCSw?si=oHuVt7g5-OQuhZUT\" width=\"560\"><\/iframe><\/p>\n<p>El equipo del \u00e1rea de capacitaci\u00f3n de la C\u00e1mara PyME est\u00e1 integrado por Patricia Riquelme, Mar\u00eda Fernanda Ipata y Javier Gonz\u00e1lez Pedraza, quienes realizan diagn\u00f3sticos participativos con los socios para detectar necesidades reales e impulsar acciones para satisfacerlas. La firma de este acuerdo es una acci\u00f3n tendiente a brindar m\u00e1s y mejores alternativas de acceso al conocimiento.<\/p>\n<p><em>\u201cA comienzos de a\u00f1o hicimos un relevamiento para saber d\u00f3nde les \u2018aprieta el zapato\u2019 a nuestros socios. Muchos son comerciantes, emprendedores o peque\u00f1as empresas, y sus principales demandas pasan por aumentar ventas, mejorar la facturaci\u00f3n y profesionalizar sus procesos\u201d,<\/em> explic\u00f3 Riquelme, socia de la Entidad y miembro de la comisi\u00f3n de Capacitaci\u00f3n.<\/p>\n<p>Entre las actividades m\u00e1s destacadas de la c\u00e1mara se encuentran los desayunos presenciales en Pilar \u2014realizados con el apoyo de la Universidad Siglo 21\u2014 y los webinars virtuales mensuales, que han llegado incluso a participantes del exterior.<\/p>\n<p><em>\u201cSab\u00edamos que esta alianza iba a ser positiva, pero hoy me voy mucho m\u00e1s contento. Aparecieron nuevas ideas, herramientas y oportunidades. No tengo dudas de que esta sinergia va a dar frutos\u201d,<\/em> cerr\u00f3 Barrera.<\/p>\n<p>La\u00a0 C\u00e1mara Argentina para la Formaci\u00f3n Profesional y la Capacitaci\u00f3n\u00a0 Laboral, fundada por Daniel Martini en 2020, naci\u00f3 con un prop\u00f3sito claro: promover la educaci\u00f3n formal y no formal como base del desarrollo productivo nacional. Con m\u00e1s de 1200 socios desde Ushuaia hasta La Quiaca, trabaja en programas de formaci\u00f3n permanente, certificaci\u00f3n de competencias y fortalecimiento del empleo.<\/p>\n<p>Martini, con m\u00e1s de 30 a\u00f1os de experiencia en el \u00e1mbito educativo, lidera un equipo que ha logrado posicionar a la C\u00e1mara como un referente federal en el sector. Actualmente, la entidad cuenta con: un Observatorio de Tendencias Educativas, que analiza temas clave como inteligencia artificial, habilidades del futuro y demandas laborales emergentes.<\/p>\n<p>Un Portal de Empleo Federal, que permite a empresas reclutar talentos en m\u00e1s de 2000 disciplinas certificadas.<\/p>\n<p>Una Academia Argentina de Desarrollo y Entrenamiento, con propuestas formativas dise\u00f1adas a medida para emprendedores, PyMEs, docentes y profesionales.<\/p>\n<p><em>\u201cNos interesa traer propuestas espec\u00edficas para emprendedores y PyMEs. Estamos convencidos de que la capacitaci\u00f3n transforma el entramado productivo y queremos estar presentes donde m\u00e1s se necesita\u201d, <\/em>expres\u00f3 Martini.<\/p>\n<p><a href=\"https:\/\/quasarcomunicacion.com.ar\/web\/wp-content\/uploads\/2025\/07\/conveniocamara.gif\"><img class=\"aligncenter\" src=\"https:\/\/quasarcomunicacion.com.ar\/web\/wp-content\/uploads\/2025\/07\/conveniocamara.gif\" \/><\/a><\/p>\n<p>Desde la Academia Argentina de Desarrollo y Entrenamiento, su directora Sol Herrera Pietro destac\u00f3 los pilares que sostienen el \u00e1rea de capacitaci\u00f3n: el p\u00fablico (socios como alumnos participantes), los contenidos basados en necesidades reales, el equipo de expertos y expertas, y una mirada federal que enriquece las experiencias formativas.<br \/>\n<em>\u201cNuestros socios no solo son emprendedores o PyMEs, tambi\u00e9n son parte activa del sistema educativo que estamos creando. Nos nutrimos de sus necesidades, de sus miradas, de sus ideas. As\u00ed creamos contenidos que llegan realmente a donde hace falta\u201d<\/em>, explic\u00f3 Herrera Pietro.<\/p>\n<p>La Academia trabaja con docentes de alto nivel acad\u00e9mico y amplia experiencia profesional. Muchos de ellos son tambi\u00e9n consultores, referentes del mercado y formadores con sensibilidad para adaptarse a distintos p\u00fablicos.<\/p>\n<p><em>\u201cQueremos empoderar y profesionalizar. Lo hacemos con planes formativos flexibles, actualizados y contextualizados. Adem\u00e1s, llevamos adelante programas transversales como el Ciclo de Inclusi\u00f3n y Convivencia, que abordan tem\u00e1ticas como la neurodivergencia y la inclusi\u00f3n social\u201d,<\/em> agreg\u00f3 Herrera Pietro.<\/p>\n<p>Entre los pr\u00f3ximos proyectos se encuentran:<br \/>\nUna certificaci\u00f3n del idioma ingl\u00e9s con costos accesibles y aval internacional.<br \/>\nEl desarrollo de un nuevo sistema de certificaci\u00f3n de competencias laborales para distintos rubros y sectores productivos.<br \/>\nLa posibilidad de trabajos de investigaci\u00f3n conjuntos con c\u00e1maras regionales para identificar desaf\u00edos espec\u00edficos de cada territorio.<\/p>\n<p><em>\u201cEsta alianza con la C\u00e1mara PyME de Pilar nos entusiasma profundamente. Estamos a disposici\u00f3n para co-crear formaciones, compartir recursos y sumar valor al ecosistema PyME de Pilar\u201d<\/em>, concluy\u00f3 Herrera Pietro.<\/p>\n<p>El acuerdo marco firmado por Barrera y Martini, tiene por objeto establecer v\u00ednculos de colaboraci\u00f3n, cooperaci\u00f3n y asistencia mutua entre las instituciones, as\u00ed como autorizar a todos los Socios de la C\u00e1mara PyME a inscribirse, cursar y recibir la certificaci\u00f3n cuando correspondiere de cualquiera y\/o todos los programas de capacitaci\u00f3n anual de la Academia de Entrenamiento y Desarrollo de la C\u00c1MARA ARGENTINA en pos de una mayor educaci\u00f3n, capacitaci\u00f3n, empleabilidad, auto empleo, desarrollo y crecimiento de la comunidad de la entidad pilarense.<\/p>\n<p><strong>Acerca de la C\u00e1mara PyME de Pilar<\/strong><\/p>\n<p>Desde su creaci\u00f3n la <strong>C\u00e1mara PyME de Pilar<\/strong> foment\u00f3 convenios con otras Instituciones como AIME (Asociaci\u00f3n Iberoamericana de Mujeres Empresarias), la CEPIP (C\u00e1mara Empresaria del Parque Industrial Pilar), es socio institucional del Consejo Consultivo de la C\u00e1mara Argentina de Comercio (CAC, miembro de la Uni\u00f3n Industrial de la Provincia de Buenos Aires (UIPBA), la FIE\u00a0Argentina (Federaci\u00f3n Interamericana Empresarial) y la USAM (Universidad Nacional de San Mart\u00edn) donde la Entidad forma parte del Consejo de Ciencias Econ\u00f3micas en la persona de Marta Yezerski; en 2021 firm\u00f3 convenio con Pilar Emprende para potenciar emprendedores.<\/p>\n<p>En estas d\u00e9cadas integraron la comisi\u00f3n la Mujer y el Trabajo de la Uni\u00f3n Industrial Argentina (UIA), fueron panelistas por Argentina en el Congreso Iberoamericano de Mujeres Empresarias (CIME), llevaron adelante el programa televisivo multipremiado llamado Impacto Productivo, lanzaron ProUmPi (la Universidad P\u00fablica de Pilar), hicieron actividades junto a la Uni\u00f3n Industrial de Pilar, editaron la primera revista para Mujeres Empresarias de la regi\u00f3n, participaron del Foro de Mujeres del Mercosur, etc.<\/p>\n<p>Firmaron infinidad de convenios, por ejemplo con Pilar Emprende, con el Consejo Superior de la Universidad de Luj\u00e1n, con el Ministerio de Trabajo de la Provincia de Buenos Aires, con la Universidad del Salvador, con la Subsecretar\u00eda de Promoci\u00f3n y Desarrollo de Microempresas del Ministerio de Producci\u00f3n y el Empleo de la Provincia de Buenos Aires,\u00a0con Cecam (Centro de Educaci\u00f3n y Capacitaci\u00f3n de la Mujer),\u00a0 Medif\u00e9, entre otros.<\/p>\n<p>La <strong>C\u00e1mara Pyme de Pilar<\/strong> busca fortalecer, promover y desarrollar la tarea empresarial por medio de la capacitaci\u00f3n y la formaci\u00f3n de nuevos contactos actuando como n\u00facleo para el desarrollo de negocios. Su propuesta tiende a obtener un crecimiento conjunto, donde las experiencias vayan enriqueciendo las posibilidades de cada empresa, respondiendo as\u00ed a las necesidades cambiantes del mercado global.<\/p>\n<p>Los interesados en sumarse a la Entidad podr\u00e1 asociarse click aqu\u00ed <a href=\"https:\/\/cpymepilar.org.ar\/asociese\/\">https:\/\/cpymepilar.org.ar\/asociese\/<\/a><\/p>\n<p><strong><em>Por otras im\u00e1genes, audios o entrevistas no dude en contactarse<\/em><\/strong><\/p>\n<p><strong><em> Contactos de Prensa<\/em><\/strong><\/p>\n<table width=\"100%\">\n<tbody>\n<tr>\n<td width=\"50%\"><strong> Roc\u00edo Attisano &#8211; Asistente de Cuentas<\/strong><\/p>\n<p><b> Directo<\/b><strong>: <\/strong> 0230-4664772<br \/>\n<b> Skype:<\/b> quasarcomunicacion<br \/>\n<b> Instagram<\/b>: @quasarcomunicacion<br \/>\n<b> Twitter:<\/b> @quasarpilar<br \/>\n<b> Gr<\/b><b>upo y p\u00e1gina en Facebook: <\/b> www.facebook.com\/<a href=\"mailto:mfipata@gmail.com\">Quasar<\/a>Comunicacion<br \/>\n<b> Web:<\/b> <a href=\"http:\/\/www.quasarcomunicacion.com.ar\"> www.quasarcomunicacion.com.ar<\/a><\/p>\n<p><b> Mail<\/b><strong>:<\/strong> <a href=\"mailto:fernanda@quasarcomunicacion.com.ar\"> info@quasarcomunicacion.com.ar<\/a><\/td>\n<td width=\"50%\"><strong> Lic. Mar\u00eda Fernanda Ipata &#8211; Directora<br \/>\n<\/strong> <b><br \/>\n<\/b> <b> M\u00f3vil:<\/b> 0230-15-4584535<br \/>\n<b> Whatsapp<\/b><b>:<\/b><a href=\"https:\/\/bit.ly\/2J4cUvm\"> 11 5312 6795<\/a><br \/>\n<a href=\"https:\/\/bit.ly\/2Sn1zLP\"> Enviar whatsapp aqu\u00ed<\/a><br \/>\n<b> Skype:<\/b> quasarcomunicacion<br \/>\n<b> LinkedIn<\/b><strong>:\u00a0 <\/strong> <strong> <a href=\"http:\/\/www.linkedin.com\/in\/mfipata\"> http:\/\/www.linkedin.com\/in\/mfipata<\/a><\/strong><br \/>\n<a href=\"https:\/\/www.linkedin.com\/company\/quasarcomunicacion\"> https:\/\/www.linkedin.com\/company\/quasarcomunicacion<\/a><br \/>\n<b> Instagram y Facebook:<\/b> @quasarcomunicacion <b><br \/>\nWeb:<\/b> <a href=\"http:\/\/www.quasarcomunicacion.com.ar\"> www.quasarcomunicacion.com.ar<\/a><br \/>\n<b> Mail<\/b><strong>:<\/strong><a href=\"mailto:fernanda@quasarcomunicacion.com.ar\"> fernanda@quasarcomunicacion.com.ar<\/a><br \/>\n<b> Telegram: https:\/\/t.me\/QuasarComunicacion<\/b><br \/>\n<b> Canal de Telegram para acceder a comunicados:<\/b> https:\/\/t.me\/comunicadosQC<\/td>\n<\/tr>\n<\/tbody>\n<\/table>\n","protected":false},"excerpt":{"rendered":"<p>En una jornada que marc\u00f3 el inicio de una nueva etapa para las peque\u00f1as y medianas empresas de Pilar, la [&hellip;]<\/p>\n","protected":false},"author":2,"featured_media":13016,"comment_status":"closed","ping_status":"closed","sticky":false,"template":"","format":"standard","meta":[],"categories":[2],"tags":[],"_links":{"self":[{"href":"https:\/\/quasarcomunicacion.com.ar\/web\/wp-json\/wp\/v2\/posts\/13014"}],"collection":[{"href":"https:\/\/quasarcomunicacion.com.ar\/web\/wp-json\/wp\/v2\/posts"}],"about":[{"href":"https:\/\/quasarcomunicacion.com.ar\/web\/wp-json\/wp\/v2\/types\/post"}],"author":[{"embeddable":true,"href":"https:\/\/quasarcomunicacion.com.ar\/web\/wp-json\/wp\/v2\/users\/2"}],"replies":[{"embeddable":true,"href":"https:\/\/quasarcomunicacion.com.ar\/web\/wp-json\/wp\/v2\/comments?post=13014"}],"version-history":[{"count":1,"href":"https:\/\/quasarcomunicacion.com.ar\/web\/wp-json\/wp\/v2\/posts\/13014\/revisions"}],"predecessor-version":[{"id":13017,"href":"https:\/\/quasarcomunicacion.com.ar\/web\/wp-json\/wp\/v2\/posts\/13014\/revisions\/13017"}],"wp:featuredmedia":[{"embeddable":true,"href":"https:\/\/quasarcomunicacion.com.ar\/web\/wp-json\/wp\/v2\/media\/13016"}],"wp:attachment":[{"href":"https:\/\/quasarcomunicacion.com.ar\/web\/wp-json\/wp\/v2\/media?parent=13014"}],"wp:term":[{"taxonomy":"category","embeddable":true,"href":"https:\/\/quasarcomunicacion.com.ar\/web\/wp-json\/wp\/v2\/categories?post=13014"},{"taxonomy":"post_tag","embeddable":true,"href":"https:\/\/quasarcomunicacion.com.ar\/web\/wp-json\/wp\/v2\/tags?post=13014"}],"curies":[{"name":"wp","href":"https:\/\/api.w.org\/{rel}","templated":true}]}}