{"id":13010,"date":"2025-07-03T14:41:37","date_gmt":"2025-07-03T14:41:37","guid":{"rendered":"https:\/\/quasarcomunicacion.com.ar\/web\/?p=13010"},"modified":"2025-07-03T19:08:54","modified_gmt":"2025-07-03T19:08:54","slug":"la-camara-pyme-de-pilar-firmo-un-convenio-de-beneficios-para-sus-socios-con-la-facultad-de-ciencias-empresariales-de-la-universidad-autral","status":"publish","type":"post","link":"https:\/\/quasarcomunicacion.com.ar\/web\/la-camara-pyme-de-pilar-firmo-un-convenio-de-beneficios-para-sus-socios-con-la-facultad-de-ciencias-empresariales-de-la-universidad-autral\/","title":{"rendered":"La C\u00e1mara PyME de Pilar firm\u00f3 un convenio de beneficios para sus socios con la Facultad de Ciencias Empresariales de la Universidad Austral"},"content":{"rendered":"<p>La <strong>C\u00e1mara de la Mediana y Peque\u00f1a Empresa de Pilar<\/strong> firm\u00f3 un convenio de beneficios con la Facultad de Ciencias Empresariales de la Universidad Austral, sede Buenos Aires. Este convenio de colaboraci\u00f3n institucional tiene como objetivo de ofrecer beneficios acad\u00e9micos a los socios de la Entidad empresarial. A trav\u00e9s de este acuerdo, quienes formen parte de la C\u00e1mara podr\u00e1n acceder a un 20% de descuento en diplomaturas, programas ejecutivos y cursos cortos brindados por el Departamento de Posgrados de la Facultad, en su sede de Pilar.<!--more--><\/p>\n<p>El convenio fue formalizado por el Decano de la Facultad de Ciencias Empresariales, Luis Dambra, y por el Tesorero de la C\u00e1mara de la Mediana y Peque\u00f1a Empresa de Pilar, Leonardo Barrera, quienes destacaron la importancia de generar sinergias entre el sector acad\u00e9mico y el mundo productivo, en especial en un contexto que exige constante actualizaci\u00f3n de conocimientos y desarrollo de nuevas competencias.<\/p>\n<p><a href=\"https:\/\/quasarcomunicacion.com.ar\/web\/wp-content\/uploads\/2025\/07\/convenioaustralempresariales1.gif\"><img class=\"aligncenter\" src=\"https:\/\/quasarcomunicacion.com.ar\/web\/wp-content\/uploads\/2025\/07\/convenioaustralempresariales1.gif\" \/><\/a><\/p>\n<p>Para conocer m\u00e1s sobre los programas disponibles y c\u00f3mo aplicar a los beneficios, se puede consultar: <a href=\"https:\/\/www.austral.edu.ar\/cienciasempresariales\/encontra-tu-programa\/\">https:\/\/www.austral.edu.ar\/cienciasempresariales\/encontra-tu-programa\/\u00a0<\/a><br \/>\nLos socios s\u00f3lo deben presentar su credencial actualizada que acredita la membres\u00eda a la C\u00e1mara y se le aplicar\u00e1 el beneficio.<\/p>\n<p><em>\u201cHoy firmamos un convenio para todas las peque\u00f1as y medianas empresas socias de la C\u00e1mara para que puedan acceder a las capacitaciones que ofrece la Universidad Austral. Estamos muy contentos y felices de haber logrado este acuerdo para todas las PyMEs que son socias de la instituci\u00f3n\u201d,<\/em> expres\u00f3 Leonardo Barrera, tesorero de la C\u00e1mara.<\/p>\n<p>De la firma participaron Viviana Ochoa Martinez, de Posgrados Facultad de Ciencias Empresariales y Teresa Zolezzi,\u00a0 Co<span style=\"font-weight: 400;\">municaci\u00f3n y Marketing para el \u00e1rea de Posgrados de la Facultad de Ciencias Empresariales<\/span> de la Universidad Austral. Tambi\u00e9n Daniela Burgue\u00f1o de la Comisi\u00f3n Directiva de la C\u00e1mara; Patricia Riquelme, socia y miembro de la Comisi\u00f3n de Capacitaci\u00f3n de la Entidad; y Mar\u00eda Fernanda Ipata, socia y responsable de las comunicaciones internas y externas.<\/p>\n<p><a href=\"https:\/\/quasarcomunicacion.com.ar\/web\/wp-content\/uploads\/2025\/07\/convenioaustralempresariales.gif\"><img class=\"aligncenter\" src=\"https:\/\/quasarcomunicacion.com.ar\/web\/wp-content\/uploads\/2025\/07\/convenioaustralempresariales.gif\" \/><\/a><\/p>\n<p>Esta alianza busca acercar propuestas formativas de calidad a las peque\u00f1as y medianas empresas del distrito y de la regi\u00f3n, con una mirada estrat\u00e9gica puesta en la formaci\u00f3n continua, la innovaci\u00f3n, el liderazgo y el desarrollo sostenible.<\/p>\n<p>La Facultad de Ciencias Empresariales de la Universidad Austral es reconocida por su enfoque integral en la formaci\u00f3n de l\u00edderes empresariales. Para el segundo semestre del a\u00f1o 2025, la oferta acad\u00e9mica del \u00e1rea de posgrados incluye una variedad de programas orientados a las necesidades actuales del mercado y dise\u00f1ados para profesionales que buscan actualizarse, crecer o reconvertirse en sus carreras.<\/p>\n<p>Los programas que aplican al beneficio contemplado en el convenio son los siguientes:<\/p>\n<p><strong>Diplomatura en Inversiones<\/strong><br \/>\nInicio: 13 de agosto \u2013 Duraci\u00f3n: 4 meses<\/p>\n<p><strong>Diplomatura en Coaching Organizacional y Gesti\u00f3n de Equipos<\/strong><br \/>\nInicio: 22 de agosto \u2013 Duraci\u00f3n: 3,5 meses<\/p>\n<p><strong>Diplomatura en Sostenibilidad y Estrategia<\/strong><br \/>\nInicio: 26 de agosto \u2013 Duraci\u00f3n: 3 meses<\/p>\n<p><strong>Programa en Estrategia Comercial<br \/>\n<\/strong>Inicio: 28 de agosto \u2013 Duraci\u00f3n: 3 meses<\/p>\n<p><strong>Programa Ejecutivo en E-commerce<\/strong><br \/>\nInicio: 2 de septiembre \u2013 Duraci\u00f3n: 3 meses<\/p>\n<p><strong>Programa en Dise\u00f1o y Desarrollo de Productos con metodolog\u00eda MVP<\/strong><br \/>\nInicio: 3 de septiembre \u2013 Duraci\u00f3n: 3 meses<\/p>\n<p><strong>Programa Ejecutivo en Seguros<\/strong><br \/>\nInicio: 9 de septiembre \u2013 Duraci\u00f3n: 2 meses<\/p>\n<p><strong>Programa \u201cPotenciando el Marketing con Inteligencia Artificial\u201d<\/strong><br \/>\nInicio: 25 de septiembre \u2013 Duraci\u00f3n: 2 meses<\/p>\n<p>Este beneficio no aplica a programas de posgrado de uno o dos a\u00f1os de duraci\u00f3n y no es acumulable con otras promociones. El descuento ser\u00e1 v\u00e1lido \u00fanicamente para socios activos de la C\u00e1mara, y se mantendr\u00e1 vigente mientras se conserve dicha condici\u00f3n.<\/p>\n<p>Patricia Riquelme, miembro de la Comisi\u00f3n de Capacitaci\u00f3n de la C\u00e1mara, tambi\u00e9n particip\u00f3 de la firma y expres\u00f3: <em>\u201cEsto le va a permitir a los socios de la C\u00e1mara acceder a muchos beneficios en todo lo que tiene que ver con capacitaci\u00f3n. Lo logramos a trav\u00e9s de muchos encuentros y reuniones con diversas personas de la Universidad. Finalmente hemos acordado este beneficio, as\u00ed que bienvenidos tambi\u00e9n aquellos que a\u00fan no son socios: los esperamos\u201d.<\/em><\/p>\n<p>Los interesados en sumarse a la Entidad podr\u00e1 asociarse click aqu\u00ed <a href=\"https:\/\/cpymepilar.org.ar\/asociese\/\">https:\/\/cpymepilar.org.ar\/asociese\/<\/a><\/p>\n<p>Con la firma de este acuerdo, la Facultad de Ciencias Empresariales de la Universidad Austral y la<strong> C\u00e1mara de la Mediana y Peque\u00f1a Empresa de Pilar<\/strong> consolidan un espacio de articulaci\u00f3n institucional que pone a la educaci\u00f3n como motor de crecimiento. El objetivo com\u00fan es claro: ofrecer m\u00e1s oportunidades de formaci\u00f3n a quienes impulsan el desarrollo econ\u00f3mico y social de Pilar y la regi\u00f3n.<\/p>\n<p><a href=\"https:\/\/quasarcomunicacion.com.ar\/web\/wp-content\/uploads\/2025\/07\/convenioaustralempresariales2.gif\"><img class=\"aligncenter\" src=\"https:\/\/quasarcomunicacion.com.ar\/web\/wp-content\/uploads\/2025\/07\/convenioaustralempresariales2.gif\" \/><\/a><\/p>\n<p><strong>Acerca de la C\u00e1mara PyME de Pilar<\/strong><\/p>\n<p><a href=\"https:\/\/quasarcomunicacion.com.ar\/web\/wp-content\/uploads\/2020\/09\/logocamarapyme.gif\"><img class=\"alignright\" src=\"https:\/\/quasarcomunicacion.com.ar\/web\/wp-content\/uploads\/2020\/09\/logocamarapyme.gif\" \/><\/a>Desde su creaci\u00f3n la <strong>C\u00e1mara PyME de Pilar<\/strong> foment\u00f3 convenios con otras Instituciones como AIME (Asociaci\u00f3n Iberoamericana de Mujeres Empresarias), la CEPIP (C\u00e1mara Empresaria del Parque Industrial Pilar), es socio institucional del Consejo Consultivo de la C\u00e1mara Argentina de Comercio (CAC, miembro de la Uni\u00f3n Industrial de la Provincia de Buenos Aires (UIPBA), la FIE\u00a0Argentina (Federaci\u00f3n Interamericana Empresarial) y la USAM (Universidad Nacional de San Mart\u00edn) donde la Entidad forma parte del Consejo de Ciencias Econ\u00f3micas en la persona de Marta Yezerski; en 2021 firm\u00f3 convenio con Pilar Emprende para potenciar emprendedores.<\/p>\n<p>En estas d\u00e9cadas integraron la comisi\u00f3n la Mujer y el Trabajo de la Uni\u00f3n Industrial Argentina (UIA), fueron panelistas por Argentina en el Congreso Iberoamericano de Mujeres Empresarias (CIME), llevaron adelante el programa televisivo multipremiado llamado Impacto Productivo, lanzaron ProUmPi (la Universidad P\u00fablica de Pilar), hicieron actividades junto a la Uni\u00f3n Industrial de Pilar, editaron la primera revista para Mujeres Empresarias de la regi\u00f3n, participaron del Foro de Mujeres del Mercosur, etc.<\/p>\n<p>Firmaron infinidad de convenios, por ejemplo con Pilar Emprende, con el Consejo Superior de la Universidad de Luj\u00e1n, con el Ministerio de Trabajo de la Provincia de Buenos Aires, con la Universidad del Salvador, con la Subsecretar\u00eda de Promoci\u00f3n y Desarrollo de Microempresas del Ministerio de Producci\u00f3n y el Empleo de la Provincia de Buenos Aires,\u00a0con Cecam (Centro de Educaci\u00f3n y Capacitaci\u00f3n de la Mujer),\u00a0 Medif\u00e9, entre otros.<\/p>\n<p>La <strong>C\u00e1mara Pyme de Pilar<\/strong> busca fortalecer, promover y desarrollar la tarea empresarial por medio de la capacitaci\u00f3n y la formaci\u00f3n de nuevos contactos actuando como n\u00facleo para el desarrollo de negocios. Su propuesta tiende a obtener un crecimiento conjunto, donde las experiencias vayan enriqueciendo las posibilidades de cada empresa, respondiendo as\u00ed a las necesidades cambiantes del mercado global.<\/p>\n<p>Los interesados en sumarse a la Entidad podr\u00e1 asociarse click aqu\u00ed <a href=\"https:\/\/cpymepilar.org.ar\/asociese\/\">https:\/\/cpymepilar.org.ar\/asociese\/<\/a><\/p>\n<p><strong><em>Por otras im\u00e1genes, audios o entrevistas no dude en contactarse<\/em><\/strong><\/p>\n<p><strong><em> Contactos de Prensa<\/em><\/strong><\/p>\n<table width=\"100%\">\n<tbody>\n<tr>\n<td width=\"50%\"><strong> Roc\u00edo Attisano &#8211; Asistente de Cuentas<\/strong><\/p>\n<p><b> Directo<\/b><strong>: <\/strong> 0230-4664772<br \/>\n<b> Skype:<\/b> quasarcomunicacion<br \/>\n<b> Instagram<\/b>: @quasarcomunicacion<br \/>\n<b> Twitter:<\/b> @quasarpilar<br \/>\n<b> Gr<\/b><b>upo y p\u00e1gina en Facebook: <\/b> www.facebook.com\/<a href=\"mailto:mfipata@gmail.com\">Quasar<\/a>Comunicacion<br \/>\n<b> Web:<\/b> <a href=\"http:\/\/www.quasarcomunicacion.com.ar\"> www.quasarcomunicacion.com.ar<\/a><\/p>\n<p><b> Mail<\/b><strong>:<\/strong> <a href=\"mailto:fernanda@quasarcomunicacion.com.ar\"> info@quasarcomunicacion.com.ar<\/a><\/td>\n<td width=\"50%\"><strong> Lic. Mar\u00eda Fernanda Ipata &#8211; Directora<br \/>\n<\/strong> <b><br \/>\n<\/b> <b> M\u00f3vil:<\/b> 0230-15-4584535<br \/>\n<b> Whatsapp<\/b><b>:<\/b><a href=\"https:\/\/bit.ly\/2J4cUvm\"> 11 5312 6795<\/a><br \/>\n<a href=\"https:\/\/bit.ly\/2Sn1zLP\"> Enviar whatsapp aqu\u00ed<\/a><br \/>\n<b> Skype:<\/b> quasarcomunicacion<br \/>\n<b> LinkedIn<\/b><strong>:\u00a0 <\/strong> <strong> <a href=\"http:\/\/www.linkedin.com\/in\/mfipata\"> http:\/\/www.linkedin.com\/in\/mfipata<\/a><\/strong><br \/>\n<a href=\"https:\/\/www.linkedin.com\/company\/quasarcomunicacion\"> https:\/\/www.linkedin.com\/company\/quasarcomunicacion<\/a><br \/>\n<b> Instagram y Facebook:<\/b> @quasarcomunicacion <b><br \/>\nWeb:<\/b> <a href=\"http:\/\/www.quasarcomunicacion.com.ar\"> www.quasarcomunicacion.com.ar<\/a><br \/>\n<b> Mail<\/b><strong>:<\/strong><a href=\"mailto:fernanda@quasarcomunicacion.com.ar\"> fernanda@quasarcomunicacion.com.ar<\/a><br \/>\n<b> Telegram: https:\/\/t.me\/QuasarComunicacion<\/b><br \/>\n<b> Canal de Telegram para acceder a comunicados:<\/b> https:\/\/t.me\/comunicadosQC<\/td>\n<\/tr>\n<\/tbody>\n<\/table>\n","protected":false},"excerpt":{"rendered":"<p>La C\u00e1mara de la Mediana y Peque\u00f1a Empresa de Pilar firm\u00f3 un convenio de beneficios con la Facultad de Ciencias [&hellip;]<\/p>\n","protected":false},"author":2,"featured_media":13009,"comment_status":"closed","ping_status":"closed","sticky":false,"template":"","format":"standard","meta":[],"categories":[2],"tags":[],"_links":{"self":[{"href":"https:\/\/quasarcomunicacion.com.ar\/web\/wp-json\/wp\/v2\/posts\/13010"}],"collection":[{"href":"https:\/\/quasarcomunicacion.com.ar\/web\/wp-json\/wp\/v2\/posts"}],"about":[{"href":"https:\/\/quasarcomunicacion.com.ar\/web\/wp-json\/wp\/v2\/types\/post"}],"author":[{"embeddable":true,"href":"https:\/\/quasarcomunicacion.com.ar\/web\/wp-json\/wp\/v2\/users\/2"}],"replies":[{"embeddable":true,"href":"https:\/\/quasarcomunicacion.com.ar\/web\/wp-json\/wp\/v2\/comments?post=13010"}],"version-history":[{"count":3,"href":"https:\/\/quasarcomunicacion.com.ar\/web\/wp-json\/wp\/v2\/posts\/13010\/revisions"}],"predecessor-version":[{"id":13013,"href":"https:\/\/quasarcomunicacion.com.ar\/web\/wp-json\/wp\/v2\/posts\/13010\/revisions\/13013"}],"wp:featuredmedia":[{"embeddable":true,"href":"https:\/\/quasarcomunicacion.com.ar\/web\/wp-json\/wp\/v2\/media\/13009"}],"wp:attachment":[{"href":"https:\/\/quasarcomunicacion.com.ar\/web\/wp-json\/wp\/v2\/media?parent=13010"}],"wp:term":[{"taxonomy":"category","embeddable":true,"href":"https:\/\/quasarcomunicacion.com.ar\/web\/wp-json\/wp\/v2\/categories?post=13010"},{"taxonomy":"post_tag","embeddable":true,"href":"https:\/\/quasarcomunicacion.com.ar\/web\/wp-json\/wp\/v2\/tags?post=13010"}],"curies":[{"name":"wp","href":"https:\/\/api.w.org\/{rel}","templated":true}]}}