{"id":12992,"date":"2025-06-03T14:42:16","date_gmt":"2025-06-03T14:42:16","guid":{"rendered":"https:\/\/quasarcomunicacion.com.ar\/web\/?p=12992"},"modified":"2025-06-03T17:26:45","modified_gmt":"2025-06-03T17:26:45","slug":"feria-de-vinos-de-la-fabrikha-wine-experience-outdoor-en-pueblo-caamano-en-la-previa-del-dia-del-padre","status":"publish","type":"post","link":"https:\/\/quasarcomunicacion.com.ar\/web\/feria-de-vinos-de-la-fabrikha-wine-experience-outdoor-en-pueblo-caamano-en-la-previa-del-dia-del-padre\/","title":{"rendered":"\u00a0Feria de Vinos de La FabrikHa Wine Experience Outdoor en Pueblo Caama\u00f1o en la previa del D\u00eda del Padre"},"content":{"rendered":"<p>El pr\u00f3ximo s\u00e1bado 14 de junio de 13 a 17 hs Pueblo Caama\u00f1o recibe una nueva edici\u00f3n de la<strong> Feria de Vinos <\/strong>de <strong>La FabrikHa Wine Experience Outdoor<\/strong>, esta vez con una edici\u00f3n muy especial <strong>D\u00cdA DEL PADRE<\/strong>. Una ocasi\u00f3n imperdible con m\u00e1s de 40 etiquetas para degustar libremente y regalarle a pap\u00e1 una experiencia \u00fanica o un vino inolvidable. Adquir\u00ed tu entrada en Passlline o haciendo click aqu\u00ed <a href=\"http:\/\/tiny.cc\/3p4j001\">http:\/\/tiny.cc\/3p4j001<\/a>\u00a0 M\u00e1s info\u00a0 <a href=\"https:\/\/linktr.ee\/lafabrikha\"> https:\/\/linktr.ee\/lafabrikha<\/a> o por whatsapp al +54 9 11 7112-4775<!--more--><\/p>\n<p>La invitaci\u00f3n es a disfrutar de un evento al aire libre, en Pueblo Caama\u00f1o, que est\u00e1 ubicado en Caama\u00f1o 662 (Bajada Panamericana Km 46). La feria se desarrolla en el Sector Dynas Food Truck de S\u00e1ndwiches &amp; Burgers @dynas.ftc y tambi\u00e9n se suma la gastronom\u00eda de La Farola <a style=\"font-weight: 400;\" href=\"https:\/\/www.instagram.com\/tuladove\/\"> @tuladove<\/a> que recibe a los visitantes con un parque incre\u00edble para disfrutar en familia y con amigos.<\/p>\n<p><a href=\"https:\/\/quasarcomunicacion.com.ar\/web\/wp-content\/uploads\/2025\/06\/caamano3.gif\"><img class=\"aligncenter\" src=\"https:\/\/quasarcomunicacion.com.ar\/web\/wp-content\/uploads\/2025\/06\/caamano3.gif\" \/><\/a><\/p>\n<p><em>\u00abNos vamos nuevamente en Pueblo Caama\u00f1o para conocer Bodegas de todo nuestro pa\u00eds en esta Feria Federal , donde te acercamos la Ruta del Vino para que la puedas conocer y disfrutar en un solo lugar. Acompa\u00f1anos en un recorrido por las mejores bodegas de todo el pa\u00eds en un espectacular evento el d\u00eda 14 de junio con esta edici\u00f3n especial por el D\u00eda del Padre. Una experiencia incre\u00edble para disfrutar con pap\u00e1 en la previa a su d\u00eda o para llevarle el presente para compartir el domingo. Te garantizamos una jornada llena de vinos de calidad, gastronom\u00eda y buena compa\u00f1\u00eda\u00bb,<\/em> invita Andrea Gaiad, creadora y organizadora de la <strong>Feria de Vinos de La FabrikHa Wine Experience Outdoor.<\/strong><\/p>\n<p><a href=\"https:\/\/quasarcomunicacion.com.ar\/web\/wp-content\/uploads\/2025\/05\/caamano2.gif\"><img class=\"aligncenter\" src=\"https:\/\/quasarcomunicacion.com.ar\/web\/wp-content\/uploads\/2025\/05\/caamano2.gif\" \/><\/a><\/p>\n<p>En esta edici\u00f3n estar\u00e1n presente las siguientes Bodegas, Vinotecas y profesionales del vino:<\/p>\n<p>&#x1f37e;Bodega Valle de la Puerta @bodegavalledelapuerta<br \/>\n&#x1f37e;Al Rojo Vino @al.rojovino<br \/>\n&#x1f37e;Sampiterno Wines @sempiternowines<br \/>\n&#x1f37e;Calisto Wines @calisto.wines @winefoodandhistory<br \/>\n&#x1f37e;Latidos Wines @latidoswines<br \/>\n&#x1f37e;Delicatessen al Alcance @delicatessenalalcance<br \/>\n&#x1f37e;@silvioalcano<br \/>\n&#x1f37e;Rojas Vargas Wines @rojasvargaswine<br \/>\n&#x1f37e;Sillero Wines @sillerowines<br \/>\n&#x1f37e;Inusitado @vino.inusitado<br \/>\n&#x1f37e;Bodega Guerrero @bodega.guerrero<br \/>\n&#x1f37e;Finca Novelli @finca.novelli.wines<br \/>\n&#x1f37e;Bodega Bournet @bodegabournett<br \/>\n&#x1f37e;Bodeguin @bodeguin.g @gisegromara<br \/>\n&#x1f37e;Preludio Wines @preludiowines<br \/>\n&#x1f37e;Gloria Galvagno Estate @gloriagalvagno @estancia_los_husares<br \/>\n&#x1f37e;Postales de R\u00edo Negro @postalesderionegro<br \/>\n&#x1f37e;Bodega y Vi\u00f1edos Moschini @bodegamoschini<br \/>\n&#x1f37e;Falasco Wines @falascowines @nikko.79<br \/>\n&#x1f37e;Quebrada de Las Flechas @quebradadelasflechas<br \/>\n&#x1f37e;Mar\u00eda Barrica @mariabarrica<br \/>\n&#x1f37e;Amansado Wines @amansado<br \/>\n&#x1f37e;Siete Vides @sietevides<\/p>\n<p>Adem\u00e1s las delicatessen de Amapola comida sana, La Buena Parte, Grace Sanders &amp; Co, @delicatessenalalcance y mucho m\u00e1s.<\/p>\n<p>Habr\u00e1 m\u00e1s de 40 etiquetas de toda la Argentina, la ruta del vino completa en una feria de la mano de bodegas y vinotecas Boutique.<\/p>\n<p>La entrada incluye:<br \/>\n&#x1f377; Degustaci\u00f3n libre de m\u00e1s de 40 etiquetas de bodegas boutique de todo el pa\u00eds.<br \/>\n&#x1f35e; Degustaci\u00f3n de delicatessen.<br \/>\n&#x1f4a7; Servicio de hidrataci\u00f3n ilimitada.<br \/>\n&#x1f3b6; M\u00fasica para acompa\u00f1ar la velada.<br \/>\n&#x1f3b6; Copa para las degustaciones (se retira con un coseguro en efectivo de $ 3000 que se reembolsa al devolverla)<br \/>\n&#x1f697; Estacionamiento gratuito.<\/p>\n<p><a href=\"https:\/\/quasarcomunicacion.com.ar\/web\/wp-content\/uploads\/2025\/05\/caamano.gif\"><img class=\"aligncenter\" src=\"https:\/\/quasarcomunicacion.com.ar\/web\/wp-content\/uploads\/2025\/05\/caamano.gif\" \/><\/a><\/p>\n<p><strong>Para participar inscribite <\/strong><strong>aqu\u00ed <\/strong> <strong> <a href=\"http:\/\/tiny.cc\/3p4j001\">http:\/\/tiny.cc\/3p4j001<\/a> <\/strong><\/p>\n<p>El evento es organizado por Andrea Gaiad, coraz\u00f3n de La F\u00e1brica que en noviembre pasado celebro sus 10 a\u00f1os con la incorporaci\u00f3n de <strong>La FabriKHa Wine Experience<\/strong>. Gaiad adem\u00e1s es quien tuvo la idea de la Feria Nacional de Vinos Cheers y actualmente est\u00e1 ofreciendo viajes a Uruguay y otras experiencias relacionadas con el mundo del vino.<\/p>\n<p>M\u00e1s info\u00a0 <a href=\"https:\/\/linktr.ee\/lafabrikha\"> https:\/\/linktr.ee\/lafabrikha<\/a> o por whatsapp al +54 9 11 7112-4775<\/p>\n<p>Si sos un fan de los vinos cl\u00e1sicos, si te gustan los vinos boutique, si te gusta descubrir nuevas bodegas, terru\u00f1os y los sabores diferentes de cada provincia Argentina, esta es Tu Feria.<\/p>\n<p>En estos eventos, donde p\u00fablico, vinotecas, bodegas y productores se encuentran, se promueve el trabajo de la industria vitivin\u00edcola de nuestro pa\u00eds, generando as\u00ed respeto y conciencia sobre toda la magia que hay en una copa de vino.<\/p>\n<p>De esta manera se pueden conocer en el mercado vinos de productores que por una cuesti\u00f3n de estructura y marketing a veces no pueden llegar a Buenos Aires.<br \/>\nSe busca que esos productos puedan ser vistos y que la gente pueda degustar esos vinos.<\/p>\n<p>Este tipo de ferias genera movimiento en la econom\u00eda local y apuntan a fomentar el enoturismo que es un \u00e1rea del turismo que viene creciendo en los \u00faltimos a\u00f1os.<\/p>\n<p>M\u00e1s info <a href=\"https:\/\/www.instagram.com\/lafabrikha\/\"> https:\/\/www.instagram.com\/lafabrikha\/<\/a><\/p>\n<p>Ver video<a href=\"https:\/\/www.instagram.com\/reel\/DIjH_t0Mbn7\/\"> https:\/\/www.instagram.com\/reel\/DIjH_t0Mbn7\/\u00a0<\/a><\/p>\n<p><strong><em>Por otras im\u00e1genes, audios o entrevistas no dude en contactarse<\/em><\/strong><\/p>\n<p><strong><em> Contactos de Prensa<\/em><\/strong><\/p>\n<table width=\"100%\">\n<tbody>\n<tr>\n<td width=\"50%\"><strong> Candela Villanueva &#8211; Asistente de Cuentas<\/strong><\/p>\n<p><b> Directo<\/b><strong>: <\/strong> 0230-4664772<br \/>\n<b> Skype:<\/b> quasarcomunicacion<br \/>\n<b> Instagram<\/b>: @quasarcomunicacion<br \/>\n<b> Twitter:<\/b> @quasarpilar<br \/>\n<b> Gr<\/b><b>upo y p\u00e1gina en Facebook: <\/b> www.facebook.com\/<a href=\"mailto:mfipata@gmail.com\">Quasar<\/a>Comunicacion<br \/>\n<b> Web:<\/b> <a href=\"http:\/\/www.quasarcomunicacion.com.ar\"> www.quasarcomunicacion.com.ar<\/a><\/p>\n<p><b> Mail<\/b><strong>:<\/strong> <a href=\"mailto:fernanda@quasarcomunicacion.com.ar\"> candela<\/a><a href=\"mailto:fernanda@quasarcomunicacion.com.ar\">@quasarcomunicacion.com.ar<\/a><\/td>\n<td width=\"50%\"><strong> Lic. Mar\u00eda Fernanda Ipata &#8211; Directora<br \/>\n<\/strong> <b><br \/>\n<\/b> <b> M\u00f3vil:<\/b> 0230-15-4584535<br \/>\n<b> Whatsapp<\/b><b>:<\/b><a href=\"https:\/\/bit.ly\/2J4cUvm\"> 11 5312 6795<\/a><br \/>\n<a href=\"https:\/\/bit.ly\/2Sn1zLP\"> Enviar whatsapp aqu\u00ed<\/a><br \/>\n<b> Skype:<\/b> quasarcomunicacion<br \/>\n<b> LinkedIn<\/b><strong>:\u00a0 <\/strong> <strong> <a href=\"http:\/\/www.linkedin.com\/in\/mfipata\"> http:\/\/www.linkedin.com\/in\/mfipata<\/a><\/strong><br \/>\n<a href=\"https:\/\/www.linkedin.com\/company\/quasarcomunicacion\"> https:\/\/www.linkedin.com\/company\/quasarcomunicacion<\/a><br \/>\n<b> Instagram y Facebook:<\/b> @quasarcomunicacion <b><br \/>\nWeb:<\/b> <a href=\"http:\/\/www.quasarcomunicacion.com.ar\"> www.quasarcomunicacion.com.ar<\/a><br \/>\n<b> Mail<\/b><strong>:<\/strong><a href=\"mailto:fernanda@quasarcomunicacion.com.ar\"> fernanda@quasarcomunicacion.com.ar<\/a><br \/>\n<b> Canal de Telegram para acceder a comunicados:<\/b> https:\/\/t.me\/comunicadosQC<\/td>\n<\/tr>\n<\/tbody>\n<\/table>\n","protected":false},"excerpt":{"rendered":"<p>El pr\u00f3ximo s\u00e1bado 14 de junio de 13 a 17 hs Pueblo Caama\u00f1o recibe una nueva edici\u00f3n de la Feria [&hellip;]<\/p>\n","protected":false},"author":2,"featured_media":12991,"comment_status":"closed","ping_status":"closed","sticky":false,"template":"","format":"standard","meta":[],"categories":[2],"tags":[],"_links":{"self":[{"href":"https:\/\/quasarcomunicacion.com.ar\/web\/wp-json\/wp\/v2\/posts\/12992"}],"collection":[{"href":"https:\/\/quasarcomunicacion.com.ar\/web\/wp-json\/wp\/v2\/posts"}],"about":[{"href":"https:\/\/quasarcomunicacion.com.ar\/web\/wp-json\/wp\/v2\/types\/post"}],"author":[{"embeddable":true,"href":"https:\/\/quasarcomunicacion.com.ar\/web\/wp-json\/wp\/v2\/users\/2"}],"replies":[{"embeddable":true,"href":"https:\/\/quasarcomunicacion.com.ar\/web\/wp-json\/wp\/v2\/comments?post=12992"}],"version-history":[{"count":6,"href":"https:\/\/quasarcomunicacion.com.ar\/web\/wp-json\/wp\/v2\/posts\/12992\/revisions"}],"predecessor-version":[{"id":12998,"href":"https:\/\/quasarcomunicacion.com.ar\/web\/wp-json\/wp\/v2\/posts\/12992\/revisions\/12998"}],"wp:featuredmedia":[{"embeddable":true,"href":"https:\/\/quasarcomunicacion.com.ar\/web\/wp-json\/wp\/v2\/media\/12991"}],"wp:attachment":[{"href":"https:\/\/quasarcomunicacion.com.ar\/web\/wp-json\/wp\/v2\/media?parent=12992"}],"wp:term":[{"taxonomy":"category","embeddable":true,"href":"https:\/\/quasarcomunicacion.com.ar\/web\/wp-json\/wp\/v2\/categories?post=12992"},{"taxonomy":"post_tag","embeddable":true,"href":"https:\/\/quasarcomunicacion.com.ar\/web\/wp-json\/wp\/v2\/tags?post=12992"}],"curies":[{"name":"wp","href":"https:\/\/api.w.org\/{rel}","templated":true}]}}