{"id":12984,"date":"2025-06-02T14:27:25","date_gmt":"2025-06-02T14:27:25","guid":{"rendered":"https:\/\/quasarcomunicacion.com.ar\/web\/?p=12984"},"modified":"2025-06-02T15:06:33","modified_gmt":"2025-06-02T15:06:33","slug":"hector-bacci-se-despide-de-pilar-antes-de-su-gira-por-europa","status":"publish","type":"post","link":"https:\/\/quasarcomunicacion.com.ar\/web\/hector-bacci-se-despide-de-pilar-antes-de-su-gira-por-europa\/","title":{"rendered":"H\u00e9ctor Bacci se despide de Pilar antes de su Gira por Europa"},"content":{"rendered":"<p align=\"left\"><span style=\"font-family: Verdana,sans-serif; font-size: small;\"> <b>H\u00c9CTOR BACCI <\/b>s<\/span><span style=\"font-family: Verdana,sans-serif; font-size: small;\">e presentar\u00e1 el pr\u00f3ximo viernes 6 de junio en el <b>Club Cultural Piantao <\/b>(Jorge Newbery 1467, La Lonja) desde las 20 hs junto a Gast\u00f3n Ram\u00edrez, <\/span>\u00a0Cristian Bacci y La Queja Tr\u00edo<span style=\"font-family: Verdana,sans-serif; font-size: small;\">. Entradas en venta en <a href=\"https:\/\/www.passline.com\/eventos\/la-pena-de-piantao\"> https:\/\/www.passline.com\/eventos\/la-pena-de-piantao<\/a> Por m\u00e1s informaci\u00f3n y consultas comunicarse por las redes sociales <a href=\"https:\/\/linktr.ee\/hectorbacci\"> https:\/\/linktr.ee\/hectorbacci<\/a>\u00a0 o al +54 9 11 5502-6856<\/span><!--more--><\/p>\n<p align=\"left\"><span style=\"font-family: Verdana,sans-serif; font-size: small;\"><a href=\"https:\/\/quasarcomunicacion.com.ar\/web\/wp-content\/uploads\/2025\/06\/baccirisa.gif\"><img class=\"aligncenter\" src=\"https:\/\/quasarcomunicacion.com.ar\/web\/wp-content\/uploads\/2025\/06\/baccirisa.gif\" \/><\/a><\/span><\/p>\n<p align=\"left\"><span style=\"font-family: Verdana,sans-serif; font-size: small;\">De esta manera, se despide de Pilar previo a su gira por Europa. Bacci a mediados de junio y el hasta fines de julio emprender\u00e1 una gira por Ciudades de Espa\u00f1a, Inglaterra, Francia y Alemania, entre otros. Tambi\u00e9n se est\u00e1 presentando en distintas ciudades del Uruguay con el espect\u00e1culo teatral \u00abCon un Jacinto en el Ojal\u00bb que recorre la historia del tango a trav\u00e9s de la m\u00fasica y la danza.<\/span><\/p>\n<p align=\"left\">\u00a0<a href=\"https:\/\/quasarcomunicacion.com.ar\/web\/wp-content\/uploads\/2025\/06\/bacciramirez.gif\"><img class=\"aligncenter\" src=\"https:\/\/quasarcomunicacion.com.ar\/web\/wp-content\/uploads\/2025\/06\/bacciramirez.gif\" \/><\/a><\/p>\n<p align=\"left\"><span style=\"font-family: Verdana,sans-serif; font-size: small;\">Tambi\u00e9n estar\u00e1 present\u00e1ndose el viernes 6 de junio junto a Sandra Costabel en Montevideo con Cena Despedida en Verde Bar, antes de partir hacia la gira por Europa. Ser\u00e1 una noche muy especial, con m\u00fasica en vivo, encuentros y emociones compartidas. <\/span><\/p>\n<p align=\"left\"><span style=\"font-family: Verdana,sans-serif; font-size: small;\">El jueves 12 de junio compartir\u00e1 escenario con Rosana Nipoli y El Alem\u00e1n, Guzm\u00e1n Carri\u00f3n quienes estar\u00e1n como invitados interpretando algunas canciones desde las 21 hs.<\/span><\/p>\n<p align=\"left\"><a href=\"https:\/\/quasarcomunicacion.com.ar\/web\/wp-content\/uploads\/2025\/06\/baccicostabel.gif\"><img class=\"aligncenter\" src=\"https:\/\/quasarcomunicacion.com.ar\/web\/wp-content\/uploads\/2025\/06\/baccicostabel.gif\" \/><\/a><\/p>\n<p align=\"left\"><span style=\"font-family: Verdana,sans-serif; font-size: small;\"> H\u00e9ctor Bacci retornar\u00e1 al viejo continente luego que realizara presentaciones con Calambre Tango, agrupaci\u00f3n de tango que integr\u00f3 junto al guitarrista Miguel Ortiz entre los a\u00f1os 2007 al 2011 oportunidad en la que visit\u00f3 ciudades de Francia Espa\u00f1a y B\u00e9lgica.\u00a0<\/span><\/p>\n","protected":false},"excerpt":{"rendered":"<p>H\u00c9CTOR BACCI se presentar\u00e1 el pr\u00f3ximo viernes 6 de junio en el Club Cultural Piantao (Jorge Newbery 1467, La Lonja) [&hellip;]<\/p>\n","protected":false},"author":2,"featured_media":12989,"comment_status":"closed","ping_status":"closed","sticky":false,"template":"","format":"standard","meta":[],"categories":[2],"tags":[],"_links":{"self":[{"href":"https:\/\/quasarcomunicacion.com.ar\/web\/wp-json\/wp\/v2\/posts\/12984"}],"collection":[{"href":"https:\/\/quasarcomunicacion.com.ar\/web\/wp-json\/wp\/v2\/posts"}],"about":[{"href":"https:\/\/quasarcomunicacion.com.ar\/web\/wp-json\/wp\/v2\/types\/post"}],"author":[{"embeddable":true,"href":"https:\/\/quasarcomunicacion.com.ar\/web\/wp-json\/wp\/v2\/users\/2"}],"replies":[{"embeddable":true,"href":"https:\/\/quasarcomunicacion.com.ar\/web\/wp-json\/wp\/v2\/comments?post=12984"}],"version-history":[{"count":3,"href":"https:\/\/quasarcomunicacion.com.ar\/web\/wp-json\/wp\/v2\/posts\/12984\/revisions"}],"predecessor-version":[{"id":12990,"href":"https:\/\/quasarcomunicacion.com.ar\/web\/wp-json\/wp\/v2\/posts\/12984\/revisions\/12990"}],"wp:featuredmedia":[{"embeddable":true,"href":"https:\/\/quasarcomunicacion.com.ar\/web\/wp-json\/wp\/v2\/media\/12989"}],"wp:attachment":[{"href":"https:\/\/quasarcomunicacion.com.ar\/web\/wp-json\/wp\/v2\/media?parent=12984"}],"wp:term":[{"taxonomy":"category","embeddable":true,"href":"https:\/\/quasarcomunicacion.com.ar\/web\/wp-json\/wp\/v2\/categories?post=12984"},{"taxonomy":"post_tag","embeddable":true,"href":"https:\/\/quasarcomunicacion.com.ar\/web\/wp-json\/wp\/v2\/tags?post=12984"}],"curies":[{"name":"wp","href":"https:\/\/api.w.org\/{rel}","templated":true}]}}