{"id":12974,"date":"2025-05-13T14:38:35","date_gmt":"2025-05-13T14:38:35","guid":{"rendered":"https:\/\/quasarcomunicacion.com.ar\/web\/?p=12974"},"modified":"2025-05-13T16:25:57","modified_gmt":"2025-05-13T16:25:57","slug":"edicion-patria-de-la-feria-de-vinos-de-la-fabrikha-wine-experience-outdoor-en-pueblo-caamano","status":"publish","type":"post","link":"https:\/\/quasarcomunicacion.com.ar\/web\/edicion-patria-de-la-feria-de-vinos-de-la-fabrikha-wine-experience-outdoor-en-pueblo-caamano\/","title":{"rendered":"Edici\u00f3n Patria de la Feria de Vinos de La FabrikHa Wine Experience Outdoor en Pueblo Caama\u00f1o"},"content":{"rendered":"<p>El pr\u00f3ximo s\u00e1bado 24 de mayo de 13 a 17 hs Pueblo Caama\u00f1o recibe una nueva edici\u00f3n de la<strong> Feria de Vinos <\/strong>de <strong>La FabrikHa Wine Experience Outdoor<\/strong>, esta vez con el sol de Mayo como protagonista y una Edici\u00f3n Patria imperdible con m\u00e1s de 40 etiquetas para degustar libremente. Adquir\u00ed tu entrada en Passlline o haciendo click aqu\u00ed <a href=\"http:\/\/tiny.cc\/3p4j001\">http:\/\/tiny.cc\/3p4j001<\/a><!--more--><\/p>\n<p>La invitaci\u00f3n es a disfrutar de un evento a puro cielo abierto, en Pueblo Caama\u00f1o, que est\u00e1 ubicado en Caama\u00f1o 662 (Bajada Panamericana Km 46). La feria se desarrolla en el Sector Dynas Food Truck de S\u00e1ndwiches &amp; Burgers @dynas.ftc y tambi\u00e9n se suma la gastronom\u00eda de La Farola <a class=\"x1i10hfl xjbqb8w x1ejq31n xd10rxx x1sy0etr x17r0tee x972fbf xcfux6l x1qhh985 xm0m39n x9f619 x1ypdohk xt0psk2 xe8uvvx xdj266r x11i5rnm xat24cr x1mh8g0r xexx8yu x4uap5 x18d9i69 xkhd6sd x16tdsg8 x1hl2dhg xggy1nq x1a2a7pz notranslate _a6hd\" tabindex=\"0\" role=\"link\" href=\"https:\/\/www.instagram.com\/tuladove\/\">@tuladove<\/a> que recibe a los visitantes con un parque incre\u00edble para disfrutar en familia y con amigos.<\/p>\n<p><a href=\"https:\/\/quasarcomunicacion.com.ar\/web\/wp-content\/uploads\/2025\/05\/caamano1.gif\"><img class=\"aligncenter\" src=\"https:\/\/quasarcomunicacion.com.ar\/web\/wp-content\/uploads\/2025\/05\/caamano1.gif\" \/><\/a><\/p>\n<p><em>\u00abNos vamos a reunir bajo el sol de Mayo para degustar y conocer Bodegas de todo nuestro pa\u00eds en esta Feria Federal , donde te acercamos la Ruta del Vino para que la puedas conocer y disfrutar en un solo lugar. Acompa\u00f1anos en un recorrido por las mejores bodegas de todo el pa\u00eds en un espectacular evento el d\u00eda 24 de Mayo. Te garantizamos una jornada llena de vinos de calidad, gastronom\u00eda y buena compa\u00f1\u00eda, \u00a1todo justo antes de nuestras celebraciones patrias! Te esperamos para celebrar nuestra cultura y tradici\u00f3n con un buen vinito!!!\u00bb,<\/em> invita Andrea Gaiad, creadora y organizadora de la <strong>Feria de Vinos de La FabrikHa Wine Experience Outdoor.<\/strong><\/p>\n<p><a href=\"https:\/\/quasarcomunicacion.com.ar\/web\/wp-content\/uploads\/2025\/05\/caamano2.gif\"><img class=\"aligncenter\" src=\"https:\/\/quasarcomunicacion.com.ar\/web\/wp-content\/uploads\/2025\/05\/caamano2.gif\" \/><\/a><\/p>\n<p>En esta edici\u00f3n Patria estar\u00e1n presente las siguientes bodegas y vinotecas:<br \/>\n&#x1f37e;Gloria Galvano Estate @gloriagalvagno<br \/>\n&#x1f37e;Bodega Bournet @bodegabournett<br \/>\n&#x1f37e;Bodeguin @bodeguin.g<br \/>\n&#x1f37e;Siete Vides @sietevides<br \/>\n&#x1f37e;Amansado Wines @amansado<br \/>\n&#x1f37e;Falasco Wines @falascowines<br \/>\n&#x1f37e;Calle Larga Wines @callelargawines<br \/>\n&#x1f37e;Winelove @winelovedv<br \/>\n&#x1f37e;Sampiterno @sempiternowines<br \/>\n&#x1f37e;JS Molina Andr\u00e9 @js.molinaandrewines<br \/>\n&#x1f37e;Postales de R\u00edo Negro @postalesderionegro<br \/>\n&#x1f37e;Moschino<br \/>\n&#x1f37e;Calisto Wines @calisto.wines<br \/>\n<span style=\"font-family: Verdana; font-size: small;\">&#x1f37e;Finca Novelli @finca.novelli.wines<\/span><br \/>\n&#x1f37e;Aqnikenk<br \/>\n&#x1f37e;Krusha Bodega @krusha.ar<br \/>\n&#x1f37e;Inusitado @vino.inusitado<br \/>\n&#x1f37e;Solar Vargas @solardevargas<br \/>\n&#x1f37e;Familia Alcano @silvioalcano<br \/>\n&#x1f37e;Latidos Wines @latidoswines<br \/>\n&#x1f37e;Delicatessen al Alcance @delicatessenalalcance<br \/>\n&#x1f37e;Mar\u00eda Barrica @mariabarrica<br \/>\n&#x1f37e;Quebrada de Las Flechas @quebradadelasflechas<\/p>\n<p>Adem\u00e1s las delicatessen de Amapola comida sana, La Buena Parte, Grace Sanders &amp; Co, @delicatessenalalcance y mucho m\u00e1s.<\/p>\n<p><a href=\"https:\/\/quasarcomunicacion.com.ar\/web\/wp-content\/uploads\/2025\/05\/caamano.gif\"><img class=\"alignnone\" src=\"https:\/\/quasarcomunicacion.com.ar\/web\/wp-content\/uploads\/2025\/05\/caamano.gif\" \/><\/a><\/p>\n<p>Habr\u00e1 m\u00e1s de 40 etiquetas de toda la Argentina, la ruta del vino completa en una feria de la mano de bodegas y vinotecas Boutique.<\/p>\n<p>La entrada incluye:<br \/>\n&#x1f377; Degustaci\u00f3n libre de m\u00e1s de 40 etiquetas de bodegas boutique de todo el pa\u00eds.<br \/>\n&#x1f35e; Degustaci\u00f3n de delicatessen.<br \/>\n&#x1f4a7; Servicio de hidrataci\u00f3n ilimitada.<br \/>\n&#x1f3b6; M\u00fasica para acompa\u00f1ar la velada.<br \/>\n&#x1f3b6; Copa para las degustaciones (se retira con un coseguro en efectivo de $ 3000 que se reembolsa al devolverla)<br \/>\n&#x1f697; Estacionamiento gratuito.<\/p>\n<p><strong>Para participar inscribite <\/strong><strong>aqu\u00ed <\/strong> <strong> <a href=\"http:\/\/tiny.cc\/3p4j001\">http:\/\/tiny.cc\/3p4j001<\/a> <\/strong><\/p>\n<p>El evento es organizado por Andrea Gaiad, coraz\u00f3n de La F\u00e1brica que en noviembre pasado celebro sus 10 a\u00f1os con la incorporaci\u00f3n de <strong>La FabriKHa Wine Experience<\/strong>. Gaiad adem\u00e1s es quien tuvo la idea de la Feria Nacional de Vinos Cheers y actualmente est\u00e1 ofreciendo viajes a Uruguay y otras experiencias relacionadas con el mundo del vino.<\/p>\n<p>M\u00e1s info\u00a0 <a href=\"https:\/\/linktr.ee\/lafabrikha\"> https:\/\/linktr.ee\/lafabrikha<\/a><\/p>\n<p>Si sos un fan de los vinos cl\u00e1sicos, si te gustan los vinos boutique, si te gusta descubrir nuevas bodegas, terru\u00f1os y los sabores diferentes de cada provincia Argentina, esta es Tu Feria.<\/p>\n<p>En estos eventos, donde p\u00fablico, vinotecas, bodegas y productores se encuentran, se promueve el trabajo de la industria vitivin\u00edcola de nuestro pa\u00eds, generando as\u00ed respeto y conciencia sobre toda la magia que hay en una copa de vino.<\/p>\n<p>De esta manera se pueden conocer en el mercado vinos de productores que por una cuesti\u00f3n de estructura y marketing a veces no pueden llegar a Buenos Aires.<br \/>\nSe busca que esos productos puedan ser vistos y que la gente pueda degustar esos vinos.<\/p>\n<p>Este tipo de ferias genera movimiento en la econom\u00eda local y apuntan a fomentar el enoturismo que es un \u00e1rea del turismo que viene creciendo en los \u00faltimos a\u00f1os.<\/p>\n<p>M\u00e1s info <a href=\"https:\/\/www.instagram.com\/lafabrikha\/\"> https:\/\/www.instagram.com\/lafabrikha\/<\/a><\/p>\n<p><strong><em>Por otras im\u00e1genes, audios o entrevistas no dude en contactarse<\/em><\/strong><\/p>\n<p><strong><em> Contactos de Prensa<\/em><\/strong><\/p>\n<table width=\"100%\">\n<tbody>\n<tr>\n<td width=\"50%\">Candela Villanueva &#8211; Asistente de Cuentas<\/p>\n<p>Directo: 0230-4664772<br \/>\nSkype: quasarcomunicacion<br \/>\nInstagram: @quasarcomunicacion<br \/>\nTwitter: @quasarpilar<br \/>\nGrupo y p\u00e1gina en Facebook: www.facebook.com\/<a href=\"mailto:mfipata@gmail.com\">Quasar<\/a>Comunicacion<br \/>\nWeb: <a href=\"http:\/\/www.quasarcomunicacion.com.ar\"> www.quasarcomunicacion.com.ar<\/a><\/p>\n<p>Mail: <a href=\"mailto:fernanda@quasarcomunicacion.com.ar\"> candela<\/a><a href=\"mailto:fernanda@quasarcomunicacion.com.ar\">@quasarcomunicacion.com.ar<\/a><\/td>\n<td width=\"50%\">Lic. Mar\u00eda Fernanda Ipata &#8211; Directora<\/p>\n<p>M\u00f3vil: 0230-15-4584535<br \/>\nWhatsapp:<a href=\"https:\/\/bit.ly\/2J4cUvm\"> 11 5312 6795<\/a><br \/>\n<a href=\"https:\/\/bit.ly\/2Sn1zLP\"> Enviar whatsapp aqu\u00ed<\/a><br \/>\nSkype: quasarcomunicacion<br \/>\nLinkedIn:\u00a0 <a href=\"http:\/\/www.linkedin.com\/in\/mfipata\"> http:\/\/www.linkedin.com\/in\/mfipata<\/a><br \/>\n<a href=\"https:\/\/www.linkedin.com\/company\/quasarcomunicacion\"> https:\/\/www.linkedin.com\/company\/quasarcomunicacion<\/a><br \/>\nInstagram y Facebook: @quasarcomunicacion<br \/>\nWeb: <a href=\"http:\/\/www.quasarcomunicacion.com.ar\"> www.quasarcomunicacion.com.ar<\/a><br \/>\nMail:<a href=\"mailto:fernanda@quasarcomunicacion.com.ar\"> fernanda@quasarcomunicacion.com.ar<\/a><br \/>\nCanal de Telegram para acceder a comunicados: https:\/\/t.me\/comunicadosQC<\/td>\n<\/tr>\n<\/tbody>\n<\/table>\n","protected":false},"excerpt":{"rendered":"<p>El pr\u00f3ximo s\u00e1bado 24 de mayo de 13 a 17 hs Pueblo Caama\u00f1o recibe una nueva edici\u00f3n de la Feria [&hellip;]<\/p>\n","protected":false},"author":2,"featured_media":12972,"comment_status":"closed","ping_status":"closed","sticky":false,"template":"","format":"standard","meta":[],"categories":[2],"tags":[],"_links":{"self":[{"href":"https:\/\/quasarcomunicacion.com.ar\/web\/wp-json\/wp\/v2\/posts\/12974"}],"collection":[{"href":"https:\/\/quasarcomunicacion.com.ar\/web\/wp-json\/wp\/v2\/posts"}],"about":[{"href":"https:\/\/quasarcomunicacion.com.ar\/web\/wp-json\/wp\/v2\/types\/post"}],"author":[{"embeddable":true,"href":"https:\/\/quasarcomunicacion.com.ar\/web\/wp-json\/wp\/v2\/users\/2"}],"replies":[{"embeddable":true,"href":"https:\/\/quasarcomunicacion.com.ar\/web\/wp-json\/wp\/v2\/comments?post=12974"}],"version-history":[{"count":3,"href":"https:\/\/quasarcomunicacion.com.ar\/web\/wp-json\/wp\/v2\/posts\/12974\/revisions"}],"predecessor-version":[{"id":12977,"href":"https:\/\/quasarcomunicacion.com.ar\/web\/wp-json\/wp\/v2\/posts\/12974\/revisions\/12977"}],"wp:featuredmedia":[{"embeddable":true,"href":"https:\/\/quasarcomunicacion.com.ar\/web\/wp-json\/wp\/v2\/media\/12972"}],"wp:attachment":[{"href":"https:\/\/quasarcomunicacion.com.ar\/web\/wp-json\/wp\/v2\/media?parent=12974"}],"wp:term":[{"taxonomy":"category","embeddable":true,"href":"https:\/\/quasarcomunicacion.com.ar\/web\/wp-json\/wp\/v2\/categories?post=12974"},{"taxonomy":"post_tag","embeddable":true,"href":"https:\/\/quasarcomunicacion.com.ar\/web\/wp-json\/wp\/v2\/tags?post=12974"}],"curies":[{"name":"wp","href":"https:\/\/api.w.org\/{rel}","templated":true}]}}