{"id":12968,"date":"2025-05-11T14:52:12","date_gmt":"2025-05-11T14:52:12","guid":{"rendered":"https:\/\/quasarcomunicacion.com.ar\/web\/?p=12968"},"modified":"2025-05-11T15:04:57","modified_gmt":"2025-05-11T15:04:57","slug":"hector-bacci-ya-piensa-en-su-proxima-gira-europea","status":"publish","type":"post","link":"https:\/\/quasarcomunicacion.com.ar\/web\/hector-bacci-ya-piensa-en-su-proxima-gira-europea\/","title":{"rendered":"H\u00e9ctor Bacci ya piensa en su pr\u00f3xima Gira europea"},"content":{"rendered":"<p><strong>H\u00e9ctor Bacci <\/strong>se presentar\u00e1 el pr\u00f3ximo s\u00e1bado 17 de mayo desde las 21 hs en el Teatro Angel Alonso (Pedro Lagrave 725) con su nuevo espect\u00e1culo<strong> \u00abLos Caminos\u00bb,<\/strong> que repasa algunas de las asociaciones art\u00edsticas que Bacci viene llevando con distinto artistas. La entrada es libre y gratuita y pueden reservarse al +54 9 11 5502-6856. Con este show se despedir\u00e1 de Pilar antes de su pr\u00f3xima gira europea que se desarrollar\u00e1 durante junio y julio.<!--more--><\/p>\n<p align=\"left\"><span style=\"font-family: Verdana,sans-serif; font-size: small;\"> H\u00e9ctor Bacci retornar\u00e1 al viejo continente luego que realizara presentaciones con Calambre Tango, agrupaci\u00f3n de tango que integr\u00f3 junto al guitarrista Miguel Ortiz entre los a\u00f1os 2007 al 2011 oportunidad en la que visit\u00f3 ciudades de Francia Espa\u00f1a y B\u00e9lgica. <\/span><\/p>\n<p><a href=\"https:\/\/quasarcomunicacion.com.ar\/web\/wp-content\/uploads\/2021\/09\/bacci.gif\"><img class=\"alignnone\" src=\"https:\/\/quasarcomunicacion.com.ar\/web\/wp-content\/uploads\/2021\/09\/bacci.gif\" \/><\/a><\/p>\n<p align=\"left\"><span style=\"font-family: Verdana,sans-serif; font-size: small;\">Durante junio y julio, visitar\u00e1 Ciudades de Espa\u00f1a, Inglaterra, Francia y Alemania. Tambi\u00e9n se presentar\u00e1 en distintas ciudades del Uruguay con el espect\u00e1culo teatral \u00abCon un Jacinto en el Ojal\u00bb que recorre la historia del tango a trav\u00e9s de la m\u00fasica y la danza.<\/span><\/p>\n<p align=\"left\"><span style=\"font-family: Verdana,sans-serif; font-size: small;\">Con este espect\u00e1culo, estar\u00e1 el 29 de mayo en el teatro Uam\u00e1 de Carmelo; el 30 de mayo en el Teatro Rex de Tarariras y el 31 de mayo en Basti\u00f3n del Carmen en Colonia del Sacramento. <\/span><\/p>\n<p align=\"left\"><span style=\"font-family: Verdana,sans-serif; font-size: small;\">D\u00edas antes de partir a Europa, tendr\u00e1 su cena despedida el 12 de junio en Verde Bar, el 13 de junio se presentar\u00e1 en Piri\u00e1polis, el 14 de junio en Maldonado.<\/span><\/p>\n<p><a href=\"https:\/\/quasarcomunicacion.com.ar\/web\/wp-content\/uploads\/2025\/05\/jacinto.gif\"><img class=\"alignnone\" src=\"https:\/\/quasarcomunicacion.com.ar\/web\/wp-content\/uploads\/2025\/05\/jacinto.gif\" \/><\/a><br \/>\n<strong><br \/>\nAcerca de Los Caminos<\/strong><\/p>\n<p>Dicho espect\u00e1culo contar\u00e1 con la presencia de artistas invitados como la cantante uruguaya Sandra Costabel, el violinista Aldo Ortiz,el guitarrista Nicol\u00e1s Larroca. Tambi\u00e9n estar\u00e1 el cantante Gast\u00f3n Ram\u00edrez, Monkeyblue, Ezestereo, Valentino Bacci, Luciana Montenegro, y el grupo de candombe la Ricarda.\u00a0 Y contar\u00e1 con la participaci\u00f3n especial de la destacada cantante salte\u00f1a Adelina Villanueva.<\/p>\n<p><strong> LOS CAMINOS<\/strong> da cuenta de las variadas colaboraciones que el artista pilarense viene realizando tanto en el \u00e1mbito local como en distintos escenarios de Uruguay. Tal es el caso de Sandra Costabel artista oriental a quien Bacci le produjera su \u00faltimo lanzamiento llamado TERRU\u00d1O y con quien viene realizando presentaciones en el pa\u00eds vecino y Adelina Villanueva con quien comparte escena como guitarrista acomp\u00e1\u00f1ate desde 2022 en distintos escenarios del pa\u00eds.<\/p>\n<p>El espect\u00e1culo \u00abLos caminos\u00bb es un adelanto de su pr\u00f3ximo lanzamiento, un \u00e1lbum con ese nombre donde registrar\u00e1 obras de su autor\u00eda y est\u00e1 programado su lanzamiento hacia fines de noviembre<\/p>\n<p>Por m\u00e1s informaci\u00f3n y consultas comunicarse por las redes sociales <a href=\"https:\/\/linktr.ee\/hectorbacci\"> https:\/\/linktr.ee\/hectorbacci<\/a>\u00a0 o al +54 9 11 5502-6856<\/p>\n<p><strong><em>Por otras im\u00e1genes, audios o entrevistas no dude en contactarse<\/em><\/strong><\/p>\n<p><strong><em> Contactos de Prensa<\/em><\/strong><\/p>\n<table width=\"100%\">\n<tbody>\n<tr>\n<td width=\"50%\"><strong> Candela Villanueva &#8211; Ejecutiva de Cuentas<\/strong><\/p>\n<p><b> Directo<\/b><strong>: <\/strong> 0230-4664772<br \/>\n<b> Skype:<\/b> quasarcomunicacion<br \/>\n<b> Instagram<\/b>: @quasarcomunicacion<br \/>\n<b> Twitter:<\/b> @quasarpilar<br \/>\n<b> Gr<\/b><b>upo y p\u00e1gina en Facebook: <\/b> www.facebook.com\/<a href=\"mailto:mfipata@gmail.com\">Quasar<\/a>Comunicacion<br \/>\n<b> Web:<\/b> <a href=\"http:\/\/www.quasarcomunicacion.com.ar\"> www.quasarcomunicacion.com.ar<\/a><\/p>\n<p><b> Mail<\/b><strong>:<\/strong> <a href=\"mailto:fernanda@quasarcomunicacion.com.ar\"> candela<\/a><a href=\"mailto:fernanda@quasarcomunicacion.com.ar\">@quasarcomunicacion.com.ar<\/a><\/td>\n<td width=\"50%\"><strong> Lic. Mar\u00eda Fernanda Ipata &#8211; Directora<br \/>\n<\/strong> <b><br \/>\n<\/b> <b> M\u00f3vil:<\/b> 0230-15-4584535<br \/>\n<b> Whatsapp<\/b><b>:<\/b><a href=\"https:\/\/bit.ly\/2J4cUvm\"> 11 5312 6795<\/a><br \/>\n<a href=\"https:\/\/bit.ly\/2Sn1zLP\"> Enviar whatsapp aqu\u00ed<\/a><br \/>\n<b> Skype:<\/b> quasarcomunicacion<br \/>\n<b> LinkedIn<\/b><strong>:\u00a0 <\/strong> <strong> <a href=\"http:\/\/www.linkedin.com\/in\/mfipata\"> http:\/\/www.linkedin.com\/in\/mfipata<\/a><\/strong><br \/>\n<a href=\"https:\/\/www.linkedin.com\/company\/quasarcomunicacion\"> https:\/\/www.linkedin.com\/company\/quasarcomunicacion<\/a><br \/>\n<b> Instagram y Facebook:<\/b> @quasarcomunicacion <b><br \/>\nWeb:<\/b> <a href=\"http:\/\/www.quasarcomunicacion.com.ar\"> www.quasarcomunicacion.com.ar<\/a><br \/>\n<b> Mail<\/b><strong>:<\/strong><a href=\"mailto:fernanda@quasarcomunicacion.com.ar\"> fernanda@quasarcomunicacion.com.ar<\/a><br \/>\n<b> Canal de Telegram para acceder a comunicados:<\/b> <a href=\"https:\/\/t.me\/comunicadosQC\"> https:\/\/t.me\/comunicadosQC<\/a><br \/>\n<a href=\"https:\/\/t.me\/quasarcomunicacion\"> <b>Telegram: <\/b> <b> https:\/\/t.me\/quasarcomunicacion<\/b><\/a><\/td>\n<\/tr>\n<\/tbody>\n<\/table>\n","protected":false},"excerpt":{"rendered":"<p>H\u00e9ctor Bacci se presentar\u00e1 el pr\u00f3ximo s\u00e1bado 17 de mayo desde las 21 hs en el Teatro Angel Alonso (Pedro [&hellip;]<\/p>\n","protected":false},"author":2,"featured_media":12967,"comment_status":"closed","ping_status":"closed","sticky":false,"template":"","format":"standard","meta":[],"categories":[2],"tags":[],"_links":{"self":[{"href":"https:\/\/quasarcomunicacion.com.ar\/web\/wp-json\/wp\/v2\/posts\/12968"}],"collection":[{"href":"https:\/\/quasarcomunicacion.com.ar\/web\/wp-json\/wp\/v2\/posts"}],"about":[{"href":"https:\/\/quasarcomunicacion.com.ar\/web\/wp-json\/wp\/v2\/types\/post"}],"author":[{"embeddable":true,"href":"https:\/\/quasarcomunicacion.com.ar\/web\/wp-json\/wp\/v2\/users\/2"}],"replies":[{"embeddable":true,"href":"https:\/\/quasarcomunicacion.com.ar\/web\/wp-json\/wp\/v2\/comments?post=12968"}],"version-history":[{"count":2,"href":"https:\/\/quasarcomunicacion.com.ar\/web\/wp-json\/wp\/v2\/posts\/12968\/revisions"}],"predecessor-version":[{"id":12970,"href":"https:\/\/quasarcomunicacion.com.ar\/web\/wp-json\/wp\/v2\/posts\/12968\/revisions\/12970"}],"wp:featuredmedia":[{"embeddable":true,"href":"https:\/\/quasarcomunicacion.com.ar\/web\/wp-json\/wp\/v2\/media\/12967"}],"wp:attachment":[{"href":"https:\/\/quasarcomunicacion.com.ar\/web\/wp-json\/wp\/v2\/media?parent=12968"}],"wp:term":[{"taxonomy":"category","embeddable":true,"href":"https:\/\/quasarcomunicacion.com.ar\/web\/wp-json\/wp\/v2\/categories?post=12968"},{"taxonomy":"post_tag","embeddable":true,"href":"https:\/\/quasarcomunicacion.com.ar\/web\/wp-json\/wp\/v2\/tags?post=12968"}],"curies":[{"name":"wp","href":"https:\/\/api.w.org\/{rel}","templated":true}]}}