{"id":12898,"date":"2025-02-04T15:48:59","date_gmt":"2025-02-04T15:48:59","guid":{"rendered":"https:\/\/quasarcomunicacion.com.ar\/web\/?p=12898"},"modified":"2025-02-04T16:55:55","modified_gmt":"2025-02-04T16:55:55","slug":"vuelve-la-feria-de-vinos-a-pilar","status":"publish","type":"post","link":"https:\/\/quasarcomunicacion.com.ar\/web\/vuelve-la-feria-de-vinos-a-pilar\/","title":{"rendered":"Vuelve la Feria de Vinos a Pilar"},"content":{"rendered":"<p>El pr\u00f3ximo viernes 14 de febrero de 19 a 22 hs en Pueblo Caama\u00f1o llega una nueva edici\u00f3n de la Feria de Vinos de <strong>La FabrikHa Wine Experience Outdoor<\/strong>. En esta edici\u00f3n especial, una versi\u00f3n boutique con 12 bodegas en ocasi\u00f3n del D\u00eda de los Enamorados.\u00a0 Adquir\u00ed tu entrada aqu\u00ed <a href=\"https:\/\/www.eventbrite.com\/e\/feria-de-vinos-en-la-noche-de-los-museos-capilla-del-senor-tickets-1045293820957?aff=oddtdtcreator&amp;fbclid=PAZXh0bgNhZW0CMTEAAaaYzeAsc1NsFFsk4QS_zWgeVF-Fo-n3PYB6seQkb9Pd1d0G1GWs_oji0os_aem_k4w32DBLh3qQ3F8KvFCwEQ\"> https:\/\/www.passline.com\/eventos\/feria-de-vinos-edicion-especial-dia-de-los-enamorados-by-la-fabrikha <\/a><!--more--><\/p>\n<p>En esta edici\u00f3n boutique se suman las siguientes bodegas: Gloria Galvano Estate, bodeguera pilarense; Lamista, Moschino, Aqnikenk, Postales de R\u00edo Negro, Preludio Wines, Sillero Wine, Inusitado, Solar Vargas, Familia Alcano, Vinos org\u00e1nicos, Latidos Wines.<\/p>\n<p><a href=\"https:\/\/quasarcomunicacion.com.ar\/web\/wp-content\/uploads\/2025\/02\/capillaferia.gif\"><img class=\"aligncenter\" src=\"https:\/\/quasarcomunicacion.com.ar\/web\/wp-content\/uploads\/2025\/02\/capillaferia.gif\" \/><\/a><\/p>\n<p>Habr\u00e1 m\u00e1s de 30 etiquetas de toda la Argentina, la ruta del vino completa en una feria de la mano de bodegas y vinotecas Boutique.<\/p>\n<p>La entrada incluye:<br \/>\n&#x1f377; Degustaci\u00f3n libre de m\u00e1s de 30 etiquetas de bodegas boutique de todo el pa\u00eds.<br \/>\n&#x1f35e; Degustaci\u00f3n de delicatessen.<br \/>\n&#x1f4a7; Servicio de hidrataci\u00f3n ilimitada.<br \/>\n&#x1f3b6; M\u00fasica para acompa\u00f1ar la velada.<br \/>\n&#x1f377; Copa para las degustaciones (se retira con un copago de $ 3000 que se reembolsa al devolverla)<br \/>\n&#x1f697; Estacionamiento gratuito.<\/p>\n<p><strong>Entradas por Passline aqu\u00ed <a href=\"https:\/\/www.passline.com\/eventos\/feria-de-vinos-edicion-especial-dia-de-los-enamorados-by-la-fabrikha\"> https:\/\/www.passline.com\/eventos\/feria-de-vinos-edicion-especial-dia-de-los-enamorados-by-la-fabrikha<\/a>\u00a0<\/strong><\/p>\n<p><a href=\"https:\/\/quasarcomunicacion.com.ar\/web\/wp-content\/uploads\/2025\/02\/feriacapilla.gif\"><img class=\"aligncenter\" src=\"https:\/\/quasarcomunicacion.com.ar\/web\/wp-content\/uploads\/2025\/02\/feriacapilla.gif\" \/><\/a><\/p>\n<p>En esta edici\u00f3n, se destinar\u00e1 una parte de lo recaudado por la venta de entradas al Santuario Jaulas Vac\u00edas, ONG de Pilar \u00a0que rescata del maltrato, abandono y uso en las distintas industrias a los animales. Conoc\u00e9 m\u00e1s en <a href=\"https:\/\/www.instagram.com\/santuario.jaulas.vacias\"> https:\/\/www.instagram.com\/santuario.jaulas.vacias<\/a><\/p>\n<p>El evento es organizado por Andrea Gaiad, coraz\u00f3n de La F\u00e1brica que en noviembre pasado celebro sus 10 a\u00f1os con la incorporaci\u00f3n de <strong>La FabriKHa Wine Experience <\/strong>y una edici\u00f3n de la Feria en Capilla del Se\u00f1or. Gaiad adem\u00e1s es quien tuvo la idea de la Feria Nacional de Vinos Cheers y actualmente est\u00e1 ofreciendo viajes a Uruguay como el que realizaron el pasado 25 de enero a la Bodega Cordano; y el 8 celebrar\u00e1n Vendimia en Bodega Boutique El Legado y el 22 de febrero en Bodega Cordano nuevamente con una opci\u00f3n de dos d\u00edas y una noche de alojamiento en el pa\u00eds vecino.<\/p>\n<p><a href=\"https:\/\/quasarcomunicacion.com.ar\/web\/wp-content\/uploads\/2025\/02\/capilla24a.gif\"><img class=\"aligncenter\" src=\"https:\/\/quasarcomunicacion.com.ar\/web\/wp-content\/uploads\/2025\/02\/capilla24a.gif\" \/><\/a><\/p>\n<p>M\u00e1s info\u00a0 <a href=\"https:\/\/linktr.ee\/lafabrikha\"> https:\/\/linktr.ee\/lafabrikha<\/a> y todas las experiencias.<\/p>\n<p>Si sos un fan de los vinos cl\u00e1sicos, si te gustan los vinos boutique, si te gusta descubrir nuevas bodegas, terru\u00f1os y los sabores diferentes de cada provincia Argentina, esta es Tu Feria.<\/p>\n<p>En estos eventos, donde p\u00fablico, vinotecas, bodegas y productores se encuentran, se promueve el trabajo de la industria vitivin\u00edcola de nuestro pa\u00eds, generando as\u00ed respeto y conciencia sobre toda la magia que hay en una copa de vino.<\/p>\n<p>De esta manera se pueden conocer en el mercado vinos de productores que por una cuesti\u00f3n de estructura y marketing a veces no pueden llegar a Buenos Aires.<br \/>\nSe busca que esos productos puedan ser vistos y que la gente pueda degustar esos vinos.<\/p>\n<p>Este tipo de ferias genera movimiento en la econom\u00eda local y apuntan a fomentar el enoturismo que es un \u00e1rea del turismo que viene creciendo en los \u00faltimos a\u00f1os.<\/p>\n<p>M\u00e1s info <a href=\"https:\/\/www.instagram.com\/lafabrikha\/\"> https:\/\/www.instagram.com\/lafabrikha\/<\/a><\/p>\n<p><strong><em>Por otras im\u00e1genes, audios o entrevistas no dude en contactarse<\/em><\/strong><\/p>\n<p><strong><em> Contactos de Prensa<\/em><\/strong><\/p>\n<table width=\"100%\">\n<tbody>\n<tr>\n<td width=\"50%\"><strong> Candela Villanueva &#8211; Asistente de Cuentas<\/strong><\/p>\n<p><b> Directo<\/b><strong>: <\/strong> 0230-4664772<br \/>\n<b> Skype:<\/b> quasarcomunicacion<br \/>\n<b> Instagram<\/b>: @quasarcomunicacion<br \/>\n<b> Twitter:<\/b> @quasarpilar<br \/>\n<b> Gr<\/b><b>upo y p\u00e1gina en Facebook: <\/b> www.facebook.com\/<a href=\"mailto:mfipata@gmail.com\">Quasar<\/a>Comunicacion<br \/>\n<b> Web:<\/b> <a href=\"http:\/\/www.quasarcomunicacion.com.ar\"> www.quasarcomunicacion.com.ar<\/a><\/p>\n<p><b> Mail<\/b><strong>:<\/strong> <a href=\"mailto:fernanda@quasarcomunicacion.com.ar\"> candela<\/a><a href=\"mailto:fernanda@quasarcomunicacion.com.ar\">@quasarcomunicacion.com.ar<\/a><\/td>\n<td width=\"50%\"><strong> Lic. Mar\u00eda Fernanda Ipata &#8211; Directora<br \/>\n<\/strong> <b><br \/>\n<\/b> <b> M\u00f3vil:<\/b> 0230-15-4584535<br \/>\n<b> Whatsapp<\/b><b>:<\/b><a href=\"https:\/\/bit.ly\/2J4cUvm\"> 11 5312 6795<\/a><br \/>\n<a href=\"https:\/\/bit.ly\/2Sn1zLP\"> Enviar whatsapp aqu\u00ed<\/a><br \/>\n<b> Skype:<\/b> quasarcomunicacion<br \/>\n<b> LinkedIn<\/b><strong>:\u00a0 <\/strong> <strong> <a href=\"http:\/\/www.linkedin.com\/in\/mfipata\"> http:\/\/www.linkedin.com\/in\/mfipata<\/a><\/strong><br \/>\n<a href=\"https:\/\/www.linkedin.com\/company\/quasarcomunicacion\"> https:\/\/www.linkedin.com\/company\/quasarcomunicacion<\/a><br \/>\n<b> Instagram y Facebook:<\/b> @quasarcomunicacion <b><br \/>\nWeb:<\/b> <a href=\"http:\/\/www.quasarcomunicacion.com.ar\"> www.quasarcomunicacion.com.ar<\/a><br \/>\n<b> Mail<\/b><strong>:<\/strong><a href=\"mailto:fernanda@quasarcomunicacion.com.ar\"> fernanda@quasarcomunicacion.com.ar<\/a><br \/>\n<b> Canal de Telegram para acceder a comunicados:<\/b> https:\/\/t.me\/comunicadosQC<\/td>\n<\/tr>\n<\/tbody>\n<\/table>\n","protected":false},"excerpt":{"rendered":"<p>El pr\u00f3ximo viernes 14 de febrero de 19 a 22 hs en Pueblo Caama\u00f1o llega una nueva edici\u00f3n de la [&hellip;]<\/p>\n","protected":false},"author":2,"featured_media":12896,"comment_status":"closed","ping_status":"closed","sticky":false,"template":"","format":"standard","meta":[],"categories":[2],"tags":[],"_links":{"self":[{"href":"https:\/\/quasarcomunicacion.com.ar\/web\/wp-json\/wp\/v2\/posts\/12898"}],"collection":[{"href":"https:\/\/quasarcomunicacion.com.ar\/web\/wp-json\/wp\/v2\/posts"}],"about":[{"href":"https:\/\/quasarcomunicacion.com.ar\/web\/wp-json\/wp\/v2\/types\/post"}],"author":[{"embeddable":true,"href":"https:\/\/quasarcomunicacion.com.ar\/web\/wp-json\/wp\/v2\/users\/2"}],"replies":[{"embeddable":true,"href":"https:\/\/quasarcomunicacion.com.ar\/web\/wp-json\/wp\/v2\/comments?post=12898"}],"version-history":[{"count":3,"href":"https:\/\/quasarcomunicacion.com.ar\/web\/wp-json\/wp\/v2\/posts\/12898\/revisions"}],"predecessor-version":[{"id":12901,"href":"https:\/\/quasarcomunicacion.com.ar\/web\/wp-json\/wp\/v2\/posts\/12898\/revisions\/12901"}],"wp:featuredmedia":[{"embeddable":true,"href":"https:\/\/quasarcomunicacion.com.ar\/web\/wp-json\/wp\/v2\/media\/12896"}],"wp:attachment":[{"href":"https:\/\/quasarcomunicacion.com.ar\/web\/wp-json\/wp\/v2\/media?parent=12898"}],"wp:term":[{"taxonomy":"category","embeddable":true,"href":"https:\/\/quasarcomunicacion.com.ar\/web\/wp-json\/wp\/v2\/categories?post=12898"},{"taxonomy":"post_tag","embeddable":true,"href":"https:\/\/quasarcomunicacion.com.ar\/web\/wp-json\/wp\/v2\/tags?post=12898"}],"curies":[{"name":"wp","href":"https:\/\/api.w.org\/{rel}","templated":true}]}}