{"id":12873,"date":"2024-12-10T16:27:03","date_gmt":"2024-12-10T16:27:03","guid":{"rendered":"https:\/\/quasarcomunicacion.com.ar\/web\/?p=12873"},"modified":"2024-12-11T14:08:36","modified_gmt":"2024-12-11T14:08:36","slug":"el-polo-educativo-pilar-prepara-el-xxi-congreso-de-educacion-para-febrero-de-2025","status":"publish","type":"post","link":"https:\/\/quasarcomunicacion.com.ar\/web\/el-polo-educativo-pilar-prepara-el-xxi-congreso-de-educacion-para-febrero-de-2025\/","title":{"rendered":"El Polo Educativo Pilar prepara el XXI Congreso de Educaci\u00f3n para febrero de 2025"},"content":{"rendered":"<p>El <strong>Polo Educativo Pilar <\/strong>anuncia la realizaci\u00f3n del<strong> XXI Congreso de Educaci\u00f3n: \u201cTrascendiendo fronteras, co creando el futuro\u201d <\/strong>para el 13 y 14 de febrero de 2025, con conferencias virtuales y presenciales en el Campus de la USAL y en el IAE Universidad Austral. M\u00e1s informaci\u00f3n en <a href=\"https:\/\/www.poloeducativopilar.org.ar\/\"> www.poloeducativopilar.org.ar <\/a>o escribiendo a <a href=\"mailto:consultas@poloeducativopilar.org.ar\"> consultas@poloeducativopilar.org.ar<\/a> <!--more--><\/p>\n<p>En esta nueva edici\u00f3n los ejes tem\u00e1ticos ser\u00e1n: creatividad, tecnolog\u00eda, pensamiento cr\u00edtico, metacognici\u00f3n, \u00e9tica, consciencia y contar\u00e1 con la participaci\u00f3n de reconocidos profesionales como: Lucrecia Prat Gay, Paola Delbosco, Dar\u00edo Alvarez Klar, Esteban Aranda, Christian Plebst, Gabriela Renault, Mariana Albarrac\u00edn, Alejandra Dubovik y Alejandra Cippitelli, entre otros. Adem\u00e1s incluir\u00e1 un d\u00eda dedicado a una Capacitaci\u00f3n Deportiva.<\/p>\n<p><a href=\"https:\/\/quasarcomunicacion.com.ar\/web\/wp-content\/uploads\/2020\/02\/auditorio2.gif\"><img class=\"aligncenter\" src=\"https:\/\/quasarcomunicacion.com.ar\/web\/wp-content\/uploads\/2020\/02\/auditorio2.gif\" \/><\/a><\/p>\n<p>El Congreso est\u00e1 dirigido a directivos, docentes y profesores de todos los niveles, \u00e1reas e idiomas y profesionales vinculados a la educaci\u00f3n y capacitaci\u00f3n.<\/p>\n<p>Para docentes de escuelas de gesti\u00f3n estatal del Partido de Pilar y docentes de Instituciones asociadas al <strong>Polo Educativo Pilar<\/strong> la participaci\u00f3n ser\u00e1 sin cargo, el \u00fanico requisito es inscribirse previamente. M\u00e1s informaci\u00f3n en <a href=\"mailto:consulta@poloeducativopilar.org.ar\"> consulta@poloeducativopilar.org.ar<\/a> .<\/p>\n<p>Este a\u00f1o acompa\u00f1an la actividad: Revista Colegio, Pickapply, Fase2, \u00c9xito Ledesma, Grupo Temas Editorial, SESI, entre otras empresas.<br \/>\nAdem\u00e1s, apoyan la Universidad del Salvador y la Escuela de Educaci\u00f3n de la Universidad Austral.<\/p>\n<p>Comunica Qu\u00e1sar Comunicaci\u00f3n Digital y Prensa.<\/p>\n<p>Segu\u00ed todas las novedades en las Redes del <strong>Polo Educativo<\/strong><\/p>\n<p>TWITTER <a href=\"https:\/\/twitter.com\/poloeducativo?fbclid=IwAR3DDCUvZk5Ns3z4XF0P4Oziw9-XoOLAtl545hClQJ3308Z2Q4vFRcK98hM\"> https:\/\/twitter.com\/poloeducativo<\/a><\/p>\n<p>FACEBOOK <a style=\"font-weight: 400;\" href=\"https:\/\/www.facebook.com\/poloeducativo?__cft__[0]=AZXzRbVORjP1cAA3vsy9SY5DsUJJCwK7kUDpNUMwzOrwLU-nm6jgIN50h6396LZbYFVL8tMbWZHQ1yLNLgYX88NFrBVMtYNS4QcBTZ-4NeNFC0UeYKtlkJ7LYB9tOgClMDSI_ZX8mExzOsbkL_ICfI7nJg9rebDCs5asLzhIgvy72G4AD6Aa8WAUhNlI7jVHUZ8&amp;__tn__=-]K-R\"> https:\/\/www.facebook.com\/poloeducativo<\/a><\/p>\n<p>INSTAGRAM <a href=\"https:\/\/instagram.com\/poloeducativopilar?fbclid=IwAR0JYfWC-7o4cOAgidK9K46xP7SZV9Y5ciOv1Du0aaw6fqCiVujT-8A1Bbs\"> https:\/\/instagram.com\/poloeducativopilar<\/a><\/p>\n<p>LINKEDIN <a href=\"https:\/\/www.linkedin.com\/company\/poloeducativopilar\/?fbclid=IwAR0ll91O7YuJqka1x7np11g1YepLUNEdcnyIaoc6Z9mbACZ7v8DL8zecE5I\"> https:\/\/www.linkedin.com\/company\/poloeducativopilar\/<\/a><\/p>\n<p>Todas las redes <a href=\"https:\/\/linktr.ee\/poloeducativopilar?fbclid=IwAR3TIZ-hmBcFLdMdaYQT_POClhjyxEAZoQMxX3FBU1FyiUuXmTpiW7yP9gY\"> https:\/\/linktr.ee\/poloeducativopilar<\/a><\/p>\n<p><strong><em>Por otras im\u00e1genes, audios o entrevistas no dude en contactarse entrevistas no dude en contactarse<\/em><\/strong><\/p>\n<p>&nbsp;<\/p>\n<table width=\"100%\">\n<tbody>\n<tr>\n<td width=\"50%\"><strong> Candela Villanueva &#8211; Ejecutiva de Cuentas<\/strong><\/p>\n<p><b> Directo<\/b><strong>: <\/strong> 0230-4664772<br \/>\n<b> Skype:<\/b> quasarcomunicacion<br \/>\n<b> Instagram<\/b>: @quasarcomunicacion<br \/>\n<b> Twitter:<\/b> @quasarpilar<br \/>\n<b> Gr<\/b><b>upo y p\u00e1gina en Facebook: <\/b> www.facebook.com\/<a href=\"mailto:mfipata@gmail.com\">Quasar<\/a>Comunicacion<br \/>\n<b> Web:<\/b> <a href=\"http:\/\/www.quasarcomunicacion.com.ar\"> www.quasarcomunicacion.com.ar<\/a><\/p>\n<p><b> Mail<\/b><strong>:<\/strong> <a href=\"mailto:fernanda@quasarcomunicacion.com.ar\"> candela<\/a><a href=\"mailto:fernanda@quasarcomunicacion.com.ar\">@quasarcomunicacion.com.ar<\/a><\/td>\n<td width=\"50%\"><strong> Lic. Mar\u00eda Fernanda Ipata &#8211; Directora<br \/>\n<\/strong> <b><br \/>\n<\/b> <b> M\u00f3vil:<\/b> 0230-15-4584535<br \/>\n<b> Whatsapp<\/b><b>:<\/b><a href=\"https:\/\/bit.ly\/2J4cUvm\"> 11 5312 6795<\/a><br \/>\n<a href=\"https:\/\/bit.ly\/2Sn1zLP\"> Enviar whatsapp aqu\u00ed<\/a><br \/>\n<b> Skype:<\/b> quasarcomunicacion<br \/>\n<b> LinkedIn<\/b><strong>:\u00a0 <\/strong> <strong> <a href=\"http:\/\/www.linkedin.com\/in\/mfipata\"> http:\/\/www.linkedin.com\/in\/mfipata<\/a><\/strong><br \/>\n<a href=\"https:\/\/www.linkedin.com\/company\/quasarcomunicacion\"> https:\/\/www.linkedin.com\/company\/quasarcomunicacion<\/a><br \/>\n<b> Instagram y Facebook:<\/b> @quasarcomunicacion <b><br \/>\nWeb:<\/b> <a href=\"http:\/\/www.quasarcomunicacion.com.ar\"> www.quasarcomunicacion.com.ar<\/a><br \/>\n<b> Mail<\/b><strong>:<\/strong><a href=\"mailto:fernanda@quasarcomunicacion.com.ar\"> fernanda@quasarcomunicacion.com.ar<\/a><br \/>\n<b> Canal de Telegram para acceder a comunicados:<\/b> https:\/\/t.me\/comunicadosQC<\/td>\n<\/tr>\n<\/tbody>\n<\/table>\n<p><strong> Acerca del Polo Educativo Pilar<\/strong><\/p>\n<p><a href=\"https:\/\/quasarcomunicacion.com.ar\/web\/wp-content\/uploads\/2023\/10\/logopep.gif\"><img class=\"alignright\" src=\"https:\/\/quasarcomunicacion.com.ar\/web\/wp-content\/uploads\/2023\/10\/logopep.gif\" \/><\/a>El\u00a0<strong>Polo Educativo Pilar\u00a0<\/strong>es una asociaci\u00f3n civil sin fines de lucro que fue fundada en el a\u00f1o 2002, que re\u00fane a instituciones educativas tanto p\u00fablicas como privadas y tiene como objetivo principal el promover y desarrollar la educaci\u00f3n, p\u00fablica y privada, en todo el distrito.<\/p>\n<p>La asociaci\u00f3n nace a partir de 1999 cuando los directivos de los j\u00f3venes colegios privados de Pilar, junto con los que llevaban m\u00e1s a\u00f1os en la ciudad, comienzan a reunirse para considerar sus problem\u00e1ticas comunes. Este hecho, in\u00e9dito en la educaci\u00f3n privada en la Argentina, alcanza un alto grado de sinergia cuando los Colegios deciden trazar un plan para convertir al Partido de Pilar en una localidad que sea conocida por su alto nivel educativo, tanto en las instituciones privadas como en las p\u00fablicas. Con esa idea, un grupo original de 14 Colegios de distintos niveles, funda el\u00a0<strong>Polo Educativo Pilar<\/strong>.<\/p>\n<p>Cabe destacar que entidad obtuvo su personer\u00eda jur\u00eddica en diciembre de 2004 bajo el Nro. 7000\/04 expedido por la Inspecci\u00f3n de Persona jur\u00eddica de la Provincia de Buenos Aires. En el a\u00f1o 2003 es declarada entidad de Bien P\u00fablico por el Municipio de Pilar por Decreto Municipal Nro. 6679\/2003.<\/p>\n","protected":false},"excerpt":{"rendered":"<p>El Polo Educativo Pilar anuncia la realizaci\u00f3n del XXI Congreso de Educaci\u00f3n: \u201cTrascendiendo fronteras, co creando el futuro\u201d para el [&hellip;]<\/p>\n","protected":false},"author":2,"featured_media":12626,"comment_status":"closed","ping_status":"closed","sticky":false,"template":"","format":"standard","meta":[],"categories":[2],"tags":[],"_links":{"self":[{"href":"https:\/\/quasarcomunicacion.com.ar\/web\/wp-json\/wp\/v2\/posts\/12873"}],"collection":[{"href":"https:\/\/quasarcomunicacion.com.ar\/web\/wp-json\/wp\/v2\/posts"}],"about":[{"href":"https:\/\/quasarcomunicacion.com.ar\/web\/wp-json\/wp\/v2\/types\/post"}],"author":[{"embeddable":true,"href":"https:\/\/quasarcomunicacion.com.ar\/web\/wp-json\/wp\/v2\/users\/2"}],"replies":[{"embeddable":true,"href":"https:\/\/quasarcomunicacion.com.ar\/web\/wp-json\/wp\/v2\/comments?post=12873"}],"version-history":[{"count":2,"href":"https:\/\/quasarcomunicacion.com.ar\/web\/wp-json\/wp\/v2\/posts\/12873\/revisions"}],"predecessor-version":[{"id":12875,"href":"https:\/\/quasarcomunicacion.com.ar\/web\/wp-json\/wp\/v2\/posts\/12873\/revisions\/12875"}],"wp:featuredmedia":[{"embeddable":true,"href":"https:\/\/quasarcomunicacion.com.ar\/web\/wp-json\/wp\/v2\/media\/12626"}],"wp:attachment":[{"href":"https:\/\/quasarcomunicacion.com.ar\/web\/wp-json\/wp\/v2\/media?parent=12873"}],"wp:term":[{"taxonomy":"category","embeddable":true,"href":"https:\/\/quasarcomunicacion.com.ar\/web\/wp-json\/wp\/v2\/categories?post=12873"},{"taxonomy":"post_tag","embeddable":true,"href":"https:\/\/quasarcomunicacion.com.ar\/web\/wp-json\/wp\/v2\/tags?post=12873"}],"curies":[{"name":"wp","href":"https:\/\/api.w.org\/{rel}","templated":true}]}}