{"id":12838,"date":"2024-11-10T15:31:44","date_gmt":"2024-11-10T15:31:44","guid":{"rendered":"https:\/\/quasarcomunicacion.com.ar\/web\/?p=12838"},"modified":"2024-11-10T15:31:44","modified_gmt":"2024-11-10T15:31:44","slug":"la-xi-semana-del-emprendedor-pilarense-ya-tiene-su-agenda-confirmada","status":"publish","type":"post","link":"https:\/\/quasarcomunicacion.com.ar\/web\/la-xi-semana-del-emprendedor-pilarense-ya-tiene-su-agenda-confirmada\/","title":{"rendered":"La XI Semana del Emprendedor Pilarense ya tiene su agenda confirmada"},"content":{"rendered":"<p>Del 18 al 24 de noviembre se celebra en todo el mundo la <strong>Semana Mundial del Emprendimiento<\/strong> y <strong>Pilar Emprende <\/strong>coordina las actividades a nivel local con la organizaci\u00f3n de la XI <strong>Semana del Emprendedor Pilarense<\/strong>. Una agenda con m\u00e1s de 30\u00a0 actividades virtuales y presenciales que son el resultado de un trabajo colaborativo entre el Estado Municipal, privados e instituciones protagonistas del ecosistema emprendedor local. Este a\u00f1o m\u00e1s de 80 instituciones, medios, emprendedores y empresas se sumaron a los apoyos colaborativos. Conoc\u00e9 m\u00e1s en este link <a href=\"https:\/\/linktr.ee\/semanadelemprendedor\"> https:\/\/linktr.ee\/semanadelemprendedor<\/a>\u00a0 M\u00e1s info por whatsapp al 11 6742 7635 y toda la agenda d\u00eda por d\u00eda con links de inscripci\u00f3n en www.pilaremprende.com.ar\/sep2024<!--more--><\/p>\n<p>Adem\u00e1s hay un Grupo de difusi\u00f3n en Whatsapp para estar al tanto de las \u00faltima novedades y ayudar en la difusi\u00f3n\u00a0<a href=\"https:\/\/chat.whatsapp.com\/L6nOhu4HYjD0tZD20JVO43\" data-saferedirecturl=\"https:\/\/www.google.com\/url?q=https:\/\/chat.whatsapp.com\/L6nOhu4HYjD0tZD20JVO43&amp;source=gmail&amp;ust=1730216247712000&amp;usg=AOvVaw16ELEXVBQAMZmtfuVDizUd\">https:\/\/chat.whatsapp.com\/L6nOhu4HYjD0tZD20JVO43<\/a><\/p>\n<p>A continuaci\u00f3n la agenda d\u00eda por d\u00eda que puede verse tambi\u00e9n en <a href=\"http:\/\/www.pilaremprende.com.ar\/sep2024\"> www.pilaremprende.com.ar\/sep2024<\/a>. Las actividades son todas abiertas y gratuitas. Algunas s\u00f3lo requieren inscripci\u00f3n previa por cuestiones organizativas o para recibir el link de acceso a la sala virtual.<\/p>\n<p><a href=\"https:\/\/quasarcomunicacion.com.ar\/web\/wp-content\/uploads\/2021\/11\/semana2021a.gif\"><img class=\"aligncenter\" src=\"https:\/\/quasarcomunicacion.com.ar\/web\/wp-content\/uploads\/2021\/11\/semana2021a.gif\" \/><\/a><\/p>\n<p><strong>LUNES 18<\/strong><\/p>\n<p>11 hs<strong> Instagram live: \u00abHerramientas para emprendedores y c\u00f3mo transmitir el mensaje correcto\u00bb <\/strong>con Mariela Navazo de MKT Activa. Por el instagram\u00a0 de @pilaremprendeok @mktactiva Organiza MKT Activa.<\/p>\n<p>15 hs<strong> Instagram Live \u00abPrimeros pasos para emprender\u00bb<\/strong> con Karen Barrios Fern\u00e1ndez de Mujeres en Acci\u00f3n. Por el instagram de @mujeresenaccion18 @pilaremprendeok Organiza Mujeres en Acci\u00f3n<\/p>\n<p>17 hs <strong>Instagram Live \u00abConoc\u00e9 la historia EMPRENDEDORA de Carol Marte\u00bb. <\/strong>Entrevista a Carol Marte por el instagram de @pilaremprendeok @carolmarte_arg<\/p>\n<p><strong>MARTES 19<\/strong><\/p>\n<p>9 hs <strong>Desayuno gratuito: \u00abC\u00f3mo Planificar tu Retiro: Estrategias de Inversi\u00f3n para Garantizar tu Futuro\u00bb<\/strong> a cargo de Leonardo Barrera de B&amp;B Consultores de Seguros. Organiza C\u00e1mara de la Mediana y Peque\u00f1a Empresa de Pilar en su coworking de V\u00eda Pilar @lasiglo21tom_pilar Inscripci\u00f3n gratuita <a href=\"https:\/\/forms.gle\/TfMSbk9EEqohZgyj6\"> https:\/\/forms.gle\/TfMSbk9EEqohZgyj6<\/a><\/p>\n<p>11.30 hs <strong>Encuentro de ideas para planificar el 2025<\/strong> (exclusivo para entidades protagonistas del Ecosistema Emprendedor local). Organiza Pilar Emprende<\/p>\n<p>18.30 hs <strong>Charla gratuita presencial \u00abModelo Canvas de Negocio\u00bb <\/strong>a cargo de Georgina Z\u00e1rate de Mujeres en Industria. Organiza SCIPA (C\u00e1mara de Comercio de Pilar) en su sede de Pedro Lagrave 563, Pilar centro. Inscripci\u00f3n gratuita <a href=\"https:\/\/forms.gle\/S35MwhuFegzrXUkL9\"> https:\/\/forms.gle\/S35MwhuFegzrXUkL9<\/a><\/p>\n<p><strong>MI\u00c9RCOLES 20<\/strong><\/p>\n<p>9 hs <strong>7\u00b0 Congreso Internacional de Transformaci\u00f3n Digital 2024.<\/strong> Invita Universidad Austral. Inscripci\u00f3n &#x27a1;&#xfe0f; https:\/\/bit.ly\/7Congresotransformaciondigital<br \/>\nMas Info &#x27a1;&#xfe0f; <a href=\"https:\/\/industria40arg.com.ar\"> https:\/\/industria40arg.com.ar<\/a><\/p>\n<p>10 hs <strong>Charla virtual \u00abGesti\u00f3n de emociones en el d\u00eda a d\u00eda\u00bb<\/strong> a cargo de Daniela Caballero. Organiza Alma Bienestar Hol\u00edstico. INSCRIPCION AQUI <a href=\"https:\/\/forms.gle\/dxNefirRr7vQSsw6A\"> https:\/\/forms.gle\/dxNefirRr7vQSsw6A<\/a><\/p>\n<p>11 hs <strong>Charla \u00abInspiraci\u00f3n Regenerativa y Pr\u00e1ctica para el Crecimiento de tu PYME\u00bb<\/strong> a cargo de Constanza Landi. Organiza Impact Hub, se realizar\u00e1 en su espacio de Coworking en Parque Austral, Av. Sgto. Cayetano Beliera 3025.<br \/>\nInscripci\u00f3n aqu\u00ed <a href=\"https:\/\/forms.gle\/2pDuEUvDnkvFDpYz9\"> https:\/\/forms.gle\/2pDuEUvDnkvFDpYz9<\/a><\/p>\n<p>14 hs <strong>Muestra de trabajos del Taller de Costura en el Comedor Confiar <\/strong>en Av. San Jorge 554. Organiza Red de Costureras Solidarias de Pilar.<\/p>\n<p>15 hs <strong>Taller presencial \u00abC\u00f3mo empezar a Exportar siendo MiPyME\u00bb<\/strong> a cargo de Juan Cruz Mi\u00f1ones. Organiza Cipex. Se realizar\u00e1 en Impact Hub en Parque Austral Av. Sgto. Cayetano Beliera 3025. INSCRIPCI\u00d3N GRATUITA AQU\u00cd <a href=\"https:\/\/forms.gle\/Wq737tk4T9JkQBzH7\"> https:\/\/forms.gle\/Wq737tk4T9JkQBzH7<\/a><\/p>\n<p>18.30 hs <strong>Charla gratuita presencial \u00abModelo Canvas de Negocio\u00bb<\/strong> a cargo de Georgina Z\u00e1rate de Mujeres en Industria. Organiza SCIPA (C\u00e1mara de Comercio de Pilar) en su sede de Pedro Lagrave 563, Pilar centro. Inscripci\u00f3n gratuita <a href=\"https:\/\/forms.gle\/S35MwhuFegzrXUkL9\"> https:\/\/forms.gle\/S35MwhuFegzrXUkL9<\/a><\/p>\n<p><strong>JUEVES 21<\/strong><\/p>\n<p>9 hs <strong>Charla Online \u00abMarketing estrat\u00e9gico para emprendedores\u00bb <\/strong>a cargo de Stella Thaler.<br \/>\nInscribite aqu\u00ed <a href=\"https:\/\/us02web.zoom.us\/meeting\/register\/tZ0uf-ugrDoiE9OimnxGTvIs32Jg9b5C_A_U\"> https:\/\/us02web.zoom.us\/meeting\/register\/tZ0uf-ugrDoiE9OimnxGTvIs32Jg9b5C_A_U<\/a>\u00a0 Organiza Emprender en Femenino<\/p>\n<p>10 hs <strong>\u00abSustentabilidad para PyMES\u00bb<\/strong> a cargo de Andr\u00e9s Zuluaga. Organiza Impact HUB Buenos Aires en su espacio en Parque Austral (Av. Sgto. Cayetano Beliera 3025).<br \/>\nInscribite aqui <a href=\"https:\/\/forms.gle\/cGqcVk1JsagpyT8i6\"> https:\/\/forms.gle\/cGqcVk1JsagpyT8i6<\/a><\/p>\n<p>13 hs <strong>Charla online \u00abC\u00f3mo dise\u00f1ar un Plan Estrat\u00e9gico para impulsar tu negocio\u00bb <\/strong>a cargo de Julieta Gayoso de Unanime.<br \/>\nINSCRIBITE AQU\u00cd <a href=\"https:\/\/us02web.zoom.us\/meeting\/register\/tZUsduqppjMjGNUFsyVCAtMWXE3mGDNKysXN\"> https:\/\/us02web.zoom.us\/meeting\/register\/tZUsduqppjMjGNUFsyVCAtMWXE3mGDNKysXN<\/a>\u00a0 Organiza Un\u00e1nime.<\/p>\n<p>15 hs <strong>Taller Online \u00abCreatividad y Diversidad, potenciando la Innovaci\u00f3n\u00bb <\/strong>a cargo de Sabrina Testa, Directora general de Idea Consultora y Patricia Riquelme, experta en Innovaci\u00f3n de productos. Organiza Idea Consultora<br \/>\nINSCRIPCI\u00d3N SIN CARGO AQU\u00cd <a href=\"https:\/\/us02web.zoom.us\/meeting\/register\/tZAkdOyvpzkvE9E9JXhtjuR_1mLmM8eXCkWw\"> https:\/\/us02web.zoom.us\/meeting\/register\/tZAkdOyvpzkvE9E9JXhtjuR_1mLmM8eXCkWw<\/a><\/p>\n<p>16 hs <strong>PASEO DE VILLA MORRA <\/strong>en la Plaza Saglietti. Organiza Subsecretar\u00eda de Econom\u00eda Popular de la Municipalidad de Pilar.<\/p>\n<p>17.30 hs <strong>Charla virtual \u00abInversiones con enfoque de g\u00e9nero\u00bb<\/strong> a cargo de Teresa P\u00e9rez del Castillo, founder de Impact HUB Montevideo. Organiza Impact HUB Buenos Aires. Inscripci\u00f3n &#x1f449; <a href=\"https:\/\/docs.google.com\/forms\/d\/e\/1FAIpQLSenk0Azy0YRoyM_sj8jbHx_-pkG7hTAA3zBw_YjcS80bfTg1w\/viewform\"> https:\/\/docs.google.com\/forms\/d\/e\/1FAIpQLSenk0Azy0YRoyM_sj8jbHx_-pkG7hTAA3zBw_YjcS80bfTg1w\/viewform<\/a><\/p>\n<p>18 hs <strong>Charla gratuita virtual \u00abAmbientes Laborales m\u00e1s Positivos\u00bb <\/strong>a cargo de Ver\u00f3nica Santana.<br \/>\nINSCRIPCI\u00d3N PREVIA <a href=\"https:\/\/us02web.zoom.us\/meeting\/register\/tZYudu6pqDIuGtBt4d1gZke1bQX2ourARWHg\"> https:\/\/us02web.zoom.us\/meeting\/register\/tZYudu6pqDIuGtBt4d1gZke1bQX2ourARWHg<\/a>\u00a0 Organiza Emprender en Femenino<\/p>\n<p><strong>VIERNES 22<br \/>\n<\/strong><br \/>\n10 hs <strong>Charla online \u00abEcosistema Emprendedor, apoyo\u00bb<\/strong> Organiza Secretar\u00eda de Desarrollo Econ\u00f3mico de la Municipalidad de Pilar<\/p>\n<p>14 hs <strong>Feria Navide\u00f1a Red de Costureras Solidarias.<\/strong> Sociedad de Fomento del Barrio Lima Jos\u00e9 Hern\u00e1ndez 125. Organiza Red de Costureras Solidarias de Pilar.<\/p>\n<p><strong>S\u00c1BADO 23<\/strong><\/p>\n<p>De 10 a 13 hs <strong>EXPO DERQUI EMPRENDE <\/strong>en el Club Uni\u00f3n de Presidente Derqui (Rivadavia 571, Derqui). Organiza C\u00e1mara de Comercio de Presidente Derqui, Pilar Emprende, Subsecretar\u00eda de Econom\u00eda Popular, entre otros.<\/p>\n<p>Durante estos d\u00edas se busca trabajar colaborativamente con el objetivo de conectar a los emprendedores con posibles colaboradores, socios, mentores e incluso inversores o acercarles posibilidades de financiamiento, present\u00e1ndoles nuevas oportunidades de crecimiento.<\/p>\n<p>\u00ab<em>A\u00f1o a a\u00f1o se hace m\u00e1s simple armar la agenda ya que hay muchos m\u00e1s protagonistas del Ecosistema Emprendedor Pilarense comprometidos con la iniciativa<\/em>\u00ab, adelanta la Lic. Mar\u00eda Fernanda Ipata, impulsora del proyecto y coordinadora de <strong> Pilar Emprende<\/strong>.<\/p>\n<p><em>\u00abDesde 2014 vengo impulsando esta semana de trabajo colaborativo para fomentar el esp\u00edritu emprendedor y brindar herramientas, conocimiento y experiencia para abrir nuevos horizontes para los emprendedores locales<\/em>\u201d, agrega Ipata.<\/p>\n<p>En la \u00faltima sesi\u00f3n, el Honorable Concejo Deliberante de Pilar declar\u00f3 de INTER\u00c9S MUNICIPAL la Semana del Emprendedor 2024.<\/p>\n<p><a href=\"https:\/\/quasarcomunicacion.com.ar\/web\/wp-content\/uploads\/2021\/11\/semana2021.gif\"><img class=\"aligncenter\" src=\"https:\/\/quasarcomunicacion.com.ar\/web\/wp-content\/uploads\/2021\/11\/semana2021.gif\" \/><\/a><\/p>\n<p><strong>La Semana Mundial del Emprendimiento<\/strong><\/p>\n<p>Cabe destacar que del 18 al 24 de noviembre, el mundo celebrar\u00e1 la Semana Global del Emprendimiento (GEW), un evento que se realiza de manera simult\u00e1nea en m\u00e1s de 200 pa\u00edses, 10 millones de personas participan de m\u00e1s de 40.000 eventos.<\/p>\n<p>Un a\u00f1o m\u00e1s Pilar se suma con la<strong> SEMANA DEL EMPRENDEDOR PILARENSE<\/strong>.<br \/>\nSe trata de un movimiento global que involucra a emprendedores, inversores, responsables de pol\u00edticas, investigadores, organizaciones de apoyo y otros que colaboran para promover el crecimiento econ\u00f3mico y la innovaci\u00f3n en m\u00e1s de 200 pa\u00edses de todo el mundo.<br \/>\nPilar Emprende es miembro de este movimiento <a href=\"https:\/\/www.genglobal.org\/org\/pilar-emprende\"> https:\/\/www.genglobal.org\/org\/pilar-emprende<\/a><\/p>\n<p>Desde 2014, por iniciativa de Pilar Emprende, se decret\u00f3 por Ordenanza Municipal N\u00b0 278-2014 la <strong>SEMANA DEL EMPRENDEDOR PILARENSE <\/strong>en adhesi\u00f3n a esta iniciativa mundial.<\/p>\n<p>Por otro lado, los organizadores crearon un grupo de difusi\u00f3n en Whatsapp para que los emprendedores no se pierdan de nada. Pueden sumarse aqu\u00ed <a href=\"https:\/\/chat.whatsapp.com\/L6nOhu4HYjD0tZD20JVO43\"> https:\/\/chat.whatsapp.com\/L6nOhu4HYjD0tZD20JVO43<\/a>\u00a0 o escribir al +54 9 11 6742 7635<\/p>\n<p><b> Apoyan la iniciativa<\/b><\/p>\n<p><a href=\"https:\/\/www.facebook.com\/media\/set\/?set=a.1089960129801849&amp;type=3\"> https:\/\/www.facebook.com\/media\/set\/?set=a.1089960129801849&amp;type=3<\/a><\/p>\n<p>Apoyan la iniciativa, entre otros<\/p>\n<p><strong> INSTITUCIONALES<\/strong><br \/>\nAcademia de la Red de Costureras Solidarias de Pilar<br \/>\nAsociaci\u00f3n Solidaria 8 de Diciembre<br \/>\nC\u00e1mara de Comercio de Derqui<br \/>\nC\u00e1mara de la Mediana y Peque\u00f1a Empresa de Pilar<br \/>\nCECAM (Centro de Educaci\u00f3n y Capacitaci\u00f3n de la Mujer)<br \/>\nComedor Confiar<br \/>\nFundaci\u00f3n Casa Grande<br \/>\nImpact Hub<br \/>\nImpulso Microfinanzas para el Desarrollo<br \/>\nMadre Emprendedora<br \/>\nMujeres en Acci\u00f3n<br \/>\nMujeres por la Industria<br \/>\nPilar de Feria<br \/>\nPrograma Compre Pilar<br \/>\nPrograma Hecho en Pilar<br \/>\nRed de Costureras Solidarias de Pilar<br \/>\nSCIPA (C\u00e1mara de Comercio de Pilar)<br \/>\nSecretar\u00eda de Desarrollo Econ\u00f3mico de la Municipalidad de Pilar<br \/>\nSociedad de Fomento del Barrio Lima<br \/>\nSubsecretar\u00eda de Econom\u00eda Social de la Municipalidad de Pilar<br \/>\nUniversidad Austral<br \/>\nUniversidad Escuela Argentina de Negocios<\/p>\n<p><strong>MEDIA PARTNERS<\/strong><br \/>\nDiario Resumen de Pilar<br \/>\nEl Diario de Pilar<br \/>\nEmprender en Femenino<br \/>\nFM Estudio 2 105.9<br \/>\nFM Plaza 92.1<br \/>\nNorte en L\u00ednea<br \/>\nPeri\u00f3dico El Apogeo<br \/>\nPilar de Todos<br \/>\nPilar Hoy Noticias<br \/>\nRadio X Pilar FM 100.3<br \/>\nviajesfotosycomidas.com<br \/>\nVisit Pilar<\/p>\n<p><strong>EMPRESAS EMPRENDEDORES<\/strong><\/p>\n<p>@estetica_migolondrina<br \/>\nAhora Bambu<br \/>\nAire y fuego Espacio Re-Creativo<br \/>\nAlma Bienestar Hol\u00edstico<br \/>\nAntonietas<br \/>\nAr\u00e1ndano<br \/>\nAroma a Campo by Carina Di Caro\u00ae<br \/>\nB&amp;B consultores de seguros<br \/>\nBC.Creativo<br \/>\nBellatiendaok<br \/>\nBoleto Dorado<br \/>\nCaricias de Angel<br \/>\nCarol Marte<br \/>\nChucherias<br \/>\nCIPEX<br \/>\nDaniela Burgue\u00f1o Propiedades<br \/>\nDECOANDO.AR<br \/>\nDecoaromas<br \/>\nFUC FABRICANTES UNIDOS DEL CALZADO<br \/>\nGarage Tres de<br \/>\nGestoria Montoya<br \/>\nGlobal Confederation Of Coaching<br \/>\nIdea Consultora<br \/>\nLa FabrikHaWine Experience Oudoor<br \/>\nLeonor enfants<br \/>\nLuz mia velas<br \/>\nMiss calcos<br \/>\nMkt Activa<br \/>\nMSG Consulting<br \/>\nN.U.R by Monik<br \/>\nNaim Nuevo Ser<br \/>\nOveja negra<br \/>\nPaula Fariello Gestor\u00eda y Soluciones Integrales<br \/>\nPonki Soft<br \/>\nPunto Kennedy Pilar<br \/>\nRemises Pilar<br \/>\nRental Suites Pilar<br \/>\nRHIS Consultor\u00eda en Gesti\u00f3n del Cambio<br \/>\nSOW EMPLOYER BRANDING<br \/>\nTilcara<br \/>\nUnanime<br \/>\nVG Language Service<br \/>\nVilma Cocinera de Mascotas<br \/>\nZiba est\u00e9tica integral<\/p>\n<p><strong> <a href=\"https:\/\/quasarcomunicacion.com.ar\/web\/wp-content\/uploads\/2019\/11\/logopilaremprende.gif\"><img class=\"alignright\" src=\"https:\/\/quasarcomunicacion.com.ar\/web\/wp-content\/uploads\/2019\/11\/logopilaremprende.gif\" \/><\/a>Acerca de <\/strong><strong> Pilar Emprende<\/strong><\/p>\n<p><strong> Conoc\u00e9 m\u00e1s en <a href=\"https:\/\/linktr.ee\/pilaremprende\"> https:\/\/linktr.ee\/pilaremprende<\/a> <\/strong><\/p>\n<p><strong>\u00a0<\/strong><strong>Pilar Emprende<\/strong> es un espacio independiente que busca otorgarle valor a los proyectos de emprendedores de la zona, acompa\u00f1arlos en su puesta en marcha y disfrutar en equipo de los objetivos cumplidos<\/p>\n<p>Para cumplir con su misi\u00f3n, brindan herramientas, espacios de networking, capacitaciones, tips, noticias, consultor\u00eda y todo lo que necesita el emprendedor para crecer y conformar un s\u00f3lido ecosistema emprendedor.<\/p>\n<p><strong> Pilar Emprende<\/strong> es un espacio pensado por emprendedores para los emprendedores de Pilar que brindan oportunidades para crecer con su proyecto<\/p>\n<p>Se trata de un espacio compuesto por profesionales voluntarios, emprendedores, que tiende a la participaci\u00f3n de todos los emprendedores y cuya acci\u00f3n se materializa en diversos eventos como ferias, encuentros, capacitaciones, consultor\u00edas, espacios de networking, entre otros.<\/p>\n<p>La raz\u00f3n de ser, la misi\u00f3n, es proporcionar al sector Emprendedor herramientas y conocimientos que le permitan desarrollar su propio emprendimiento e incorporar competencias que deriven en su mejora continua.<\/p>\n<p>Desde la instituci\u00f3n buscan fomentar el autoempleo y la sustentabilidad de los proyectos contribuyendo a la generaci\u00f3n de valor econ\u00f3mico en la sociedad a trav\u00e9s de la creaci\u00f3n y sostenimiento de un ecosistema emprendedor. Aspiran a ser un canal de comunicaci\u00f3n entre los emprendedores y entre las instituciones y organismos dedicados a ellos<\/p>\n<p>Tambi\u00e9n cuentan con un grupo de consultores independientes que acercan su saber a los emprendedores, gener\u00e1ndose una comunidad donde la informaci\u00f3n se comparte de forma exponencial y viral<\/p>\n<p><strong><em> Por otras im\u00e1genes, audios o entrevistas no dude en contactarse<\/em><\/strong><\/p>\n<p><strong><em> Contactos de Prensa<\/em><\/strong><\/p>\n<table width=\"100%\">\n<tbody>\n<tr>\n<td width=\"50%\"><strong> Candela Villanueva &#8211; Asistente de Cuentas<\/p>\n<p><\/strong> <b> Directo<\/b><strong>: <\/strong> 0230-4664772<br \/>\n<b> Skype:<\/b> quasarcomunicacion<br \/>\n<b> Instagram<\/b>: @quasarcomunicacion<br \/>\n<b> Twitter:<\/b> @quasarpilar<br \/>\n<b> Gr<\/b><b>upo y p\u00e1gina en Facebook: <\/b> www.facebook.com\/<a href=\"mailto:mfipata@gmail.com\">Quasar<\/a>Comunicacion<br \/>\n<b> Web:<\/b> <a href=\"http:\/\/www.quasarcomunicacion.com.ar\"> www.quasarcomunicacion.com.ar<\/a><\/p>\n<p><b> Mail<\/b><strong>:<\/strong> <a href=\"mailto:fernanda@quasarcomunicacion.com.ar\"> candela<\/a><a href=\"mailto:fernanda@quasarcomunicacion.com.ar\">@quasarcomunicacion.com.ar<\/a><\/td>\n<td width=\"50%\"><strong> Lic. Mar\u00eda Fernanda Ipata &#8211; Directora<br \/>\n<\/strong> <b><br \/>\n<\/b> <b> M\u00f3vil:<\/b> 0230-15-4584535<br \/>\n<b> Whatsapp<\/b><b>:<\/b><a href=\"https:\/\/bit.ly\/2J4cUvm\"> 11 5312 6795<\/a><br \/>\n<a href=\"https:\/\/bit.ly\/2Sn1zLP\"> Enviar whatsapp aqu\u00ed<\/a><br \/>\n<b> Skype:<\/b> quasarcomunicacion<br \/>\n<b> LinkedIn<\/b><strong>:\u00a0 <\/strong> <strong> <a href=\"http:\/\/www.linkedin.com\/in\/mfipata\"> http:\/\/www.linkedin.com\/in\/mfipata<\/a><\/strong><br \/>\n<a href=\"https:\/\/www.linkedin.com\/company\/quasarcomunicacion\"> https:\/\/www.linkedin.com\/company\/quasarcomunicacion<\/a><br \/>\n<b> Instagram y Facebook:<\/b> @quasarcomunicacion <b><br \/>\nWeb:<\/b> <a href=\"http:\/\/www.quasarcomunicacion.com.ar\"> www.quasarcomunicacion.com.ar<\/a><br \/>\n<b> Mail<\/b><strong>:<\/strong><a href=\"mailto:fernanda@quasarcomunicacion.com.ar\"> fernanda@quasarcomunicacion.com.ar<\/a><br \/>\n<b> Telegram: https:\/\/t.me\/QuasarComunicacion<\/b><br \/>\n<b> Canal de Telegram para acceder a comunicados:<\/b> https:\/\/t.me\/comunicadosQC<\/td>\n<\/tr>\n<\/tbody>\n<\/table>\n","protected":false},"excerpt":{"rendered":"<p>Del 18 al 24 de noviembre se celebra en todo el mundo la Semana Mundial del Emprendimiento y Pilar Emprende [&hellip;]<\/p>\n","protected":false},"author":2,"featured_media":12521,"comment_status":"closed","ping_status":"closed","sticky":false,"template":"","format":"standard","meta":[],"categories":[1],"tags":[],"_links":{"self":[{"href":"https:\/\/quasarcomunicacion.com.ar\/web\/wp-json\/wp\/v2\/posts\/12838"}],"collection":[{"href":"https:\/\/quasarcomunicacion.com.ar\/web\/wp-json\/wp\/v2\/posts"}],"about":[{"href":"https:\/\/quasarcomunicacion.com.ar\/web\/wp-json\/wp\/v2\/types\/post"}],"author":[{"embeddable":true,"href":"https:\/\/quasarcomunicacion.com.ar\/web\/wp-json\/wp\/v2\/users\/2"}],"replies":[{"embeddable":true,"href":"https:\/\/quasarcomunicacion.com.ar\/web\/wp-json\/wp\/v2\/comments?post=12838"}],"version-history":[{"count":1,"href":"https:\/\/quasarcomunicacion.com.ar\/web\/wp-json\/wp\/v2\/posts\/12838\/revisions"}],"predecessor-version":[{"id":12839,"href":"https:\/\/quasarcomunicacion.com.ar\/web\/wp-json\/wp\/v2\/posts\/12838\/revisions\/12839"}],"wp:featuredmedia":[{"embeddable":true,"href":"https:\/\/quasarcomunicacion.com.ar\/web\/wp-json\/wp\/v2\/media\/12521"}],"wp:attachment":[{"href":"https:\/\/quasarcomunicacion.com.ar\/web\/wp-json\/wp\/v2\/media?parent=12838"}],"wp:term":[{"taxonomy":"category","embeddable":true,"href":"https:\/\/quasarcomunicacion.com.ar\/web\/wp-json\/wp\/v2\/categories?post=12838"},{"taxonomy":"post_tag","embeddable":true,"href":"https:\/\/quasarcomunicacion.com.ar\/web\/wp-json\/wp\/v2\/tags?post=12838"}],"curies":[{"name":"wp","href":"https:\/\/api.w.org\/{rel}","templated":true}]}}