{"id":12767,"date":"2024-09-12T15:45:10","date_gmt":"2024-09-12T15:45:10","guid":{"rendered":"https:\/\/quasarcomunicacion.com.ar\/web\/?p=12767"},"modified":"2024-09-12T15:48:33","modified_gmt":"2024-09-12T15:48:33","slug":"pilar-emprende-se-sumo-a-la-ronda-de-negocios-multisectorial-impulsada-por-came-y-la-uean","status":"publish","type":"post","link":"https:\/\/quasarcomunicacion.com.ar\/web\/pilar-emprende-se-sumo-a-la-ronda-de-negocios-multisectorial-impulsada-por-came-y-la-uean\/","title":{"rendered":"Pilar Emprende se sum\u00f3 a la Ronda de Negocios Multisectorial impulsada por CAME y la UEAN"},"content":{"rendered":"<p>El pr\u00f3ximo 19 de septiembre, el Centro de Emprendedores de la UEAN (Universidad Escuela Argentina de Negocios) en alianza con distintas fundaciones y ONGs entre las que se encuentra <strong> Pilar Emprende<\/strong> (<a href=\"http:\/\/www.pilaremprende.com.ar\">www.pilaremprende.com.ar<\/a>) participar\u00e1n junto a sus emprendedores en la <strong>Ronda de Negocios Multisectorial entre Emprendedores, Comercios y Pymes<\/strong>, organizada por la Confederaci\u00f3n Argentina de la Mediana Empresa (CAME) en conjunto con la Uni\u00f3n Industrial de Quilmes (UIQ). De esta manera, emprendedores pilarenses tuvieron la oportunidad en los \u00faltimos meses de capacitarse y prepararse para el evento.<!--more--><\/p>\n<p>Adem\u00e1s, participan de la iniciativa GEMA, Inicia, MIA, y el <span style=\"font-weight: 400;\"> Instituto de Capacitaci\u00f3n y Desarrollo Empresarial\u00a0<\/span> (INCADE).<\/p>\n<p>Los emprendedores recibieron capacitaciones virtuales que finalizaron hace unos d\u00edas con la charla \u00abEl Proceso de Negociaci\u00f3n\u00bb a cargo de Daniel Iglesias; en agosto fue el turno de la coordinadora de <strong>Pilar Emprende<\/strong> y directora de<strong> Qu\u00e1sar Comunicaci\u00f3n Digital y Prensa<\/strong>, la Lic. Mar\u00eda Fernanda Ipata quien brind\u00f3 la charla \u00abC\u00f3mo presentar tu producto o servicio en una Ronda de Negocios\u00bb, en julio el tema fue \u00abVentas B2B y Determinaci\u00f3n de precio a cargo de Alejandro Carabajal;\u00a0 en junio \u00abQu\u00e9 es una Ronda de Negocios\u00bb a cargo de Miguel Siebens.<\/p>\n<p><a href=\"https:\/\/quasarcomunicacion.com.ar\/web\/wp-content\/uploads\/2024\/09\/rondaean.gif\"><img class=\"alignnone\" src=\"https:\/\/quasarcomunicacion.com.ar\/web\/wp-content\/uploads\/2024\/09\/rondaean.gif\" \/><\/a><\/p>\n<p>De esta manera, a trav\u00e9s de las capacitaciones, la UEAN como as\u00ed tambi\u00e9n Pilar Emprende desde su lugar, logra dejar capacidades instaladas en la comunidad de emprendedores que resultan de utilidad para esta y para futuras participaciones en rondas de negocios y esquemas de negociaci\u00f3n bilateral.<\/p>\n<p>\u00ab<em>En este evento, fomentado adem\u00e1s por el Municipio de Quilmes, se desarrolla una din\u00e1mica de entrevistas de negocios entre emprendedores y PyMEs industriales y comerciales. El objetivo principal de una ronda de negocios es promover la creaci\u00f3n de nuevas oportunidades comerciales y fortalecer las relaciones entre empresas, facilitando el intercambio de ideas y recursos. A trav\u00e9s de reuniones estructuradas y enfocadas, se busca identificar posibles alianzas estrat\u00e9gicas, evaluar potenciales compradores y proveedores y, establecer contactos clave que puedan llevar a acuerdos mutuamente beneficiosos. Esta din\u00e1mica promueve la expansi\u00f3n de redes de contactos, la generaci\u00f3n de oportunidades de comercio e inversi\u00f3n y la optimizaci\u00f3n de procesos comerciales, contribuyendo al crecimiento y \u00e9xito de las organizaciones participantes\u00bb,<\/em> indica la Mg. Carolina Szpak, rectora de la UEAN.<\/p>\n<p>\u00ab<em>Este tipo de iniciativas s\u00f3lo puede llevarse adelante con un formato colaborativo entre organizaciones que comparten una visi\u00f3n com\u00fan y que logran trabajar mancomunadamente a trav\u00e9s del tiempo. Y en eso venimos trabajando desde hace a\u00f1os todos los que hacemos Pilar Emprende, siempre sumando junto a otros para lograr un mayor alcance e impacto positivo\u00bb<\/em>, asegura la coordinadora de Pilar Emprende, la Lic. Mar\u00eda Fernanda Ipata.<\/p>\n<p>De esta manera <strong>Pilar Emprende<\/strong> colabor\u00f3 en la difusi\u00f3n, puso a disposici\u00f3n de la comunidad de emprendedores de la zona la posibilidad de participar gratuitamente de la Ronda y de capacitarse previamente, ya sea para esta actividad o para cualquier otra oportunidad similar.<\/p>\n<p><a href=\"https:\/\/quasarcomunicacion.com.ar\/web\/wp-content\/uploads\/2024\/09\/rondaean1.gif\"><img class=\"alignnone\" src=\"https:\/\/quasarcomunicacion.com.ar\/web\/wp-content\/uploads\/2024\/09\/rondaean1.gif\" \/><\/a><\/p>\n<p>M\u00e1s informaci\u00f3n <span style=\"font-weight: 400;\"> \u00a0<a href=\"https:\/\/www.ean.edu.ar\/nota\/1613-ronda-de-negocios-multisectorial-entre-emprendedores-comercios-y-pymes\">https:\/\/www.ean.edu.ar\/nota\/1613-ronda-de-negocios-multisectorial-entre-emprendedores-comercios-y-pymes<\/a> <\/span><\/p>\n<p><strong> Acerca de <\/strong><strong> Pilar Emprende<\/strong><\/p>\n<p><strong> Conoc\u00e9 m\u00e1s en <a href=\"https:\/\/linktr.ee\/pilaremprende\"> https:\/\/linktr.ee\/pilaremprende<\/a> <\/strong><\/p>\n<p><strong>Pilar Emprende<\/strong> surge a partir del trabajo de <strong>Emprender HOY, <\/strong>un espacio que busca otorgarle valor a los proyectos de emprendedores de la zona, acompa\u00f1arlos en su puesta en marcha y disfrutar en equipo de los objetivos cumplidos<\/p>\n<p>Para cumplir con su misi\u00f3n, brindan herramientas, espacios de networking, capacitaciones, tips, noticias, consultor\u00eda y todo lo que necesita el emprendedor para crecer y conformar un s\u00f3lido ecosistema emprendedor.<\/p>\n<p><strong> Pilar Emprende<\/strong> es un espacio pensado por emprendedores para los emprendedores de Pilar que brindan oportunidades para crecer con su proyecto<\/p>\n<p>Se trata de un espacio para todos los emprendedores que se materializa en diversos eventos como ferias, encuentros, capacitaciones, consultor\u00edas, espacios de networking, entre otros.<\/p>\n<p>La raz\u00f3n de ser, la misi\u00f3n, es proporcionar al sector Emprendedor herramientas y conocimientos que le permitan desarrollar su propio emprendimiento e incorporar competencias que deriven en su mejora continua.<\/p>\n<p>Desde la instituci\u00f3n buscan fomentar el autoempleo y la sustentabilidad de los proyectos contribuyendo a la generaci\u00f3n de valor econ\u00f3mico en la sociedad a trav\u00e9s de la creaci\u00f3n y sostenimiento de un ecosistema emprendedor. Aspiran a ser un canal de comunicaci\u00f3n entre los emprendedores y entre las instituciones y organismos dedicados a ellos<\/p>\n<p>Tambi\u00e9n cuentan con un grupo de consultores independientes que acercan su saber a los emprendedores, gener\u00e1ndose una comunidad donde la informaci\u00f3n se comparte de forma exponencial y viral<\/p>\n<p><strong><em> Por otras im\u00e1genes, audios o entrevistas no dude en contactarse<\/em><\/strong><\/p>\n<p><strong><em> Contactos de Prensa<\/em><\/strong><\/p>\n<table width=\"100%\">\n<tbody>\n<tr>\n<td width=\"50%\"><strong> Candela Villanueva &#8211; Asistente de Cuentas<\/strong><\/p>\n<p><b> Directo<\/b><strong>: <\/strong> 0230-4664772<br \/>\n<b> Skype:<\/b> quasarcomunicacion<br \/>\n<b> Instagram<\/b>: @quasarcomunicacion<br \/>\n<b> Twitter:<\/b> @quasarpilar<br \/>\n<b> Gr<\/b><b>upo y p\u00e1gina en Facebook: <\/b> www.facebook.com\/<a href=\"mailto:mfipata@gmail.com\">Quasar<\/a>Comunicacion<br \/>\n<b> Web:<\/b> <a href=\"http:\/\/www.quasarcomunicacion.com.ar\"> www.quasarcomunicacion.com.ar<\/a><\/p>\n<p><b> Mail<\/b><strong>:<\/strong> <a href=\"mailto:fernanda@quasarcomunicacion.com.ar\"> candela<\/a><a href=\"mailto:fernanda@quasarcomunicacion.com.ar\">@quasarcomunicacion.com.ar<\/a><\/td>\n<td width=\"50%\"><strong> Lic. Mar\u00eda Fernanda Ipata &#8211; Directora<br \/>\n<\/strong> <b><br \/>\n<\/b> <b> M\u00f3vil:<\/b> 0230-15-4584535<br \/>\n<b> Whatsapp<\/b><b>:<\/b><a href=\"https:\/\/bit.ly\/2J4cUvm\"> 11 5312 6795<\/a><br \/>\n<a href=\"https:\/\/bit.ly\/2Sn1zLP\"> Enviar whatsapp aqu\u00ed<\/a><br \/>\n<b> Skype:<\/b> quasarcomunicacion<br \/>\n<b> LinkedIn<\/b><strong>:\u00a0 <\/strong> <strong> <a href=\"http:\/\/www.linkedin.com\/in\/mfipata\"> http:\/\/www.linkedin.com\/in\/mfipata<\/a><\/strong><br \/>\n<a href=\"https:\/\/www.linkedin.com\/company\/quasarcomunicacion\"> https:\/\/www.linkedin.com\/company\/quasarcomunicacion<\/a><br \/>\n<b> Instagram y Facebook:<\/b> @quasarcomunicacion <b><br \/>\nWeb:<\/b> <a href=\"http:\/\/www.quasarcomunicacion.com.ar\"> www.quasarcomunicacion.com.ar<\/a><br \/>\n<b> Mail<\/b><strong>:<\/strong><a href=\"mailto:fernanda@quasarcomunicacion.com.ar\"> fernanda@quasarcomunicacion.com.ar<\/a><br \/>\n<b> Telegram: https:\/\/t.me\/QuasarComunicacion<\/b><br \/>\n<b> Canal de Telegram para acceder a comunicados:<\/b> https:\/\/t.me\/comunicadosQC<\/td>\n<\/tr>\n<\/tbody>\n<\/table>\n","protected":false},"excerpt":{"rendered":"<p>El pr\u00f3ximo 19 de septiembre, el Centro de Emprendedores de la UEAN (Universidad Escuela Argentina de Negocios) en alianza con [&hellip;]<\/p>\n","protected":false},"author":2,"featured_media":12768,"comment_status":"closed","ping_status":"closed","sticky":false,"template":"","format":"standard","meta":[],"categories":[2],"tags":[],"_links":{"self":[{"href":"https:\/\/quasarcomunicacion.com.ar\/web\/wp-json\/wp\/v2\/posts\/12767"}],"collection":[{"href":"https:\/\/quasarcomunicacion.com.ar\/web\/wp-json\/wp\/v2\/posts"}],"about":[{"href":"https:\/\/quasarcomunicacion.com.ar\/web\/wp-json\/wp\/v2\/types\/post"}],"author":[{"embeddable":true,"href":"https:\/\/quasarcomunicacion.com.ar\/web\/wp-json\/wp\/v2\/users\/2"}],"replies":[{"embeddable":true,"href":"https:\/\/quasarcomunicacion.com.ar\/web\/wp-json\/wp\/v2\/comments?post=12767"}],"version-history":[{"count":2,"href":"https:\/\/quasarcomunicacion.com.ar\/web\/wp-json\/wp\/v2\/posts\/12767\/revisions"}],"predecessor-version":[{"id":12771,"href":"https:\/\/quasarcomunicacion.com.ar\/web\/wp-json\/wp\/v2\/posts\/12767\/revisions\/12771"}],"wp:featuredmedia":[{"embeddable":true,"href":"https:\/\/quasarcomunicacion.com.ar\/web\/wp-json\/wp\/v2\/media\/12768"}],"wp:attachment":[{"href":"https:\/\/quasarcomunicacion.com.ar\/web\/wp-json\/wp\/v2\/media?parent=12767"}],"wp:term":[{"taxonomy":"category","embeddable":true,"href":"https:\/\/quasarcomunicacion.com.ar\/web\/wp-json\/wp\/v2\/categories?post=12767"},{"taxonomy":"post_tag","embeddable":true,"href":"https:\/\/quasarcomunicacion.com.ar\/web\/wp-json\/wp\/v2\/tags?post=12767"}],"curies":[{"name":"wp","href":"https:\/\/api.w.org\/{rel}","templated":true}]}}