{"id":12670,"date":"2024-03-18T19:50:59","date_gmt":"2024-03-18T19:50:59","guid":{"rendered":"https:\/\/quasarcomunicacion.com.ar\/web\/?p=12670"},"modified":"2024-03-20T17:57:40","modified_gmt":"2024-03-20T17:57:40","slug":"el-musico-pilarense-hector-bacci-presenta-mestizo-en-el-centro-cultural-federal-en-el-marco-de-la-muestra-artistica-generaciones","status":"publish","type":"post","link":"https:\/\/quasarcomunicacion.com.ar\/web\/el-musico-pilarense-hector-bacci-presenta-mestizo-en-el-centro-cultural-federal-en-el-marco-de-la-muestra-artistica-generaciones\/","title":{"rendered":"El m\u00fasico pilarense H\u00e9ctor Bacci presenta Mestizo en el Centro Cultural Federal en el marco de la Muestra Art\u00edstica \u00abGeneraciones\u00bb"},"content":{"rendered":"<p>El pr\u00f3ximo viernes 5 de abril a las 20 hs el reconocido m\u00fasico pilarense H\u00e9ctor Bacci presentar\u00e1 su nuevo proyecto musical <strong>MESTIZO<\/strong> en el Centro Cultural Federal de Pilar (Pedro Lagrave 199) en la Vernissage de la Muestra Pict\u00f3rica \u00abGeneraciones\u00bb de los artistas Miguel Angel Lo Coco y Bruno Lo Coco.\u00a0 Por m\u00e1s informaci\u00f3n y consultas comunicarse por las redes sociales <a href=\"https:\/\/linktr.ee\/hectorbacci\"> https:\/\/linktr.ee\/hectorbacci<\/a> o al +54 9 11 5502-6856.<!--more--><\/p>\n<p>En esta ocasi\u00f3n se presentar\u00e1 junto a Gustavo Zuccotti en percusi\u00f3n, Nicol\u00e1s Larroca en guitarra y voz y Rodrigo Zaca\u00f1ino en bajo.<\/p>\n<p><a href=\"https:\/\/quasarcomunicacion.com.ar\/web\/wp-content\/uploads\/2024\/03\/tapamestizo.gif\"><img class=\"aligncenter\" src=\"https:\/\/quasarcomunicacion.com.ar\/web\/wp-content\/uploads\/2024\/03\/tapamestizo.gif\" \/><\/a><\/p>\n<p>El viernes 5 de abril se podr\u00e1 escuchar en vivo parte del repertorio que integran <strong> Mestizo<\/strong> 1, el primer lanzamiento que incluye los siguientes temas: La oraci\u00f3n (tanguillo), Hasta la Ra\u00edz, con la colaboraci\u00f3n de Mariana Larroca y la rumba La tasca del Sur junto a Rodrigo Zaca\u00f1ino en bajo. La muestra de arte \u00abGeneraciones\u00bb se podr\u00e1 visitar <span class=\"OYPEnA text-decoration-none text-strikethrough-none\">hasta el 30 de abril de<\/span> <span class=\"OYPEnA text-decoration-none text-strikethrough-none\">lunes a vienes de 10 a 18 hs.<\/span><\/p>\n<p><strong>Mestizo 1 <\/strong>estar\u00e1 disponible en las distintas plataformas como Youtube, Spotify, entre otras, el lunes 1 de abril.<\/p>\n<p><strong>Mestizo<\/strong> explora distintos g\u00e9neros musicales y tiene el arte de tapa del artista Bruno Lo Coco que ilustrar\u00e1 cada una de las presentaciones musicales en las que se divide el trabajo.<\/p>\n<p>El flamenco, el tango, el folklore y la m\u00fasica latinoamericana son algunos de los estilos que H\u00e9ctor Bacci, en colaboraci\u00f3n con distintos artistas, plasmar\u00e1 en diversos lanzamientos discogr\u00e1ficos que se presentar\u00e1n durante 2024.<\/p>\n<p><a href=\"https:\/\/quasarcomunicacion.com.ar\/web\/wp-content\/uploads\/2024\/03\/bacci24.gif\"><img class=\"aligncenter\" src=\"https:\/\/quasarcomunicacion.com.ar\/web\/wp-content\/uploads\/2024\/03\/bacci24.gif\" \/><\/a><\/p>\n<p>Bacci ya realiz\u00f3 tres videos musicales en Uruguay como parte de su nuevo proyecto <strong>Mestizo<\/strong> que se presentar\u00e1n el pr\u00f3ximo 19 de abril a las 20.30 hs en la Sala Corchea de Montevideo (Soriano 1243) en el espect\u00e1culo titulado \u00abBotijas\u00bb, junto a Sandra Costabel. En esta ocasi\u00f3n, se estrenar\u00e1n los videos previamente mencionados, y canciones del pr\u00f3ximo \u00e1lbum de Sandra Costabel de canciones criollas producido por H\u00e9ctor Bacci.<\/p>\n<p>Estos audiovisuales fueron dirigidos magistralmente por Ezequiel Matcovich y cuentan con la destacada participaci\u00f3n vocal de la cantante uruguaya Sandra Costabel.<\/p>\n<p>En estos videos, se destaca la actuaci\u00f3n de los bailarines Paola Carazo, Sebasti\u00e1n Arias, y el ni\u00f1o Emanuel Carazo. La combinaci\u00f3n de talento y creatividad ha dado vida a las canciones \u00abNi Plata Ni Oro\u00bb una huella de autor\u00eda de H\u00e9ctor Bacci, \u00abGuardianes de lo creado\u00bb, de Sandra Costabel y \u00abBotijas\u00bb, una emotiva composici\u00f3n litorale\u00f1a con m\u00fasica de Bacci y letra co-creada en colaboraci\u00f3n con la mencionada artista.<\/p>\n<p>Por m\u00e1s informaci\u00f3n y consultas\u00a0comunicarse por las redes sociales\u00a0 <a href=\"https:\/\/linktr.ee\/hectorbacci\"> https:\/\/linktr.ee\/hectorbacci<\/a> o al +54 9 11 5502-6856<\/p>\n<p><strong><em>Por otras im\u00e1genes, audios o entrevistas no dude en contactarse<\/em><\/strong><\/p>\n<p><strong><em> Contactos de Prensa<\/em><\/strong><\/p>\n<table width=\"100%\">\n<tbody>\n<tr>\n<td width=\"50%\"><strong> Candela Villanueva &#8211; Ejecutiva de Cuentas<\/strong><\/p>\n<p><b> Directo<\/b><strong>: <\/strong> 0230-4664772<br \/>\n<b> Skype:<\/b> quasarcomunicacion<br \/>\n<b> Instagram<\/b>: @quasarcomunicacion<br \/>\n<b> Twitter:<\/b> @quasarpilar<br \/>\n<b> Gr<\/b><b>upo y p\u00e1gina en Facebook: <\/b> www.facebook.com\/<a href=\"mailto:mfipata@gmail.com\">Quasar<\/a>Comunicacion<br \/>\n<b> Web:<\/b> <a href=\"http:\/\/www.quasarcomunicacion.com.ar\"> www.quasarcomunicacion.com.ar<\/a><\/p>\n<p><b> Mail<\/b><strong>:<\/strong> <a href=\"mailto:fernanda@quasarcomunicacion.com.ar\"> candela<\/a><a href=\"mailto:fernanda@quasarcomunicacion.com.ar\">@quasarcomunicacion.com.ar<\/a><\/td>\n<td width=\"50%\"><strong> Lic. Mar\u00eda Fernanda Ipata &#8211; Directora<br \/>\n<\/strong> <b><br \/>\n<\/b> <b> M\u00f3vil:<\/b> 0230-15-4584535<br \/>\n<b> Whatsapp<\/b><b>:<\/b><a href=\"https:\/\/bit.ly\/2J4cUvm\"> 11 5312 6795<\/a><br \/>\n<a href=\"https:\/\/bit.ly\/2Sn1zLP\"> Enviar whatsapp aqu\u00ed<\/a><br \/>\n<b> Skype:<\/b> quasarcomunicacion<br \/>\n<b> LinkedIn<\/b><strong>:\u00a0 <\/strong> <strong> <a href=\"http:\/\/www.linkedin.com\/in\/mfipata\"> http:\/\/www.linkedin.com\/in\/mfipata<\/a><\/strong><br \/>\n<a href=\"https:\/\/www.linkedin.com\/company\/quasarcomunicacion\"> https:\/\/www.linkedin.com\/company\/quasarcomunicacion<\/a><br \/>\n<b> Instagram y Facebook:<\/b> @quasarcomunicacion <b><br \/>\nWeb:<\/b> <a href=\"http:\/\/www.quasarcomunicacion.com.ar\"> www.quasarcomunicacion.com.ar<\/a><br \/>\n<b> Mail<\/b><strong>:<\/strong><a href=\"mailto:fernanda@quasarcomunicacion.com.ar\"> fernanda@quasarcomunicacion.com.ar<\/a><br \/>\n<b> Canal de Telegram para acceder a comunicados:<\/b> <a href=\"https:\/\/t.me\/comunicadosQC\"> https:\/\/t.me\/comunicadosQC<\/a><br \/>\n<a href=\"https:\/\/t.me\/quasarcomunicacion\"> <b>Telegram: <\/b> <b> https:\/\/t.me\/quasarcomunicacion<\/b><\/a><\/td>\n<\/tr>\n<\/tbody>\n<\/table>\n","protected":false},"excerpt":{"rendered":"<p>El pr\u00f3ximo viernes 5 de abril a las 20 hs el reconocido m\u00fasico pilarense H\u00e9ctor Bacci presentar\u00e1 su nuevo proyecto [&hellip;]<\/p>\n","protected":false},"author":2,"featured_media":12668,"comment_status":"closed","ping_status":"closed","sticky":false,"template":"","format":"standard","meta":[],"categories":[2],"tags":[],"_links":{"self":[{"href":"https:\/\/quasarcomunicacion.com.ar\/web\/wp-json\/wp\/v2\/posts\/12670"}],"collection":[{"href":"https:\/\/quasarcomunicacion.com.ar\/web\/wp-json\/wp\/v2\/posts"}],"about":[{"href":"https:\/\/quasarcomunicacion.com.ar\/web\/wp-json\/wp\/v2\/types\/post"}],"author":[{"embeddable":true,"href":"https:\/\/quasarcomunicacion.com.ar\/web\/wp-json\/wp\/v2\/users\/2"}],"replies":[{"embeddable":true,"href":"https:\/\/quasarcomunicacion.com.ar\/web\/wp-json\/wp\/v2\/comments?post=12670"}],"version-history":[{"count":6,"href":"https:\/\/quasarcomunicacion.com.ar\/web\/wp-json\/wp\/v2\/posts\/12670\/revisions"}],"predecessor-version":[{"id":12676,"href":"https:\/\/quasarcomunicacion.com.ar\/web\/wp-json\/wp\/v2\/posts\/12670\/revisions\/12676"}],"wp:featuredmedia":[{"embeddable":true,"href":"https:\/\/quasarcomunicacion.com.ar\/web\/wp-json\/wp\/v2\/media\/12668"}],"wp:attachment":[{"href":"https:\/\/quasarcomunicacion.com.ar\/web\/wp-json\/wp\/v2\/media?parent=12670"}],"wp:term":[{"taxonomy":"category","embeddable":true,"href":"https:\/\/quasarcomunicacion.com.ar\/web\/wp-json\/wp\/v2\/categories?post=12670"},{"taxonomy":"post_tag","embeddable":true,"href":"https:\/\/quasarcomunicacion.com.ar\/web\/wp-json\/wp\/v2\/tags?post=12670"}],"curies":[{"name":"wp","href":"https:\/\/api.w.org\/{rel}","templated":true}]}}