{"id":1266,"date":"2012-12-20T14:19:03","date_gmt":"2012-12-20T14:19:03","guid":{"rendered":"http:\/\/quasarcomunicacion.wordpress.com\/?p=1266"},"modified":"2012-12-20T14:19:03","modified_gmt":"2012-12-20T14:19:03","slug":"nota-a-patricia-robiano-y-jimena-martinez-en-concepto-estetico","status":"publish","type":"post","link":"https:\/\/quasarcomunicacion.com.ar\/web\/nota-a-patricia-robiano-y-jimena-martinez-en-concepto-estetico\/","title":{"rendered":"Nota a Patricia Robiano y Jimena Mart\u00ednez en Concepto Est\u00e9tico"},"content":{"rendered":"<p>Revista Concepto Est\u00e9tico, Nov\/Dic 2012 A\u00f1o 4 N\u00ba 37<\/p>\n<p>\u00abEn Busca del Bienestar\u00bb P\u00e1ginas 32 a 35<!--more--><\/p>\n<p><a href=\"http:\/\/quasarcomunicacion.wordpress.com\/2012\/12\/20\/nota-a-patricia-robiano-y-jimena-martinez-en-concepto-estetico\/concepto-estetico-nov-dic-2012-tapa\/\" rel=\"attachment wp-att-1267\"><img loading=\"lazy\" class=\"alignright size-full wp-image-1267\" alt=\"Concepto Est\u00e9tico Nov Dic 2012 Tapa\" src=\"http:\/\/quasarcomunicacion.files.wordpress.com\/2012\/12\/concepto-estc3a9tico-nov-dic-2012-tapa.jpg\" width=\"640\" height=\"884\" \/><\/a> <a href=\"http:\/\/quasarcomunicacion.wordpress.com\/2012\/12\/20\/nota-a-patricia-robiano-y-jimena-martinez-en-concepto-estetico\/concepto-estetico-nov-dic-2012-pag-32\/\" rel=\"attachment wp-att-1271\"><img loading=\"lazy\" class=\"alignright size-full wp-image-1271\" alt=\"Concepto Est\u00e9tico Nov Dic 2012 P\u00e1g 32\" src=\"http:\/\/quasarcomunicacion.files.wordpress.com\/2012\/12\/concepto-estc3a9tico-nov-dic-2012-pc3a1g-32.jpg\" width=\"640\" height=\"884\" \/><\/a> <a href=\"http:\/\/quasarcomunicacion.wordpress.com\/2012\/12\/20\/nota-a-patricia-robiano-y-jimena-martinez-en-concepto-estetico\/concepto-estetico-nov-dic-2012-pag-33\/\" rel=\"attachment wp-att-1270\"><img loading=\"lazy\" class=\"alignright size-full wp-image-1270\" alt=\"Concepto Est\u00e9tico Nov Dic 2012 P\u00e1g 33\" src=\"http:\/\/quasarcomunicacion.files.wordpress.com\/2012\/12\/concepto-estc3a9tico-nov-dic-2012-pc3a1g-33.jpg\" width=\"640\" height=\"884\" \/><\/a> <a href=\"http:\/\/quasarcomunicacion.wordpress.com\/2012\/12\/20\/nota-a-patricia-robiano-y-jimena-martinez-en-concepto-estetico\/concepto-estetico-nov-dic-2012-pag-35\/\" rel=\"attachment wp-att-1268\"><img loading=\"lazy\" class=\"alignright size-full wp-image-1268\" alt=\"Concepto Est\u00e9tico Nov Dic 2012 P\u00e1g 35\" src=\"http:\/\/quasarcomunicacion.files.wordpress.com\/2012\/12\/concepto-estc3a9tico-nov-dic-2012-pc3a1g-35.jpg\" width=\"640\" height=\"884\" \/><\/a> <a href=\"http:\/\/quasarcomunicacion.wordpress.com\/2012\/12\/20\/nota-a-patricia-robiano-y-jimena-martinez-en-concepto-estetico\/concepto-estetico-nov-dic-2012-pag-34\/\" rel=\"attachment wp-att-1269\"><img loading=\"lazy\" class=\"alignright size-full wp-image-1269\" alt=\"Concepto Est\u00e9tico Nov Dic 2012 P\u00e1g 34\" src=\"http:\/\/quasarcomunicacion.files.wordpress.com\/2012\/12\/concepto-estc3a9tico-nov-dic-2012-pc3a1g-34.jpg\" width=\"640\" height=\"884\" \/><\/a><\/p>\n","protected":false},"excerpt":{"rendered":"<p>Revista Concepto Est\u00e9tico, Nov\/Dic 2012 A\u00f1o 4 N\u00ba 37 \u00abEn Busca del Bienestar\u00bb P\u00e1ginas 32 a 35<\/p>\n","protected":false},"author":2,"featured_media":0,"comment_status":"open","ping_status":"open","sticky":false,"template":"","format":"standard","meta":[],"categories":[42],"tags":[],"_links":{"self":[{"href":"https:\/\/quasarcomunicacion.com.ar\/web\/wp-json\/wp\/v2\/posts\/1266"}],"collection":[{"href":"https:\/\/quasarcomunicacion.com.ar\/web\/wp-json\/wp\/v2\/posts"}],"about":[{"href":"https:\/\/quasarcomunicacion.com.ar\/web\/wp-json\/wp\/v2\/types\/post"}],"author":[{"embeddable":true,"href":"https:\/\/quasarcomunicacion.com.ar\/web\/wp-json\/wp\/v2\/users\/2"}],"replies":[{"embeddable":true,"href":"https:\/\/quasarcomunicacion.com.ar\/web\/wp-json\/wp\/v2\/comments?post=1266"}],"version-history":[{"count":0,"href":"https:\/\/quasarcomunicacion.com.ar\/web\/wp-json\/wp\/v2\/posts\/1266\/revisions"}],"wp:attachment":[{"href":"https:\/\/quasarcomunicacion.com.ar\/web\/wp-json\/wp\/v2\/media?parent=1266"}],"wp:term":[{"taxonomy":"category","embeddable":true,"href":"https:\/\/quasarcomunicacion.com.ar\/web\/wp-json\/wp\/v2\/categories?post=1266"},{"taxonomy":"post_tag","embeddable":true,"href":"https:\/\/quasarcomunicacion.com.ar\/web\/wp-json\/wp\/v2\/tags?post=1266"}],"curies":[{"name":"wp","href":"https:\/\/api.w.org\/{rel}","templated":true}]}}