{"id":12627,"date":"2024-02-16T20:10:17","date_gmt":"2024-02-16T20:10:17","guid":{"rendered":"https:\/\/quasarcomunicacion.com.ar\/web\/?p=12627"},"modified":"2024-02-19T13:41:58","modified_gmt":"2024-02-19T13:41:58","slug":"con-mas-de-930-inscriptos-se-realizo-en-pilar-el-xx-congreso-de-educacion-organizado-por-el-polo-educativo","status":"publish","type":"post","link":"https:\/\/quasarcomunicacion.com.ar\/web\/con-mas-de-930-inscriptos-se-realizo-en-pilar-el-xx-congreso-de-educacion-organizado-por-el-polo-educativo\/","title":{"rendered":"Con m\u00e1s de 930 inscriptos se realiz\u00f3 en Pilar el XX Congreso de Educaci\u00f3n organizado por el Polo Educativo\u00a0"},"content":{"rendered":"<p>Con m\u00e1s de 930 inscriptos durante las dos jornadas, el <strong> Polo Educativo Pilar <\/strong>llev\u00f3 a cabo el<strong> XX Congreso de Educaci\u00f3n \u201cBienestar Educativo en la era de la IA: caminando hacia un futuro inteligente\u201d <\/strong> durante el jueves 15 y viernes 16 de febrero con actividades virtuales y presenciales en el auditorio de la Universidad del Salvador, en el IAE Universidad Austral y en el St. Matthew\u00b4s College North.<!--more--><\/p>\n<p>En el acto de apertura el viernes 16 en el Auditorio de la Universidad del Salvador estuvieron presentes, entre otros: el Dr. Federico de Achaval, Intendente Municipalidad de Pilar quien dirigi\u00f3 unas palabras a los asistentes como as\u00ed tambi\u00e9n la Vicerrectora Acad\u00e9mica de la Universidad del Salvador, Dra. Romina Cavalli.<\/p>\n<p><a href=\"https:\/\/quasarcomunicacion.com.ar\/web\/wp-content\/uploads\/2024\/02\/auditorio2.gif\"><img class=\"aligncenter\" src=\"https:\/\/quasarcomunicacion.com.ar\/web\/wp-content\/uploads\/2024\/02\/auditorio2.gif\" \/><\/a><\/p>\n<p>Acompa\u00f1aron el acto de apertura Dami\u00e1n Esp\u00edndola, Subsecretario de Educaci\u00f3n de la Municipalidad de Pilar; ; Pablo Hern\u00e1ndez Molteni, Mariana Crimella y Julia Costa de la Secretar\u00eda Promoci\u00f3n e Ingreso de la Universidad del Salvador; la Secretaria Acad\u00e9mica de la Universidad. del Salvador, Lic. Cecilia Fabbro; la Mag. Karina Brahim, Directora de Estudios de la Escuela de Educaci\u00f3n de la Universidad Austral, e inspectoras del distrito de Pilar, Escobar, Z\u00e1rate y Campana, entre otros.<\/p>\n<p>Moira Maschwitz, presidente del <strong>Polo Educativo Pilar<\/strong>, se dirigi\u00f3 a los asistentes indicando que \u00abel lema de este a\u00f1o es<em> \u201cBienestar Educativo en la era de la IA: caminando hacia un futuro inteligente\u201d. Lo pensamos mucho, es el resultado de muchos debates y charlas con los miembros de la subcomisi\u00f3n. Cre\u00edamos que ten\u00edamos que hacer y trabajar si o si algo referente a la inteligencia artificial porque es la realidad que los chicos ya est\u00e1n viviendo y al mismo tiempo cre\u00edamos que no pod\u00edamos perder el foco de un componente esencial que es el bienestar de nuestros alumnos\u00bb.<\/em><\/p>\n<p><a href=\"https:\/\/quasarcomunicacion.com.ar\/web\/wp-content\/uploads\/2024\/02\/auditorio.gif\"><img class=\"aligncenter\" src=\"https:\/\/quasarcomunicacion.com.ar\/web\/wp-content\/uploads\/2024\/02\/auditorio.gif\" \/><\/a><\/p>\n<p>Y continu\u00f3 Maschwitz <em>\u00aba veces sentimos que en educaci\u00f3n hay fuerzas que luchan entre s\u00ed como si fueran contrapuestas: proceso y resultado, contenido y habilidades, y bienestar emocional e inteligencia artificial parece una de ellas. Se puede dar en el mismo espacio de aprendizaje, con la misma fuerza, el desarrollo de habilidades interpersonales y la oportunidad de utilizar la inteligencia artificial? Si, nosotros creemos que s\u00ed\u00bb.<\/em><\/p>\n<p>Respecto al t\u00f3pico del bienestar, la presidente del Polo dijo que <em>\u00absi buscamos la definici\u00f3n de bienestar es: conjunto de las cosas necesarias para vivir bien. Y por lo tanto ese conjunto hoy abarca la utilizaci\u00f3n de la inteligencia artificial. Vivimos en un momento de muchos cambios e innovaci\u00f3n, donde la tecnolog\u00eda nos sorprende todos los d\u00edas. Donde a veces sentimos que no estamos al d\u00eda con lo que los chicos usan, manejan y quieren. Sin embargo, estoy convencida que si estamos en educaci\u00f3n es porque creemos en la creatividad y el crecimiento, porque son conceptos intr\u00ednsecos a nuestra ciencia. Creatividad y crecimiento nos hacen ser educadores flexibles e innovadores, y por lo tanto estamos listos para lo que este futuro o en realidad presente tiene para desafiarnos. Durante este congreso vamos a tener el privilegio de aprender de personas que tambi\u00e9n buscan crear y crecer\u00bb.<\/em><\/p>\n<p><a href=\"https:\/\/quasarcomunicacion.com.ar\/web\/wp-content\/uploads\/2024\/02\/auditorio1.gif\"><img class=\"aligncenter\" src=\"https:\/\/quasarcomunicacion.com.ar\/web\/wp-content\/uploads\/2024\/02\/auditorio1.gif\" \/><\/a><\/p>\n<p>Y habl\u00f3 tambi\u00e9n de los 20 a\u00f1os del Congreso. <em>\u00abEl congreso cumple 20 a\u00f1os. Los 20 a\u00f1os son las bodas de porcelana, sab\u00edan? Yo no lo sab\u00eda. Me gust\u00f3 mucho darme cuenta que las razones por la que los 20 a\u00f1os son las bodas de porcelana, son una analog\u00eda perfecta con nuestro rol de educadores: es duradera y resistente (no se oxida con los a\u00f1os), al mismo tiempo es fr\u00e1gil, hay que cuidarla. Y es artesanal y eso le da un componente emocional muy fuerte.\u00a0 Estamos contentos y emocionados de empezar ahora si el congreso n\u00famero 20 del Polo educativo pilar, y quiero agradecer nuevamente a todos por hacerlo posible: a los sponsors que nos acompa\u00f1an a\u00f1o tras a\u00f1o, a los socios del Polo, especialmente a la Universidad Austral y Universidad del Salvador, y a la subcomisi\u00f3n del Congreso que trabaja durante todo el a\u00f1o para lograr este evento\u00bb,<\/em> finaliz\u00f3.<\/p>\n<p><a href=\"https:\/\/quasarcomunicacion.com.ar\/web\/wp-content\/uploads\/2024\/02\/pratgay.gif\"><img class=\"aligncenter\" src=\"https:\/\/quasarcomunicacion.com.ar\/web\/wp-content\/uploads\/2024\/02\/pratgay.gif\" \/><\/a><\/p>\n<div dir=\"auto\">\n<p align=\"left\"><span style=\"font-family: Verdana; font-size: small;\">Durante sus palabras, el jefe comunal Federico De Ach\u00e1val destac\u00f3:<i> \u00abLa educaci\u00f3n es una herramienta que nos permite construir m\u00e1s igualdad y oportunidades. Tenemos el compromiso de seguir trabajando de manera articulada para generar espacios que acompa\u00f1en el futuro. Agradezco al Polo Educativo y los felicito por estos a\u00f1os de aporte a las pol\u00edticas educativas del distrito\u201d.<\/i><\/span><\/p>\n<p align=\"left\"><span style=\"font-family: Verdana; font-size: small;\">Ach\u00e1val agreg\u00f3:<i> \u00abHoy tenemos un desaf\u00edo enorme desde lo educativo por el contexto en que estamos. Desde el Estado municipal sostenemos y creemos que educar es la mejor pol\u00edtica para desarrollarse, tenemos que educar para la vida y el futuro, por eso creemos en escuelas con una profunda mirada humana\u201d.<\/i><\/span><\/p>\n<\/div>\n<p align=\"left\"><span style=\"font-family: Verdana; font-size: small;\">Volviendo a las palabras de Maschwitz, adelant\u00f3 que este a\u00f1o vuelve el<b> Premio al Educador del A\u00f1o<\/b>. En el discurso de apertura del XX Congreso de Educaci\u00f3n, la presidente del <b>Polo Educativo Pilar<\/b> dijo que<i> \u00abcomo ustedes saben el Polo Educativo realizaba el premio del educador del a\u00f1o. Durante la pandemia tuvimos que suspenderlo y con mucha alegr\u00eda durante el 2024 vamos a retomarlo. El premio al educador del a\u00f1o busca: <\/i> <\/span><\/p>\n<p align=\"left\"><em>\u2022 Honrar la Profesi\u00f3n docente y homenajear a docentes destacados.<br \/>\n\u2022 Destacar y reconocer las buenas pr\u00e1cticas docentes.<br \/>\n\u2022 Compartir experiencias enriquecedoras e inspiradoras.<br \/>\n\u2022 Contribuir al enriquecimiento de la Educaci\u00f3n.<br \/>\nEst\u00e1 dirigido a todos los educadores, de cualquier nivel que est\u00e9n trabajando directamente con alumnos, de cualquier \u00e1rea o disciplina.<br \/>\nDurante el mes de abril subiremos a las redes las condiciones para su participaci\u00f3n. \u00a1Est\u00e9n atentos!\u00bb,<\/em> invit\u00f3.<\/p>\n<p>Como en cada edici\u00f3n, el\u00a0 Congreso estuvo dirigido a directivos, docentes y profesores de todos los niveles, \u00e1reas e idiomas, tanto de gesti\u00f3n estatal como privada, junto a investigadores, psicopedagogos y profesionales vinculados a la educaci\u00f3n y capacitaci\u00f3n.<\/p>\n<p>Los ejes tem\u00e1ticos abordados durantes las dos jornadas fueron Bienestar e Inteligencia Artificial.<\/p>\n<p>Por la ma\u00f1ana del viernes 16 en un auditorio colmado se dieron las conferencias de Lucrecia Prat Gay con su charla \u201cManejo del estr\u00e9s: Herramientas de afrontamiento para el aula de post pandemia\u201d y luego fue el momento de la Conferencia de Jennifer Verschoor @jenverschoor llamada \u201cDesmitificando la Inteligencia Artificial: Herramientas Pr\u00e1cticas para docentes del Siglo XXI\u201d.<\/p>\n<p>Tras el almuerzo tuvo lugar el Panel de Profesionales a cargo de Santiago BELLOMO y Walter RODR\u00cdGUEZ ESQUIVEL quienes conversaron sobre \u201cHacia d\u00f3nde va el rol docente en el uso de la AI\u201d<\/p>\n<p>M\u00e1s tarde fue el turno de los Talleres Simult\u00e1neos que se llevaron adelante en el auditorio y salas aleda\u00f1as con las exposiciones de:<\/p>\n<p><span style=\"font-family: Verdana; font-size: small;\">FIGIACONE, Silvia \u2013 \u201cC\u00f3mo integrar herramientas de inteligencia artificial de f\u00e1cil uso a mi tarea docente cotidiana\u201d<br \/>\nINCHAUSPE, Lola \u2013 \u201cC\u00f3mo guiar a las\/os chicas\/os en el mundo digital\u201d<br \/>\nRODR\u00cdGUEZ SALVO, M\u00f3nica \u2013 \u201cEl Ingl\u00e9s como veh\u00edculo de las nuevas inteligencias\u201d<br \/>\nTORRES, Mar\u00eda Ver\u00f3nica \u2013 \u201cConsumos en la era de la inmediatez\u201d<\/span><\/p>\n<p>Las actividades finalizaron con sorteos y el cierre del Congreso.<\/p>\n<p>Este a\u00f1o acompa\u00f1aron la realizaci\u00f3n del evento las siguientes empresas: SESI,\u00a0 EDUCARIA, Creativos Digitales, \u00c9xito Ledesma, Chicos Uniformes, MATIC,\u00a0 ACUDIR, FIDU, FASE2, CAMBRIDGE, Universidad de Flores, ROB Consultora,\u00a0 YMCA Turismo, KEL Ediciones, Digital Content e IDEA Consultora.<\/p>\n<p>Adem\u00e1s, apoyan el evento la Universidad del Salvador, la Escuela de Educaci\u00f3n de la Universidad Austral y Varkey Foundation.<\/p>\n<p>Como cada a\u00f1o, comunic\u00f3 Qu\u00e1sar Comunicaci\u00f3n Digital y Prensa.<\/p>\n<p><a href=\"https:\/\/quasarcomunicacion.com.ar\/web\/wp-content\/uploads\/2024\/02\/educcionfisica.gif\"><img class=\"aligncenter\" src=\"https:\/\/quasarcomunicacion.com.ar\/web\/wp-content\/uploads\/2024\/02\/educcionfisica.gif\" \/><\/a><\/p>\n<p><strong>El PreCongreso<\/strong><\/p>\n<p>Todo comenz\u00f3 el jueves 15 con el PreCongreso que tuvo un Encuentro de Educaci\u00f3n F\u00edsica en el St. Matthew\u2019s College North. All\u00ed se llev\u00f3 a cabo la Capacitaci\u00f3n \u201cObjetivo del docente, comunicaci\u00f3n y asimetr\u00eda\u201d a cargo del Psic\u00f3logo Lic. Gast\u00f3n Del R\u00edo. Luego una Breve aclaraci\u00f3n de \u201cRiesgos legales por formas de comunicaci\u00f3n\u201d con el Director Profesor Chino C\u00f3rdoba y tras el break los talleres de Softball con el Profesor Fabi\u00e1n Doral y de F\u00fatbol orientado a las mujeres con la Profesora Bel\u00e9n Pi\u00f1ero.<\/p>\n<p><a href=\"https:\/\/quasarcomunicacion.com.ar\/web\/wp-content\/uploads\/2024\/02\/zapiladaura.gif\"><img class=\"aligncenter\" src=\"https:\/\/quasarcomunicacion.com.ar\/web\/wp-content\/uploads\/2024\/02\/zapiladaura.gif\" \/><\/a><\/p>\n<p>Simult\u00e1neamente, en el IAE Universidad Austral las conferencias de la Dra. Florencia DAURA y el Mag. Fernando GIMENEZ ZAPIOLA que abordaron el tema \u201cDel deber al ser. \u00bfC\u00f3mo fomentar el real florecimiento de nuestros estudiantes y de nuestra escuela?\u201d<\/p>\n<p>Luego fue el turno de Lucila M\u00c1RQUEZ y Sof\u00eda HUGUES que brindaron la conferencia\u201cLearner Wellbeing: The Cambridge Approach\u201d.<\/p>\n<p>La jornada termin\u00f3 con el Webinar de la Dra. Gabriela RENAULT llamado \u201cNuevos escenarios que conmueven el aprendizaje de los j\u00f3venes\u201d.<\/p>\n<p><strong><a href=\"https:\/\/quasarcomunicacion.com.ar\/web\/wp-content\/uploads\/2024\/02\/renault.gif\"><img class=\"aligncenter\" src=\"https:\/\/quasarcomunicacion.com.ar\/web\/wp-content\/uploads\/2024\/02\/renault.gif\" \/><\/a><br \/>\n<\/strong><\/p>\n<table width=\"100%\">\n<tbody>\n<tr>\n<td width=\"50%\"><strong> Ayel\u00e9n Segovia &#8211; Asistente de Cuentas<\/strong><\/p>\n<p><b> Directo<\/b><strong>: <\/strong> 0230-4664772<br \/>\n<b> Skype:<\/b> quasarcomunicacion<br \/>\n<b> Instagram<\/b>: @quasarcomunicacion<br \/>\n<b> Twitter:<\/b> @quasarpilar<br \/>\n<b> Gr<\/b><b>upo y p\u00e1gina en Facebook: <\/b> www.facebook.com\/<a href=\"mailto:mfipata@gmail.com\">Quasar<\/a>Comunicacion<br \/>\n<b> Web:<\/b> <a href=\"http:\/\/www.quasarcomunicacion.com.ar\"> www.quasarcomunicacion.com.ar<\/a><\/p>\n<p><b> Mail<\/b><strong>:<\/strong> <a href=\"mailto:fernanda@quasarcomunicacion.com.ar\"> asistente<\/a><a href=\"mailto:fernanda@quasarcomunicacion.com.ar\">@quasarcomunicacion.com.ar<\/a><\/td>\n<td width=\"50%\"><strong> Lic. Mar\u00eda Fernanda Ipata &#8211; Directora<br \/>\n<\/strong> <b><br \/>\n<\/b> <b> M\u00f3vil:<\/b> 0230-15-4584535<br \/>\n<b> Whatsapp<\/b><b>:<\/b><a href=\"https:\/\/bit.ly\/2J4cUvm\"> 11 5312 6795<\/a><br \/>\n<a href=\"https:\/\/bit.ly\/2Sn1zLP\"> Enviar whatsapp aqu\u00ed<\/a><br \/>\n<b> Skype:<\/b> quasarcomunicacion<br \/>\n<b> LinkedIn<\/b><strong>:\u00a0 <\/strong> <strong> <a href=\"http:\/\/www.linkedin.com\/in\/mfipata\"> http:\/\/www.linkedin.com\/in\/mfipata<\/a><\/strong><br \/>\n<a href=\"https:\/\/www.linkedin.com\/company\/quasarcomunicacion\"> https:\/\/www.linkedin.com\/company\/quasarcomunicacion<\/a><br \/>\n<b> Instagram y Facebook:<\/b> @quasarcomunicacion <b><br \/>\nWeb:<\/b> <a href=\"http:\/\/www.quasarcomunicacion.com.ar\"> www.quasarcomunicacion.com.ar<\/a><br \/>\n<b> Mail<\/b><strong>:<\/strong><a href=\"mailto:fernanda@quasarcomunicacion.com.ar\"> fernanda@quasarcomunicacion.com.ar<\/a><br \/>\n<b> Canal de Telegram para acceder a comunicados:<\/b> https:\/\/t.me\/comunicadosQC<\/td>\n<\/tr>\n<\/tbody>\n<\/table>\n<p>&nbsp;<\/p>\n<p><strong>Acerca del Polo Educativo Pilar<\/strong><\/p>\n<p>El\u00a0<strong>Polo Educativo Pilar\u00a0<\/strong>es una asociaci\u00f3n civil sin fines de lucro que fue fundada en el a\u00f1o 2002, que re\u00fane a instituciones educativas tanto p\u00fablicas como privadas y tiene como objetivo principal el promover y desarrollar la educaci\u00f3n, p\u00fablica y privada, en todo el distrito.<\/p>\n<p>La asociaci\u00f3n nace a partir de 1999 cuando los directivos de los j\u00f3venes colegios privados de Pilar, junto con los que llevaban m\u00e1s a\u00f1os en la ciudad, comienzan a reunirse para considerar sus problem\u00e1ticas comunes. Este hecho, in\u00e9dito en la educaci\u00f3n privada en la Argentina, alcanza un alto grado de sinergia cuando los Colegios deciden trazar un plan para convertir al Partido de Pilar en una localidad que sea conocida por su alto nivel educativo, tanto en las instituciones privadas como en las p\u00fablicas. Con esa idea, un grupo original de 14 Colegios de distintos niveles, funda el\u00a0<strong>Polo Educativo Pilar<\/strong>.<\/p>\n<p>Cabe destacar que entidad obtuvo su personer\u00eda jur\u00eddica en diciembre de 2004 bajo el Nro. 7000\/04 expedido por la Inspecci\u00f3n de Persona jur\u00eddica de la Provincia de Buenos Aires. En el a\u00f1o 2003 es declarada entidad de Bien P\u00fablico por el Municipio de Pilar por Decreto Municipal Nro. 6679\/2003.<\/p>\n","protected":false},"excerpt":{"rendered":"<p>Con m\u00e1s de 930 inscriptos durante las dos jornadas, el Polo Educativo Pilar llev\u00f3 a cabo el XX Congreso de [&hellip;]<\/p>\n","protected":false},"author":2,"featured_media":12626,"comment_status":"closed","ping_status":"closed","sticky":false,"template":"","format":"standard","meta":[],"categories":[2],"tags":[],"_links":{"self":[{"href":"https:\/\/quasarcomunicacion.com.ar\/web\/wp-json\/wp\/v2\/posts\/12627"}],"collection":[{"href":"https:\/\/quasarcomunicacion.com.ar\/web\/wp-json\/wp\/v2\/posts"}],"about":[{"href":"https:\/\/quasarcomunicacion.com.ar\/web\/wp-json\/wp\/v2\/types\/post"}],"author":[{"embeddable":true,"href":"https:\/\/quasarcomunicacion.com.ar\/web\/wp-json\/wp\/v2\/users\/2"}],"replies":[{"embeddable":true,"href":"https:\/\/quasarcomunicacion.com.ar\/web\/wp-json\/wp\/v2\/comments?post=12627"}],"version-history":[{"count":2,"href":"https:\/\/quasarcomunicacion.com.ar\/web\/wp-json\/wp\/v2\/posts\/12627\/revisions"}],"predecessor-version":[{"id":12630,"href":"https:\/\/quasarcomunicacion.com.ar\/web\/wp-json\/wp\/v2\/posts\/12627\/revisions\/12630"}],"wp:featuredmedia":[{"embeddable":true,"href":"https:\/\/quasarcomunicacion.com.ar\/web\/wp-json\/wp\/v2\/media\/12626"}],"wp:attachment":[{"href":"https:\/\/quasarcomunicacion.com.ar\/web\/wp-json\/wp\/v2\/media?parent=12627"}],"wp:term":[{"taxonomy":"category","embeddable":true,"href":"https:\/\/quasarcomunicacion.com.ar\/web\/wp-json\/wp\/v2\/categories?post=12627"},{"taxonomy":"post_tag","embeddable":true,"href":"https:\/\/quasarcomunicacion.com.ar\/web\/wp-json\/wp\/v2\/tags?post=12627"}],"curies":[{"name":"wp","href":"https:\/\/api.w.org\/{rel}","templated":true}]}}