{"id":12590,"date":"2024-01-30T13:12:57","date_gmt":"2024-01-30T13:12:57","guid":{"rendered":"https:\/\/quasarcomunicacion.com.ar\/web\/?p=12590"},"modified":"2024-01-30T13:12:57","modified_gmt":"2024-01-30T13:12:57","slug":"se-viene-el-xx-congreso-de-educacion-organizado-por-el-polo-educativo-en-pilar","status":"publish","type":"post","link":"https:\/\/quasarcomunicacion.com.ar\/web\/se-viene-el-xx-congreso-de-educacion-organizado-por-el-polo-educativo-en-pilar\/","title":{"rendered":"Se viene el XX Congreso de Educaci\u00f3n organizado por el Polo Educativo en Pilar"},"content":{"rendered":"<p>Se viene una nueva edici\u00f3n del Congreso de Educaci\u00f3n organizado por el <strong> Polo Educativo Pilar.<\/strong> La cita es el pr\u00f3ximo jueves 15 y viernes 16 de febrero,\u00a0 momento en que se congregar\u00e1n bajo el tema <strong>\u201cBienestar Educativo en la era de la IA: caminando hacia un futuro inteligente\u201d.<\/strong> Las actividades ser\u00e1n virtuales y presenciales en el auditorio de la Universidad del Salvador, en el IAE Universidad Austral y en el <span style=\"font-weight: 400;\"> St. Matthew\u00b4s College North. M\u00e1s info y link de inscripci\u00f3n en <a href=\"https:\/\/www.poloeducativopilar.org.ar\/\"> https:\/\/www.poloeducativopilar.org.ar\/<\/a> <\/span><!--more--><\/p>\n<p>En palabras de la presidente del <strong>Polo Educativo Pilar<\/strong>, Moira Maschwitz indica que \u00ab<em>el Congreso, como siempre, es un momento de encuentro entre los docentes de Pilar y todos los que quieran acercarse al distrito, tanto para la Escuela de Gesti\u00f3n P\u00fablica como de Gesti\u00f3n Privada\u00bb.<\/em><\/p>\n<p>Cabe resaltar que los docentes de escuelas p\u00fablicas del distrito de Pilar y docentes de los colegios asociados, reciben una beca del 100% para participar sin cargo de las actividades. El \u00fanico requisito es inscribirse previamente en el siguiente formulario <a href=\"https:\/\/congresopep2024.my.canva.site\/#registrate\"> https:\/\/congresopep2024.my.canva.site\/#registrate<\/a>\u00a0 o ingresando en el sitio oficial del Polo Educativo Pilar <a href=\"http:\/\/www.poloeducativopilar.org.ar\">www.poloeducativopilar.org.ar<\/a>.<\/p>\n<p>Los interesados en sumarse tienen que saber que los participantes de otras instituciones y\/o profesionales independientes deber\u00e1n abonar una inscripci\u00f3n por persona de\u00a0 $80.000 hasta el 10 de febrero. Tres o m\u00e1s inscriptos de la misma instituci\u00f3n recibir\u00e1n un 10% de descuento.<\/p>\n<p>Maschwitz contin\u00faa diciendo que \u00ab<em>el evento est\u00e1 pensado para que justo antes de que empiecen las clases, los docentes, educadores, renovemos nuestras energ\u00edas, nos juntemos para repensar la educaci\u00f3n, para charlar los temas que importan, para revalorar nuestro rol. Ese es el objetivo del Congreso, que este a\u00f1o, adem\u00e1s, cumple 20 a\u00f1os\u00bb.<\/em><\/p>\n<p><em>\u00abEs un a\u00f1o muy especial para nosotros, porque logramos durante 20 a\u00f1os consecutivos juntar a los docentes para profesionalizar el rol. Creemos que es un objetivo que se cumpli\u00f3, que se est\u00e1 cumpliendo como comunidad educativa. Creemos que, como educadores, tenemos que perfeccionarnos siempre y estar al d\u00eda con los temas que los chicos necesitan, es nuestro deber. Y entonces, nos enorgullece mucho, como pueblo educativo, poder brindarle a los docentes, tanto del distrito como todos los que se acercan, esas herramientas, para que sean cada vez mejores y para ser cada vez mejores profesionales de la educaci\u00f3n\u00bb, <\/em>agrega la presidente del <strong>Polo<\/strong>.<\/p>\n<p>Entonces, cada a\u00f1o durante 20 a\u00f1os, docentes, directivos y profesionales se reunir\u00e1n en el <strong>Congreso de Educaci\u00f3n del Polo Educativo Pilar <\/strong>que se llevar\u00e1 a cabo el 15 y 16 de febrero de 2024. En esta edici\u00f3n con el foco puesto en el Bienestar y la Inteligencia Artificial, se har\u00e1n conferencias y talleres en el St. Matthew\u2019s College North, el IAE Universidad Austral y en el Campus de la USAL.<\/p>\n<p>El Congreso est\u00e1 dirigido a directivos, docentes y profesores de todos los niveles, \u00e1reas e idiomas, tanto de gesti\u00f3n estatal como privada, junto a investigadores, psicopedagogos y profesionales vinculados a la educaci\u00f3n y capacitaci\u00f3n.<\/p>\n<p>Los ejes tem\u00e1ticos ser\u00e1n Bienestar e Inteligencia Artificial y habr\u00e1 conferencias y exposiciones de Lucrecia Prat Gray, Jennifer Verschoor, Silvia, Figiacone, Gabriela Renault, Mar\u00eda Ver\u00f3nica Torres, Santiago Bellomo, Florencia Daura, Fernando Gim\u00e9nez Zapiola, Walter Rodr\u00edguez Esquivel, M\u00f3nica Rodr\u00edguez Salvo, Lola Inchauspe, Lucila M\u00e1rquez y Sof\u00eda Hughes<\/p>\n<p>La presidente del <strong>Polo Educativo <\/strong> anticipa lo que ser\u00e1 el encuentro de este a\u00f1o <em>\u00abEl tema de este a\u00f1o re\u00fane tanto la inteligencia socio-emocional como la inteligencia artificial. Creemos que como educadores no solamente no podemos seguir negando los avances de la tecnolog\u00eda sino que tenemos que poder incorporarla en el d\u00eda a d\u00eda en nuestros colegios y en nuestras aulas. Es una realidad que viven los chicos hoy en d\u00eda y tenemos que poder no solamente amigarnos con esto sino que tenemos que empezar a verle todo lo positivo que tiene la inteligencia artificial en la educaci\u00f3n. Y esto no significa que se deje de lado todo lo que tiene que ver con inteligencia emocional, habilidades socioemocionales, interpersonales, capacidades, habilidades mentales, sino que se pueden dar las dos cosas\u00bb<\/em>.<\/p>\n<p><a href=\"https:\/\/quasarcomunicacion.com.ar\/web\/wp-content\/uploads\/2020\/02\/auditorio2.gif\"><img class=\"aligncenter\" src=\"https:\/\/quasarcomunicacion.com.ar\/web\/wp-content\/uploads\/2020\/02\/auditorio2.gif\" \/><\/a><\/p>\n<p>Y contin\u00faa \u00ab<em>los chicos pueden tener una educaci\u00f3n moderna con inteligencia artificial, con una tecnolog\u00eda avanzada y que a su vez no pierdan y que no se pierda en las escuelas y que estas sean un espacio de intercambio interpersonal, de valores, de habilidades mentales y de habilidades humanas. Y por eso elegimos este tema para debatir este a\u00f1o, para que todas las charlas tengan que ver con estos dos grandes ejes\u00a0 que no son opuestos. Estamos convencidos de que no son dos fuerzas que se oponen, sino que se pueden dar al mismo tiempo y que nosotros como educadores tenemos que poder darlas al mismo tiempo y en conjunto se complementan, de hecho\u00bb<\/em>.<\/p>\n<p>En cuanto a las expectativas, Maschwitz asegura que <em>\u00abcomo siempre es que puedan participar la mayor cantidad de educadores posibles. Que sea un espacio donde se aprenda desde lo te\u00f3rico, pero tambi\u00e9n desde lo pr\u00e1ctico. Les pedimos a todos nuestros oradores que hagan esas dos cosas. Que puedan ser espacios de reflexi\u00f3n te\u00f3rica y tambi\u00e9n espacios de reflexi\u00f3n pr\u00e1ctica, donde los docentes se puedan llevar herramientas pr\u00e1cticas para aplicar en el d\u00eda a d\u00eda\u00bb.<\/em><\/p>\n<p>Y completa diciendo que <em>\u00abtambi\u00e9n pretendemos y creemos que tiene que ser un espacio de encuentro. Probamos la virtualidad y de hecho la seguimos usando para un mont\u00f3n de capacitaciones durante el a\u00f1o, porque tiene esa facilidad de poder juntarnos desde cualquier lugar del pa\u00eds o hasta del mundo. Pero en este caso en el Congreso de Febrero priorizamos que la gente se encuentre f\u00edsicamente, que pueda encontrarse con su colega que trabaja en otro colegio, en otra escuela vecina y puedan compartir sus experiencias, puedan compartir buenas pr\u00e1cticas, puedan debatir temas, charlar sobre las cosas que les importa, les preocupa, etc. Y eso no es un objetivo menor, es un objetivo que va m\u00e1s all\u00e1 de los que exponen y que tiene que ver con que los docentes puedan encontrarse en recreo, charlar entre ellos, que los talleres sean lo m\u00e1s interactivos posibles, porque muchas veces la respuesta que uno est\u00e1 buscando la tiene el docente que est\u00e1 sentado al lado de uno\u00bb.<\/em><\/p>\n<p>Y finaliza \u00ab<em>Los invitamos a todos a participar, porque creemos firmemente que el rol del docente y de educador en general es un rol que se tiene que perfeccionar s\u00ed o s\u00ed, que estamos obligados a estar al d\u00eda con lo que los chicos necesitan, porque parte de profesionalizar el rol es estar capacitados y el pueblo educativo les brinda a los docentes un espacio de encuentro, un espacio de reflexi\u00f3n y un espacio de buscar buenas pr\u00e1cticas con los mejores profesionales, para que realmente los chicos tengan de nosotros nuestra mejor versi\u00f3n\u00bb.<\/em><\/p>\n<p>Este a\u00f1o acompa\u00f1an la actividad Revista Colegio como Media sponsor, SESI, EDUCARIA en Argentina, Creativos Digitales, Exito Ledesma, Chicos Uniformes, MATIC, ACUDIR, FIDU, FASE2, UFLO &#8211; Universidad de Flores, CAMBRIDGE, Rob Consultora Educativa Integral, YMCA Turismo, Kel Ediciones e IDEA CONSULTORA entre otras empresas e instituciones.<\/p>\n<p>Adem\u00e1s, apoyan la Universidad del Salvador, la Escuela de Educaci\u00f3n de la Universidad Austral y Varkey Foundation.<\/p>\n<p>Comunica Qu\u00e1sar Comunicaci\u00f3n Digital y Prensa.<\/p>\n<p>El cronograma de actividades ser\u00e1 el siguiente (sujeto a modificaciones):<br \/>\n<strong><br \/>\nJueves 15 de febrero <\/strong><\/p>\n<p>9:00 a 13 hs. en St. Matthew\u2019s College North.<br \/>\nEncuentro de Educaci\u00f3n F\u00edsica. Charla y Capacitaci\u00f3n Deportiva.<\/p>\n<p>9:00 hs. en IAE Universidad Austral<br \/>\nDra. DAURA, Florencia y Mag. GIMENEZ ZAPIOLA, Fernando. \u201cDel deber al ser. \u00bfC\u00f3mo fomentar el real florecimiento de nuestros estudiantes y de nuestra escuela?\u201d<\/p>\n<p>10:30 hs. en IAE Universidad Austral<br \/>\nM\u00c1RQUEZ, Lucila y HUGUES, Sof\u00eda. \u201cLearner Wellbeing: The Cambridge Approach\u201d (en ingl\u00e9s)<\/p>\n<p>15:00 hs. Webinar \u2013 Plataforma Zoom de la Universidad del Salvador<br \/>\nDra. RENAULT, Gabriela. \u201cNuevos escenarios que conmueven el aprendizaje de los j\u00f3venes\u201d<br \/>\n<strong><br \/>\nViernes 16 de febrero <\/strong><\/p>\n<p>CONFERENCIAS Y TALLERES de 08:30 a 16 hs en Auditorio Campus \u201cNuestra Se\u00f1ora Del Pilar\u201d de la Universidad del Salvador<\/p>\n<p>09:30 \u2013 Conferencia PRAT GAY, Lucrecia \u2013 \u201cManejo del estr\u00e9s: Herramientas de afrontamiento para el aula de post pandemia\u201d<\/p>\n<p>11:10 \u2013 Conferencia VERSCHOOR, Jennifer \u2013 \u201cDesmitificando la Inteligencia Artificial: Herramientas Pr\u00e1cticas para docentes del Siglo XXI\u201d<\/p>\n<p>13:25 \u2013 Panel de Profesionales: BELLOMO, Santiago y RODR\u00cdGUEZ ESQUIVEL, Walter \u2013 \u201cHacia d\u00f3nde va el rol docente en el uso de la AI\u201d<\/p>\n<p>15:00 \u2013 Talleres Simult\u00e1neos (a elecci\u00f3n)<br \/>\nFIGIACONE, Silvia \u2013 \u201cC\u00f3mo integrar herramientas de inteligencia artificial de f\u00e1cil uso a mi tarea docente cotidiana\u201d<br \/>\nINCHAUSPE, Lola \u2013 \u201cC\u00f3mo guiar a las\/os chicas\/os en el mundo digital\u201d<br \/>\nRODR\u00cdGUEZ SALVO, M\u00f3nica \u2013 \u201cEl Ingl\u00e9s como veh\u00edculo de las nuevas inteligencias\u201d<br \/>\nTORRES, Mar\u00eda Ver\u00f3nica \u2013 \u201cConsumos en la era de la inmediatez\u201d<\/p>\n<p>16:00 \u2013 Sorteos y Cierre del Congreso<\/p>\n<table width=\"100%\">\n<tbody>\n<tr>\n<td width=\"50%\"><strong> Ayel\u00e9n Segovia &#8211; Asistente de Cuentas<\/p>\n<p><\/strong> <b> Directo<\/b><strong>: <\/strong> 0230-4664772<br \/>\n<b> Skype:<\/b> quasarcomunicacion<br \/>\n<b> Instagram<\/b>: @quasarcomunicacion<br \/>\n<b> Twitter:<\/b> @quasarpilar<br \/>\n<b> Gr<\/b><b>upo y p\u00e1gina en Facebook: <\/b> www.facebook.com\/<a href=\"mailto:mfipata@gmail.com\">Quasar<\/a>Comunicacion<br \/>\n<b> Web:<\/b> <a href=\"http:\/\/www.quasarcomunicacion.com.ar\"> www.quasarcomunicacion.com.ar<\/a><\/p>\n<p><b> Mail<\/b><strong>:<\/strong> <a href=\"mailto:fernanda@quasarcomunicacion.com.ar\"> asistente<\/a><a href=\"mailto:fernanda@quasarcomunicacion.com.ar\">@quasarcomunicacion.com.ar<\/a><\/td>\n<td width=\"50%\"><strong> Lic. Mar\u00eda Fernanda Ipata &#8211; Directora<br \/>\n<\/strong> <b><br \/>\n<\/b> <b> M\u00f3vil:<\/b> 0230-15-4584535<br \/>\n<b> Whatsapp<\/b><b>:<\/b><a href=\"https:\/\/bit.ly\/2J4cUvm\"> 11 5312 6795<\/a><br \/>\n<a href=\"https:\/\/bit.ly\/2Sn1zLP\"> Enviar whatsapp aqu\u00ed<\/a><br \/>\n<b> Skype:<\/b> quasarcomunicacion<br \/>\n<b> LinkedIn<\/b><strong>:\u00a0 <\/strong> <strong> <a href=\"http:\/\/www.linkedin.com\/in\/mfipata\"> http:\/\/www.linkedin.com\/in\/mfipata<\/a><\/strong><br \/>\n<a href=\"https:\/\/www.linkedin.com\/company\/quasarcomunicacion\"> https:\/\/www.linkedin.com\/company\/quasarcomunicacion<\/a><br \/>\n<b> Instagram y Facebook:<\/b> @quasarcomunicacion <b><br \/>\nWeb:<\/b> <a href=\"http:\/\/www.quasarcomunicacion.com.ar\"> www.quasarcomunicacion.com.ar<\/a><br \/>\n<b> Mail<\/b><strong>:<\/strong><a href=\"mailto:fernanda@quasarcomunicacion.com.ar\"> fernanda@quasarcomunicacion.com.ar<\/a><br \/>\n<b> Canal de Telegram para acceder a comunicados:<\/b> https:\/\/t.me\/comunicadosQC<\/td>\n<\/tr>\n<\/tbody>\n<\/table>\n<p><strong>Acerca del Polo Educativo Pilar<\/strong><\/p>\n<p>El\u00a0<strong>Polo Educativo Pilar\u00a0<\/strong>es una asociaci\u00f3n civil sin fines de lucro que fue fundada en el a\u00f1o 2002, que re\u00fane a instituciones educativas tanto p\u00fablicas como privadas y tiene como objetivo principal el promover y desarrollar la educaci\u00f3n, p\u00fablica y privada, en todo el distrito.<\/p>\n<p>La asociaci\u00f3n nace a partir de 1999 cuando los directivos de los j\u00f3venes colegios privados de Pilar, junto con los que llevaban m\u00e1s a\u00f1os en la ciudad, comienzan a reunirse para considerar sus problem\u00e1ticas comunes. Este hecho, in\u00e9dito en la educaci\u00f3n privada en la Argentina, alcanza un alto grado de sinergia cuando los Colegios deciden trazar un plan para convertir al Partido de Pilar en una localidad que sea conocida por su alto nivel educativo, tanto en las instituciones privadas como en las p\u00fablicas. Con esa idea, un grupo original de 14 Colegios de distintos niveles, funda el\u00a0<strong>Polo Educativo Pilar<\/strong>.<\/p>\n<p>Cabe destacar que entidad obtuvo su personer\u00eda jur\u00eddica en diciembre de 2004 bajo el Nro. 7000\/04 expedido por la Inspecci\u00f3n de Persona jur\u00eddica de la Provincia de Buenos Aires. En el a\u00f1o 2003 es declarada entidad de Bien P\u00fablico por el Municipio de Pilar por Decreto Municipal Nro. 6679\/2003.<\/p>\n","protected":false},"excerpt":{"rendered":"<p>Se viene una nueva edici\u00f3n del Congreso de Educaci\u00f3n organizado por el Polo Educativo Pilar. La cita es el pr\u00f3ximo [&hellip;]<\/p>\n","protected":false},"author":2,"featured_media":11655,"comment_status":"closed","ping_status":"closed","sticky":false,"template":"","format":"standard","meta":[],"categories":[2],"tags":[],"_links":{"self":[{"href":"https:\/\/quasarcomunicacion.com.ar\/web\/wp-json\/wp\/v2\/posts\/12590"}],"collection":[{"href":"https:\/\/quasarcomunicacion.com.ar\/web\/wp-json\/wp\/v2\/posts"}],"about":[{"href":"https:\/\/quasarcomunicacion.com.ar\/web\/wp-json\/wp\/v2\/types\/post"}],"author":[{"embeddable":true,"href":"https:\/\/quasarcomunicacion.com.ar\/web\/wp-json\/wp\/v2\/users\/2"}],"replies":[{"embeddable":true,"href":"https:\/\/quasarcomunicacion.com.ar\/web\/wp-json\/wp\/v2\/comments?post=12590"}],"version-history":[{"count":1,"href":"https:\/\/quasarcomunicacion.com.ar\/web\/wp-json\/wp\/v2\/posts\/12590\/revisions"}],"predecessor-version":[{"id":12591,"href":"https:\/\/quasarcomunicacion.com.ar\/web\/wp-json\/wp\/v2\/posts\/12590\/revisions\/12591"}],"wp:featuredmedia":[{"embeddable":true,"href":"https:\/\/quasarcomunicacion.com.ar\/web\/wp-json\/wp\/v2\/media\/11655"}],"wp:attachment":[{"href":"https:\/\/quasarcomunicacion.com.ar\/web\/wp-json\/wp\/v2\/media?parent=12590"}],"wp:term":[{"taxonomy":"category","embeddable":true,"href":"https:\/\/quasarcomunicacion.com.ar\/web\/wp-json\/wp\/v2\/categories?post=12590"},{"taxonomy":"post_tag","embeddable":true,"href":"https:\/\/quasarcomunicacion.com.ar\/web\/wp-json\/wp\/v2\/tags?post=12590"}],"curies":[{"name":"wp","href":"https:\/\/api.w.org\/{rel}","templated":true}]}}