{"id":12542,"date":"2023-11-27T18:11:53","date_gmt":"2023-11-27T18:11:53","guid":{"rendered":"https:\/\/quasarcomunicacion.com.ar\/web\/?p=12542"},"modified":"2023-11-27T18:11:53","modified_gmt":"2023-11-27T18:11:53","slug":"con-mas-de-220-asistentes-se-realizo-la-ronda-de-negocios-multisectorial-pyme-organizada-por-la-camara-de-la-pequena-y-mediana-empresa-de-pilar-y-la-camara-argentina-de-comercio-y-servicios","status":"publish","type":"post","link":"https:\/\/quasarcomunicacion.com.ar\/web\/con-mas-de-220-asistentes-se-realizo-la-ronda-de-negocios-multisectorial-pyme-organizada-por-la-camara-de-la-pequena-y-mediana-empresa-de-pilar-y-la-camara-argentina-de-comercio-y-servicios\/","title":{"rendered":"Con m\u00e1s de 220 asistentes se realiz\u00f3 la Ronda de Negocios Multisectorial PyME organizada por la C\u00e1mara de la Peque\u00f1a y Mediana Empresa de Pilar y la C\u00e1mara Argentina de Comercio y Servicios"},"content":{"rendered":"<p>Con la presencia de m\u00e1s de 220 personas, se desarroll\u00f3 durante el \u00faltimo jueves, la <strong>10\u00ba Ronda de Negocios Multisectorial PyME en Pilar<\/strong> organizada por la <strong>C\u00e1mara de la Mediana y Peque\u00f1a Empresa de Pilar <\/strong>\u00a0junto a la <strong> C\u00e1mara Argentina de Comercio y Servicios (CAC)<\/strong>. Participaron 98 empresas pyme, 5 sponsors principales, 10 grandes empresas y compartieron la jornada otras C\u00e1maras, Universidades y organizaciones adherentes e invitadas.<!--more--><\/p>\n<p>El acto de apertura cont\u00f3 con la presencia de Guillermo Dietrich, vicepresidente II de la C\u00e1mara Argentina de Comercio y Servicios y el intendente de Pilar, Federico Ach\u00e1val, junto al presidente de la C\u00e1mara pilarense, Silvio Ferraro.<\/p>\n<p><a href=\"https:\/\/quasarcomunicacion.com.ar\/web\/wp-content\/uploads\/2023\/11\/rondagrupo23.gif\"><img class=\"alignnone\" src=\"https:\/\/quasarcomunicacion.com.ar\/web\/wp-content\/uploads\/2023\/11\/rondagrupo23.gif\" \/><\/a><\/p>\n<p>\u00ab<em>La verdad que estamos m\u00e1s que satisfechos con los resultados ya que ten\u00edamos muchas expectativas con la situaci\u00f3n que es de p\u00fablico conocimiento, pero los empresarios PyMEs respondieron mejor que en las mejores condiciones. Eso nos muestra un poco de qu\u00e9 est\u00e1 hecho el emprendedor en la Argentina y de c\u00f3mo nos adaptamos ante cualquier adversidad y siempre tratamos de salir adelante\u00bb, <\/em>asegur\u00f3 Silvio Ferraro, presidente de la C\u00e1mara de la Mediana y Peque\u00f1a Empresa de Pilar.<\/p>\n<p>Ferraro agreg\u00f3 <em>\u00abla Ronda fue exitosa, con empresarios PyMEs como grandes empresas conformes, y ese es el gran objetivo, poder dar una herramienta que le sirva a nuestros asociados y que permita avanzar en el desarrollo de nuestras empresas\u00bb<\/em>.<\/p>\n<p><a href=\"https:\/\/quasarcomunicacion.com.ar\/web\/wp-content\/uploads\/2023\/11\/ronda23.gif\"><img class=\"alignnone\" src=\"https:\/\/quasarcomunicacion.com.ar\/web\/wp-content\/uploads\/2023\/11\/ronda23.gif\" \/><\/a><\/p>\n<p>Ach\u00e1val, luego de agradecer la organizaci\u00f3n del evento y saludar a los asistentes, indic\u00f3 que \u00ab<em>vengo a dar algunas certezas, compartir lo que pensamos nosotros con respecto de las PyMEs, qu\u00e9 es lo que creemos que podemos hacer desde la gesti\u00f3n municipal porque entendemos que el Estado debe cumplir el rol para generar las condiciones para que haya trabajo en la Argentina\u00bb<\/em><\/p>\n<p><em>\u00abNosotros apostamos a dos cuestiones muy sencillas, primero la presencia del Estado para resolver los problemas de infraestructura, para mejorar las condiciones de vida y generar mejor calidad de vida en\u00a0 nuestros habitantes. Eso lo logramos apostando a la educaci\u00f3n para generar trabajadores y trabajadoras que tengan las condiciones de asumir las\u00a0 obligaciones y las responsabilidades que exige el mundo del trabajo. Creemos en la educaci\u00f3n como motor. Lo hacemos a trav\u00e9s de los centros de capacitaci\u00f3n profesional y la creaci\u00f3n de la Universidad Nacional de Pilar\u00bb, agreg\u00f3.<\/em><\/p>\n<p><a href=\"https:\/\/quasarcomunicacion.com.ar\/web\/wp-content\/uploads\/2023\/11\/rondageneral23.gif\"><img class=\"alignnone\" src=\"https:\/\/quasarcomunicacion.com.ar\/web\/wp-content\/uploads\/2023\/11\/rondageneral23.gif\" \/><\/a><\/p>\n<p><em>\u00abY el segundo punto es generar estabilidad, generando reglas claras, facilitar y agilizar los tr\u00e1mites de habilitaciones, la posibilidad de que nuestra Secretar\u00eda de Desarrollo Econ\u00f3mico est\u00e9 cerca de cada uno de uds. Entendemos que vivimos una realidad que no es f\u00e1cil, frente a una situaci\u00f3n econ\u00f3mica inflacionaria que tiene un impacto en la realidad econ\u00f3mica de las pymes com\u00f3 as\u00ed tambi\u00e9n de la Administraci\u00f3n p\u00fablica\u00bb, finaliz\u00f3.<\/em><\/p>\n<p>Los asistentes destacaron la organizaci\u00f3n de la Ronda <em>\u00abs\u00f3lo agradecerles la organizaci\u00f3n y acompa\u00f1amiento, previo y durante las rondas. En general, participar de rondas es muy demandante y cansador, el estar acompa\u00f1ado y asistido hace que sea m\u00e1s llevadero porque uno se tiene que ocupar s\u00f3lo del fin para el que se anot\u00f3&#8230;.hacer negocios, el resto est\u00e1 resuelto!! Gran evento las Rondas CPyME Pilar!!\u00bb<\/em>, declar\u00f3 un asistente.<\/p>\n<p>Otro participante declar\u00f3:<em> \u00abmis m\u00e1s grandes felicitaciones por la ronda de negocios, excelente como siempre. Todas las empresas y gente a las que envi\u00e9 me llamaron para agradecer y todos coincidieron en decir que fue muy superior a todas las rondas a las que han concurrido\u00bb<\/em>.<\/p>\n<p><a href=\"https:\/\/quasarcomunicacion.com.ar\/web\/wp-content\/uploads\/2023\/11\/rondamolinos23.gif\"><img class=\"alignnone\" src=\"https:\/\/quasarcomunicacion.com.ar\/web\/wp-content\/uploads\/2023\/11\/rondamolinos23.gif\" \/><\/a><\/p>\n<p>Por su parte, Federico Ali, responsable de Oxitec SA Ferreter\u00edas Industriales, indic\u00f3 que <em>\u00abSiempre es bueno participar de la Ronda y sumarnos como sponsors. Es la tercera vez que participamos y siempre nos abren nuevas puertas, experiencias buenas que nos hacen crecer\u00bb<\/em><\/p>\n<p>Leonardo Barrera, titular de B&amp;B Consultores de Seguros, es participante de la Ronda y Sponsor de esta edici\u00f3n, asisti\u00f3 a la Ronda <em>\u00abtratando de contactarnos con nuevos potenciales clientes\u00bb. <\/em>Y agreg\u00f3 quien tambi\u00e9n es tesorero de la C\u00e1mara de la Mediana y Peque\u00f1a Empresa de Pilar, \u00ab<em>La Ronda para mi es una gran experiencia, ya llevamos seis o siete en las que participamos y nos encontramos con gente de diversas empresas y de diversos rubros. La participaci\u00f3n es una experiencia satisfactoria que nos llena de energ\u00eda para encarar el a\u00f1o que vendr\u00e1 que esperamos que sea mucho mejor que el que pas\u00f3\u00bb<\/em><\/p>\n<p>Durante el evento que celebr\u00f3 su d\u00e9cima edici\u00f3n, se generaron un sinn\u00famero de reuniones prepactadas seg\u00fan los intereses de los participantes, las cuales fueron entre PyMEs, y de PyMEs con grandes empresas. Las reuniones se llevaron adelante entre representantes de los m\u00e1s diversos rubros de bienes y servicios.<\/p>\n<p>La Ronda cont\u00f3 con la presencia de grandes empresas como Molinos R\u00edo de la Plata, Kimberly Clark, Sidus, Bedson, Embajada de la Rep\u00fablica Dominicana, Sadesa, Grimoldi, Panamerican Energy, Aluar, Infa,\u00a0 Fate, Dreamco, entre otras.<\/p>\n<p>Acompa\u00f1aron el evento la Universidad Siglo 21, la Universidad CAECE e Identidad Argentina.<\/p>\n<p><a href=\"https:\/\/quasarcomunicacion.com.ar\/web\/wp-content\/uploads\/2023\/11\/rondasponsor23.gif\"><img class=\"alignnone\" src=\"https:\/\/quasarcomunicacion.com.ar\/web\/wp-content\/uploads\/2023\/11\/rondasponsor23.gif\" \/><\/a><\/p>\n<p>Y este a\u00f1o se sumaron como Sponsors principales: Banco Ciudad, Prevenci\u00f3n Salud,\u00a0 Better Catering y Sistemas Bejerman; y como Sponsors PyME: Oxitec Ferreter\u00edas Industriales, Smartway, B&amp;B Brokers Consultores de Seguros, Activa MKT, Guanaco&#8217;s, Ferraro y Asociados Ingenier\u00eda del Agua y Latam Human Bridge.<\/p>\n<p>Adem\u00e1s hubo un stand de la Municipalidad de Pilar que a trav\u00e9s de la Secretar\u00eda de Desarrollo Econ\u00f3mico asesor\u00f3 y brind\u00f3 informaci\u00f3n a los asistentes.<\/p>\n<p>La Ronda se trata de una jornada de networking dise\u00f1ada para reunir personalmente a empresarios PyME con gerentes de grandes empresas y otras PyME generando reuniones seg\u00fan los intereses personales de cada uno.<\/p>\n<p>La inscripci\u00f3n de cada empresa incluy\u00f3 una agenda personalizada con 16 reuniones de 15 minutos cada una durante todo el d\u00eda. De esta manera, se concretaron m\u00e1s de 800 reuniones durante la jornada.<\/p>\n<p>Adem\u00e1s, espacios para reuniones espont\u00e1neas durante el desayuno, el break y el almuerzo de networking. Cada asistente se llev\u00f3 el Directorio con los datos completos de todos los inscriptos, informaci\u00f3n que les permitir\u00e1 continuar los contactos con un mayor n\u00famero de empresas luego del evento.<\/p>\n<p>Por m\u00e1s informaci\u00f3n se puede acceder a un resumen de la \u00faltima ronda: <a href=\"https:\/\/bit.ly\/videoronda\"> https:\/\/bit.ly\/videoronda<\/a><\/p>\n<p>El evento estuvo destinado a cualquier empresa PyME interesada en ampliar potencialmente su cartera de clientes sin importar su rubro, o si son proveedores de bienes o de servicios, ya que se trata de un evento multisectorial.<\/p>\n<p>Este a\u00f1o, en el marco de los grandes incendios ocurridos en la Provincia de C\u00f3rdoba, se colabor\u00f3 con la Brigada Forestal Colibr\u00ed, un grupo de vecinos y vecinas convocadas con el prop\u00f3sito de preservar el monte en la zona de las Sierras Chicas de C\u00f3rdoba, Argentina. Su actividad central es el combate de incendios forestales, para lo cual se organizan, se equipan y capacitan de forma continua, voluntaria y autogestiva.<\/p>\n<p>Ellos tuvieron su espacio para mostrar a los asistentes su labor y compartir las necesidades actuales.<\/p>\n<p>Tambi\u00e9n desarrollan tareas de prevenci\u00f3n y remediaci\u00f3n, como acciones de sensibilizaci\u00f3n, divulgaci\u00f3n, educaci\u00f3n ambiental y reforestaciones. Buscan visibilizar el valor de los ecosistemas naturales, su delicado equilibrio y el rol fundamental de las comunidades frente a su cuidado. Para saber m\u00e1s o colaborar con la brigada:\u00a0 <a href=\"https:\/\/brigadaforestalcolibri.com.ar\/\"> https:\/\/brigadaforestalcolibri.com.ar\/<\/a><\/p>\n<p>M\u00e1s informaci\u00f3n sobre los servicios y novedades de la Instituci\u00f3n en <a href=\"http:\/\/www.cpymepilar.org.ar\">www.cpymepilar.org.ar<\/a><\/p>\n<p><strong>Acerca de la C\u00e1mara PyME de Pilar<\/strong><\/p>\n<p>Desde su creaci\u00f3n la <strong>C\u00e1mara PyME de Pilar<\/strong> foment\u00f3 convenios con otras Instituciones como AIME (Asociaci\u00f3n Iberoamericana de Mujeres Empresarias), la CEPIP (C\u00e1mara Empresaria del Parque Industrial Pilar), es socio institucional del Consejo Consultivo de la C\u00e1mara Argentina de Comercio (CAC, miembro de la Uni\u00f3n Industrial de la Provincia de Buenos Aires (UIPBA), la FIE\u00a0Argentina (Federaci\u00f3n Interamericana Empresarial) y la USAM (Universidad Nacional de San Mart\u00edn) donde la Entidad forma parte del Consejo de Ciencias Econ\u00f3micas en la persona de Marta Yezerski; en 2021 firm\u00f3 convenio con Pilar Emprende para potenciar emprendedores.<\/p>\n<p>En estas d\u00e9cadas integraron la comisi\u00f3n la Mujer y el Trabajo de la Uni\u00f3n Industrial Argentina (UIA), fueron panelistas por Argentina en el Congreso Iberoamericano de Mujeres Empresarias (CIME), llevaron adelante el programa televisivo multipremiado llamado Impacto Productivo, lanzaron ProUmPi (la Universidad P\u00fablica de Pilar), hicieron actividades junto a la Uni\u00f3n Industrial de Pilar, editaron la primera revista para Mujeres Empresarias de la regi\u00f3n, participaron del Foro de Mujeres del Mercosur, etc.<\/p>\n<p>Firmaron infinidad de convenios, por ejemplo con Pilar Emprende, con el Consejo Superior de la Universidad de Luj\u00e1n, con el Ministerio de Trabajo de la Provincia de Buenos Aires, con la Universidad del Salvador, con la Subsecretar\u00eda de Promoci\u00f3n y Desarrollo de Microempresas del Ministerio de Producci\u00f3n y el Empleo de la Provincia de Buenos Aires,\u00a0con Cecam (Centro de Educaci\u00f3n y Capacitaci\u00f3n de la Mujer),\u00a0 Medif\u00e9, entre otros.<\/p>\n<p>La <strong>C\u00e1mara Pyme de Pilar<\/strong> busca fortalecer, promover y desarrollar la tarea empresarial por medio de la capacitaci\u00f3n y la formaci\u00f3n de nuevos contactos actuando como n\u00facleo para el desarrollo de negocios. Su propuesta tiende a obtener un crecimiento conjunto, donde las experiencias vayan enriqueciendo las posibilidades de cada empresa, respondiendo as\u00ed a las necesidades cambiantes del mercado global.<\/p>\n<p>Los interesados en sumarse a la Entidad podr\u00e1 asociarse click aqu\u00ed <a href=\"https:\/\/cpymepilar.org.ar\/asociese\/\">https:\/\/cpymepilar.org.ar\/asociese\/<\/a><\/p>\n<p><strong><em>Por otras im\u00e1genes, audios o entrevistas no dude en contactarse<\/em><\/strong><\/p>\n<p><strong><em> Contactos de Prensa<\/em><\/strong><\/p>\n<table width=\"100%\">\n<tbody>\n<tr>\n<td width=\"50%\"><strong> Candela Villanueva &#8211; Asistente de Cuentas<\/p>\n<p><\/strong> <b> Directo<\/b><strong>: <\/strong> 0230-4664772<br \/>\n<b> Skype:<\/b> quasarcomunicacion<br \/>\n<b> Instagram<\/b>: @quasarcomunicacion<br \/>\n<b> Twitter:<\/b> @quasarpilar<br \/>\n<b> Gr<\/b><b>upo y p\u00e1gina en Facebook: <\/b> www.facebook.com\/<a href=\"mailto:mfipata@gmail.com\">Quasar<\/a>Comunicacion<br \/>\n<b> Web:<\/b> <a href=\"http:\/\/www.quasarcomunicacion.com.ar\"> www.quasarcomunicacion.com.ar<\/a><\/p>\n<p><b> Mail<\/b><strong>:<\/strong> <a href=\"mailto:fernanda@quasarcomunicacion.com.ar\"> candela<\/a><a href=\"mailto:fernanda@quasarcomunicacion.com.ar\">@quasarcomunicacion.com.ar<\/a><\/td>\n<td width=\"50%\"><strong> Lic. Mar\u00eda Fernanda Ipata &#8211; Directora<br \/>\n<\/strong> <b><br \/>\n<\/b> <b> M\u00f3vil:<\/b> 0230-15-4584535<br \/>\n<b> Whatsapp<\/b><b>:<\/b><a href=\"https:\/\/bit.ly\/2J4cUvm\"> 11 5312 6795<\/a><br \/>\n<a href=\"https:\/\/bit.ly\/2Sn1zLP\"> Enviar whatsapp aqu\u00ed<\/a><br \/>\n<b> Skype:<\/b> quasarcomunicacion<br \/>\n<b> LinkedIn<\/b><strong>:\u00a0 <\/strong> <strong> <a href=\"http:\/\/www.linkedin.com\/in\/mfipata\"> http:\/\/www.linkedin.com\/in\/mfipata<\/a><\/strong><br \/>\n<a href=\"https:\/\/www.linkedin.com\/company\/quasarcomunicacion\"> https:\/\/www.linkedin.com\/company\/quasarcomunicacion<\/a><br \/>\n<b> Instagram y Facebook:<\/b> @quasarcomunicacion <b><br \/>\nWeb:<\/b> <a href=\"http:\/\/www.quasarcomunicacion.com.ar\"> www.quasarcomunicacion.com.ar<\/a><br \/>\n<b> Mail<\/b><strong>:<\/strong><a href=\"mailto:fernanda@quasarcomunicacion.com.ar\"> fernanda@quasarcomunicacion.com.ar<\/a><br \/>\n<b> Telegram: https:\/\/t.me\/QuasarComunicacion<\/b><br \/>\n<b> Canal de Telegram para acceder a comunicados:<\/b> https:\/\/t.me\/comunicadosQC<\/td>\n<\/tr>\n<\/tbody>\n<\/table>\n","protected":false},"excerpt":{"rendered":"<p>Con la presencia de m\u00e1s de 220 personas, se desarroll\u00f3 durante el \u00faltimo jueves, la 10\u00ba Ronda de Negocios Multisectorial [&hellip;]<\/p>\n","protected":false},"author":2,"featured_media":12541,"comment_status":"closed","ping_status":"closed","sticky":false,"template":"","format":"standard","meta":[],"categories":[2],"tags":[],"_links":{"self":[{"href":"https:\/\/quasarcomunicacion.com.ar\/web\/wp-json\/wp\/v2\/posts\/12542"}],"collection":[{"href":"https:\/\/quasarcomunicacion.com.ar\/web\/wp-json\/wp\/v2\/posts"}],"about":[{"href":"https:\/\/quasarcomunicacion.com.ar\/web\/wp-json\/wp\/v2\/types\/post"}],"author":[{"embeddable":true,"href":"https:\/\/quasarcomunicacion.com.ar\/web\/wp-json\/wp\/v2\/users\/2"}],"replies":[{"embeddable":true,"href":"https:\/\/quasarcomunicacion.com.ar\/web\/wp-json\/wp\/v2\/comments?post=12542"}],"version-history":[{"count":1,"href":"https:\/\/quasarcomunicacion.com.ar\/web\/wp-json\/wp\/v2\/posts\/12542\/revisions"}],"predecessor-version":[{"id":12543,"href":"https:\/\/quasarcomunicacion.com.ar\/web\/wp-json\/wp\/v2\/posts\/12542\/revisions\/12543"}],"wp:featuredmedia":[{"embeddable":true,"href":"https:\/\/quasarcomunicacion.com.ar\/web\/wp-json\/wp\/v2\/media\/12541"}],"wp:attachment":[{"href":"https:\/\/quasarcomunicacion.com.ar\/web\/wp-json\/wp\/v2\/media?parent=12542"}],"wp:term":[{"taxonomy":"category","embeddable":true,"href":"https:\/\/quasarcomunicacion.com.ar\/web\/wp-json\/wp\/v2\/categories?post=12542"},{"taxonomy":"post_tag","embeddable":true,"href":"https:\/\/quasarcomunicacion.com.ar\/web\/wp-json\/wp\/v2\/tags?post=12542"}],"curies":[{"name":"wp","href":"https:\/\/api.w.org\/{rel}","templated":true}]}}