{"id":12492,"date":"2023-10-25T13:58:21","date_gmt":"2023-10-25T13:58:21","guid":{"rendered":"https:\/\/quasarcomunicacion.com.ar\/web\/?p=12492"},"modified":"2023-10-25T13:58:21","modified_gmt":"2023-10-25T13:58:21","slug":"encuentro-de-autos-clasicos-musica-en-vivo-y-muchas-actividades-en-estilo-pilar-2023","status":"publish","type":"post","link":"https:\/\/quasarcomunicacion.com.ar\/web\/encuentro-de-autos-clasicos-musica-en-vivo-y-muchas-actividades-en-estilo-pilar-2023\/","title":{"rendered":"Encuentro de autos cl\u00e1sicos, m\u00fasica en vivo y muchas actividades en Estilo Pilar 2023\u00a0"},"content":{"rendered":"<p><strong>\u00a0<\/strong>La <strong>19\u00b0 edici\u00f3n de ESTILO PILAR,<\/strong> la exposici\u00f3n de Arquitectura, Dise\u00f1o de interiores y exteriores, Paisajismo, arte e Industria sigue sumando actividades. La muestra se podr\u00e1 visitar de Jueves a Domingos de 12 a 20 hs (Lunes, martes y mi\u00e9rcoles: CERRADO) hasta el 5 de noviembre en el exclusivo entorno de Pilar\u00e1, ubicado en el kil\u00f3metro 56,5 de la Panamericana. Adem\u00e1s de charlas, m\u00fasica, se viene un encuentro de autos cl\u00e1sicos el fin de semana que viene.<!--more--><\/p>\n<p><a href=\"https:\/\/quasarcomunicacion.com.ar\/web\/estilopilar2023\/\"> M\u00e1s info <\/a>de prensa en \u00a0<a href=\"https:\/\/quasarcomunicacion.com.ar\/web\/estilopilar2023\/\">https:\/\/quasarcomunicacion.com.ar\/web\/estilopilar2023\/<\/a><\/p>\n<p><a href=\"https:\/\/quasarcomunicacion.com.ar\/web\/wp-content\/uploads\/2023\/10\/autos.gif\"><img class=\"alignnone\" src=\"https:\/\/quasarcomunicacion.com.ar\/web\/wp-content\/uploads\/2023\/10\/autos.gif\" \/><\/a><\/p>\n<p>El <strong>jueves 26<\/strong> a las 14 hs en el stand de Pilar\u00e1 se presentar\u00e1 Concepto Preludio y Mulanas. Y el viernes 27 a las 14 el Taller \u00abReinventa, recicla y reutiliza tu tapado de piel antiguo\u00bb. Tra\u00e9 ese tapado que est\u00e1 colgado en el ropero y te ayudamos a ver c\u00f3mo pod\u00e9s usarlo. A las 16.30 hs en el stand de Sinteplast \u00abT\u00e9cnica de producto\u00bb. y el vienes 27 a las 16 hs \u00abTendencias y T\u00e9cnica de Productos\u00bb.<\/p>\n<p>El <strong>viernes 27<\/strong> a las 17 hs en el Auditorio la Universidad del Salvador brindar\u00e1 la charla \u00abConciencia en el consumo energ\u00e9tico a nivel dom\u00e9stico\u00bb a caro del Arq. Mar\u00eda Paz Otero y el Arq. Juan Citroni de la USAL.<\/p>\n<p>El <strong>s\u00e1bado 28<\/strong> de 12 a 20 hs habr\u00e1 un encuentro de autos cl\u00e1sicos con \u00abAtardecer en Espacio Piloto\u00bb. Se realizar\u00e1 un Summer Tour con m\u00e1s de 35 autos cl\u00e1sicos en exhibici\u00f3n.<\/p>\n<p>Habr\u00e1 barra de Gin, cata de vinos, fuegos para invitados especiales y mucho m\u00e1s para pasar una linda jornada en familia.<\/p>\n<p>Entre otros, el p\u00fablico se podr\u00e1 deleitar con un Porsche Cayman Desing Edition I, un\u00a0\u00a0 Ford Mustang Mach 1 2023, un Torino 380, un Datsun 280 zx, un Mercedes Benz GLA 250, m\u00e1s Mustang Cl\u00e1sicos de los a\u00f1os 60, ocho Cobras, otras unidades de Porsche, Land Rover, entre muchos otros autos cl\u00e1sicos.<\/p>\n<p><a href=\"https:\/\/quasarcomunicacion.com.ar\/web\/wp-content\/uploads\/2023\/10\/estilopilar1.gif\"><img class=\"alignnone\" src=\"https:\/\/quasarcomunicacion.com.ar\/web\/wp-content\/uploads\/2023\/10\/estilopilar1.gif\" \/><\/a><\/p>\n<p>El s\u00e1bado tambi\u00e9n habr\u00e1 en \u00c1reas Verdes a las 15.30 hs \u00abFisiatr\u00eda en mascotas\u00bb pro Country Magazine. A las 16 hs en el Auditorio una charla sobre \u00abSistema Patform Frame: elementos y materiales\u00bb de la mano de la C\u00e1mara de la Madera (CADAMDA).<\/p>\n<p>Termina el fin de semana el <strong>domingo 29 <\/strong>con \u00abAtreverse a la experiencia teatral\u00bb a las 15 y a las 15.30 hs en Areas Verdes \u00abClase abierta de teatro para ni\u00f1os y preadolescentes\u00bb por Silvina Rodr\u00edguez y Gabriela Blanco y Country Magazine.<\/p>\n<p>Y m\u00fasica en vivo s\u00e1bado y domingo en la Plaza del Paseo de Compras. Se presentar\u00e1 durante el fin de semana: \u00a0<span style=\"font-weight: 400;\">DJ SindaClub por Sof\u00eda Palazzo, El Jariyal, Los Rosalez, M\u00fasica de ra\u00edz folkl\u00f3rica,\u00a0\u00a0 y a D\u00f3lar Beatles Band y Cata Baya.<\/span><\/p>\n<p><strong> Acerca de Estilo Pilar<\/strong><\/p>\n<p>Como en cada edici\u00f3n, la muestra es organizada por la Asociaci\u00f3n sin fines de lucro <strong> AMIGOS DEL PILAR<\/strong>, y todo lo recaudado en el evento se destinar\u00e1 a dar atenci\u00f3n odontol\u00f3gica calificada y gratuita a ni\u00f1os de escasos recursos del partido de Pilar.<\/p>\n<p>Este a\u00f1o la novedad es la presentaci\u00f3n de <strong>Estilo ART<\/strong>, una nueva exposici\u00f3n con la mirada puesta en el futuro del arte con m\u00e1s de 20 pintores seleccionados y adem\u00e1s se destacan las esculturas en todo el recorrido.<\/p>\n<p>Tambi\u00e9n se incorpora un espacio de realidad virtual para que el visitante pueda experimentar y conocer los adelantos de la tecnolog\u00eda; adem\u00e1s una granja con animales para los ni\u00f1os; una plaza de juegos; charlas sobre diversos temas en el auditorio.<\/p>\n<p>La muestra es <strong>Pet Friendly\u00a0<\/strong><\/p>\n<p><strong>Estilo Pilar<\/strong>, la exposici\u00f3n m\u00e1s destacada de dise\u00f1o, arte y paisajismo de Argentina, regresa este a\u00f1o con su 19\u00b0 edici\u00f3n, prometiendo una experiencia inolvidable para los amantes del buen gusto y la creatividad.<\/p>\n<p>Lo hace este a\u00f1o con el leit motiv RAICES: en esta renovada edici\u00f3n de <strong>Estilo Pilar<\/strong>, los l\u00edmites entre la ciudad y el campo se desvanecen, fusionando las caracter\u00edsticas de ambos entornos. Bajo el lema \u00abRAICES\u00bb, el visitante se sumergir\u00e1 en un escenario donde convergen la belleza de la vida org\u00e1nica y la excelencia del dise\u00f1o y confort modernos. Inspirada en nuestras ra\u00edces aut\u00f3ctonas, la muestra despertar\u00e1 nuevas sensaciones, ofreciendo una experiencia ecl\u00e9ctica y transformadora para todos aquellos que decidan explorarla.<\/p>\n<p>La muestra abrir\u00e1 al p\u00fablico hasta el 5 de noviembre, de jueves a domingo (excepto el domingo 22 por Elecciones), los visitantes podr\u00e1n disfrutar de m\u00e1s de 100 espacios dedicados al dise\u00f1o y el paisajismo, workshops, un amplio sector de compras, una variada oferta gastron\u00f3mica y una serie de atracciones especiales.<\/p>\n<p>Adem\u00e1s, los m\u00e1s peque\u00f1os podr\u00e1n interactuar con animales en el sector granja y se podr\u00e1 disfrutar de shows en vivo que har\u00e1n de la visita una experiencia \u00fanica e inolvidable.<\/p>\n<p>Entre los espacios de decoraci\u00f3n se destaca un coworking, la casa de un golfista, la casa de un polista, un monoambiente de un arquitecto, un lodge, el espacio de un piloto, entre otros. Adem\u00e1s muralistas que le dar\u00e1n color y brillo a la muestra.<\/p>\n<p>Adem\u00e1s, <strong>Estilo Pilar<\/strong> cuenta con un paseo de compras donde los visitantes podr\u00e1n descubrir las \u00faltimas tendencias del dise\u00f1o y adquirir objetos \u00fanicos para llevar un pedacito de <strong>Estilo Pilar<\/strong> a sus hogares. M\u00e1s de siete paisajistas expertos estar\u00e1n presentes para ofrecer consejos y guiar a los asistentes en la creaci\u00f3n de espacios armoniosos y llenos de estilo.<\/p>\n<p>Este a\u00f1o la C\u00e1mara de la Madera (CADAMDA) presentar\u00e1 cuatro unidades modelos de madera y la empresa Corasa aportar\u00e1 10 containers mar\u00edtimos que conjugar\u00e1n lo industrial y lo tradicional con lo reciclado. Ambas propuestas constituir\u00e1n parte de la infraestructura que intervendr\u00e1n los dise\u00f1adores.<\/p>\n<p>Este a\u00f1o son Sponsors Oficiales de <strong>Estilo Pilar<\/strong>: Rielamericano, Longvie, Cer\u00e1mica Alberdi, Patagonia Flooring, Sinteplast, Toto, De Stefano, Grupo Vonderk, Egger, Corasa y la C\u00e1mara de la Madera (CADAMDA). Adem\u00e1s, Sponsors de Obra: Telecom, Durlock, Muchtek , Arquiplast, Bloque Uno, Cassaforma, Modufox, Prohygiene, Aukot, Gu herrajes, XRS, Control Total de Plagas, Ecoterra e Ingarden.<\/p>\n<p>Adem\u00e1s, la valiosa participaci\u00f3n de las siguientes instituciones: Universidad del Salvador (USAL), Universidad Austral, Universidad Argentina de la Empresa (UADE) y Municipalidad de Pilar. Asimismo, las revistas Country Magazine, D&amp;D, Espacio &amp; Confort, Magenta y Arte Online participar\u00e1n como Media Partners del evento.<\/p>\n<p>Este evento no s\u00f3lo busca ofrecer una experiencia inigualable, sino que tambi\u00e9n tiene un fin solidario. <strong>Estilo Pilar 2023 <\/strong>ser\u00e1 a beneficio de la <strong>Asociaci\u00f3n Amigos del Pilar<\/strong>, cuyo objetivo es continuar acompa\u00f1ando a los ni\u00f1os m\u00e1s necesitados en la atenci\u00f3n odontol\u00f3gica de calidad.<\/p>\n<p><strong>AMIGOS DEL PILAR<\/strong> es una asociaci\u00f3n civil sin fines de lucro que destina la totalidad de lo recaudado a trav\u00e9s de <strong>ESTILO PILAR<\/strong> para brindar atenci\u00f3n odontol\u00f3gica calificada y gratuita a ni\u00f1os de escasos recursos en el partido de Pilar. Desde 2004 hasta agosto de 2023, han atendido a 74,377 ni\u00f1os y brindado 232,526 prestaciones odontol\u00f3gicas. Gracias a este evento, han logrado inaugurar consultorios odontol\u00f3gicos inclusivos para ni\u00f1os con capacidades diferentes.<\/p>\n<p>Con m\u00e1s de 18 ediciones exitosas, <strong>Estilo Pilar <\/strong>se convirti\u00f3 en un referente en el mundo del dise\u00f1o, el arte y el paisajismo. Cada a\u00f1o, miles de personas acuden a este evento en busca de inspiraci\u00f3n, ideas innovadoras y la oportunidad de descubrir nuevos talentos en la industria.<\/p>\n<p>Desde 1999, <strong>ESTILO PILAR <\/strong>es una plataforma para promover la arquitectura, el dise\u00f1o interior y exterior, el arte y el paisajismo, satisfaciendo las necesidades de las personas que se alejaron de la ciudad para instalarse en las afueras en busca de una vida con mayor contacto con la naturaleza.<\/p>\n<p>Asimismo, <strong>ESTILO PILAR<\/strong> es una excelente opci\u00f3n tanto para los amantes de la decoraci\u00f3n, el arte y el paisajismo como para los que quieran disfrutar de un maravilloso paseo.<\/p>\n<p>Para m\u00e1s informaci\u00f3n, info@amigosdelpilar.org.ar \/\/ whatsapp <span style=\"font-weight: 400;\"> 11 5957-5032<\/span><\/p>\n<p><strong>INFORMACION \u00daTIL<\/strong><\/p>\n<p><strong>Fecha<\/strong>: Del 12 de octubre al 5 de noviembre de 2023<\/p>\n<p><strong>D\u00edas y horarios: <\/strong>de Jueves a Domingos de 12 a 20 hs. Lunes, martes y mi\u00e9rcoles: CERRADO.<\/p>\n<p><strong>Valor de las entradas:<br \/>\n<\/strong>Entradas generales: $3500 (incluye estacionamiento + participaci\u00f3n en sorteos)<br \/>\nJueves 2&#215;1 $ 3500<br \/>\nJubilados y matriculados UADE, USAL, AUSTRAL $ 2800<br \/>\nGrupo de m\u00e1s de 10 personas: $ 2800<br \/>\nMenores de 15 a\u00f1os, gratis.<\/p>\n<p><strong>Lugar<\/strong>: \u00a0Pilar\u00e1, ubicado en el kil\u00f3metro 56,5 de la Panamericana.<\/p>\n<p>La muestra es <strong>Pet Friendly\u00a0<\/strong><\/p>\n<p><strong> Contacto Estilo Pilar<\/strong><br \/>\n<a href=\"https:\/\/www.facebook.com\/estilopilar\">https:\/\/www.facebook.com\/estilopilar<\/a><br \/>\n<a href=\"https:\/\/www.instagram.com\/estilopilar\/\"> https:\/\/www.instagram.com\/estilopilar\/<\/a><br \/>\n<a href=\"http:\/\/www.estilopilar.com.ar\/\">http:\/\/www.estilopilar.com.ar\/<\/a><br \/>\nWhatsapp 11 5957-5032<\/p>\n<p><strong> Sobre de Amigos del Pilar<\/strong><\/p>\n<p>Como todos los a\u00f1os anteriores,<strong> Estilo Pilar<\/strong> es organizado por <strong>Amigos del Pilar<\/strong>, una Asociaci\u00f3n Civil que surgi\u00f3 de la inquietud de un grupo de mujeres con esp\u00edritu solidario que deseaban colaborar y comprometerse con su comunidad. Desde el a\u00f1o 1996 trabajan en el partido de Pilar con la misi\u00f3n de brindar ayuda a ni\u00f1os de escasos recursos en materia de salud odontol\u00f3gica: \u201cUn Pilar con atenci\u00f3n digna para aquellos de bajos recursos\u201d.<br \/>\nPara llevar a cabo esta tarea, en el a\u00f1o 2004 crearon los consultorios odontol\u00f3gicos propios, que funcionaron ininterrumpidamente hasta Octubre del 2014. A partir del 1 de Octubre de ese a\u00f1o iniciaron un nuevo camino. Formularon un nuevo sistema de becas que hace posible que tanto antiguos pacientes, como aquellos nuevos que soliciten atenci\u00f3n, puedan ser atendidos con la financiaci\u00f3n de <strong> Amigos del Pilar<\/strong>.<br \/>\nEste nuevo proyecto es posible tambi\u00e9n gracias a la ayuda de profesionales solidarios que comprenden la tarea y est\u00e1n involucrados con la obra de la fundaci\u00f3n.<br \/>\nDurante la cuarentena, despu\u00e9s de un per\u00edodo de casi un mes en el que los consultorios debieron permanecer cerrados, se atendieron \u00fanicamente urgencias. Actualmente la atenci\u00f3n es con turnos programados.<\/p>\n<p><strong>AMIGOS DEL PILAR<\/strong> es una asociaci\u00f3n civil sin fines de lucro que destina la totalidad de lo recaudado a trav\u00e9s de <strong>ESTILO PILAR<\/strong> para brindar atenci\u00f3n odontol\u00f3gica calificada y gratuita a ni\u00f1os de escasos recursos en el partido de Pilar. Desde 2004 hasta agosto de 2023, han atendido a 74,377 ni\u00f1os y brindado 232,526 prestaciones odontol\u00f3gicas. Gracias a este evento, han logrado inaugurar consultorios odontol\u00f3gicos inclusivos para ni\u00f1os con capacidades diferentes.<br \/>\nDesde el a\u00f1o 2004 hasta mayo de 2021 fueron atendidos 72.793 ni\u00f1os de entre 3 y 12 a\u00f1os y se brindaron 219.295 prestaciones odontol\u00f3gicas.<br \/>\nDe esta manera, en 2019 inauguraron los consultorios odontol\u00f3gicos inclusivos en el Centro de Rehabilitaci\u00f3n Pilares de Esperanza, los mismos fueron construidos y equipados por Amigos del Pilar con lo recaudado en las \u00faltimas ediciones de Estilo Pilar. Son dos consultorios con sala de espera equipados con el sill\u00f3n, instrumental y equipo de rayos X. Las odont\u00f3logas que atienden en ese espacio est\u00e1n especializadas en la atenci\u00f3n de ni\u00f1os con capacidades diferentes.<\/p>\n<p>Para m\u00e1s informaci\u00f3n ingresar a <a href=\"http:\/\/www.amigosdelpilar.org.ar\/\">http:\/\/www.amigosdelpilar.org.ar\/<\/a><\/p>\n<p><strong><em>Por otras im\u00e1genes, audios o entrevistas no dude en contactarse<\/em><\/strong><\/p>\n<p>Toda la informaci\u00f3n en <a href=\"http:\/\/www.quasarcomunicacion.com.ar\/web\/estilopilar2023\">www.quasarcomunicacion.com.ar\/web\/estilopilar2023<\/a><\/p>\n<p><strong><em> Contactos de Prensa<\/em><\/strong><\/p>\n<table width=\"100%\">\n<tbody>\n<tr>\n<td width=\"50%\"><strong> Candela Villanueva &#8211; Asistente de Cuentas<\/p>\n<p><\/strong> <b> Directo<\/b><strong>: <\/strong> 0230-4664772<br \/>\n<b> Skype:<\/b> quasarcomunicacion<br \/>\n<b> Instagram<\/b>: @quasarcomunicacion<br \/>\n<b> Twitter:<\/b> @quasarpilar<br \/>\n<b> Gr<\/b><b>upo y p\u00e1gina en Facebook: <\/b> www.facebook.com\/QuasarComunicacion<br \/>\n<b> Web:<\/b> www.quasarcomunicacion.com.ar<\/p>\n<p><b> Mail<\/b><strong>:<\/strong> candela@quasarcomunicacion.com.ar<\/td>\n<td width=\"50%\"><strong> Lic. Mar\u00eda Fernanda Ipata &#8211; Directora<br \/>\n<\/strong> <b><br \/>\n<\/b> <b> M\u00f3vil:<\/b> 0230-15-4584535<br \/>\n<b> Whatsapp<\/b><b>:<\/b> 11 5312 6795<br \/>\nEnviar whatsapp aqu\u00ed<br \/>\n<b> Skype:<\/b> quasarcomunicacion<br \/>\n<b> LinkedIn<\/b><strong>:\u00a0 <\/strong> <strong> http:\/\/www.linkedin.com\/in\/mfipata<\/strong><br \/>\nhttps:\/\/www.linkedin.com\/company\/quasarcomunicacion<br \/>\n<b> Instagram y Facebook:<\/b> @quasarcomunicacion <b><br \/>\nWeb:<\/b> www.quasarcomunicacion.com.ar<br \/>\n<b> Mail<\/b><strong>:<\/strong> fernanda@quasarcomunicacion.com.ar<br \/>\n<b> Canal de Telegram para acceder a comunicados:<\/b> https:\/\/t.me\/comunicadosQC<br \/>\n<b>Telegram: <\/b> <b> https:\/\/t.me\/quasarcomunicacion<\/b><\/td>\n<\/tr>\n<\/tbody>\n<\/table>\n","protected":false},"excerpt":{"rendered":"<p>\u00a0La 19\u00b0 edici\u00f3n de ESTILO PILAR, la exposici\u00f3n de Arquitectura, Dise\u00f1o de interiores y exteriores, Paisajismo, arte e Industria sigue [&hellip;]<\/p>\n","protected":false},"author":2,"featured_media":12481,"comment_status":"closed","ping_status":"closed","sticky":false,"template":"","format":"standard","meta":[],"categories":[2],"tags":[],"_links":{"self":[{"href":"https:\/\/quasarcomunicacion.com.ar\/web\/wp-json\/wp\/v2\/posts\/12492"}],"collection":[{"href":"https:\/\/quasarcomunicacion.com.ar\/web\/wp-json\/wp\/v2\/posts"}],"about":[{"href":"https:\/\/quasarcomunicacion.com.ar\/web\/wp-json\/wp\/v2\/types\/post"}],"author":[{"embeddable":true,"href":"https:\/\/quasarcomunicacion.com.ar\/web\/wp-json\/wp\/v2\/users\/2"}],"replies":[{"embeddable":true,"href":"https:\/\/quasarcomunicacion.com.ar\/web\/wp-json\/wp\/v2\/comments?post=12492"}],"version-history":[{"count":1,"href":"https:\/\/quasarcomunicacion.com.ar\/web\/wp-json\/wp\/v2\/posts\/12492\/revisions"}],"predecessor-version":[{"id":12493,"href":"https:\/\/quasarcomunicacion.com.ar\/web\/wp-json\/wp\/v2\/posts\/12492\/revisions\/12493"}],"wp:featuredmedia":[{"embeddable":true,"href":"https:\/\/quasarcomunicacion.com.ar\/web\/wp-json\/wp\/v2\/media\/12481"}],"wp:attachment":[{"href":"https:\/\/quasarcomunicacion.com.ar\/web\/wp-json\/wp\/v2\/media?parent=12492"}],"wp:term":[{"taxonomy":"category","embeddable":true,"href":"https:\/\/quasarcomunicacion.com.ar\/web\/wp-json\/wp\/v2\/categories?post=12492"},{"taxonomy":"post_tag","embeddable":true,"href":"https:\/\/quasarcomunicacion.com.ar\/web\/wp-json\/wp\/v2\/tags?post=12492"}],"curies":[{"name":"wp","href":"https:\/\/api.w.org\/{rel}","templated":true}]}}