{"id":12477,"date":"2023-10-24T13:56:29","date_gmt":"2023-10-24T13:56:29","guid":{"rendered":"https:\/\/quasarcomunicacion.com.ar\/web\/?p=12477"},"modified":"2023-10-24T18:42:40","modified_gmt":"2023-10-24T18:42:40","slug":"estilo-pilar-2023-sigue-marcando-tendencia-en-arquitectura-y-diseno-interior","status":"publish","type":"post","link":"https:\/\/quasarcomunicacion.com.ar\/web\/estilo-pilar-2023-sigue-marcando-tendencia-en-arquitectura-y-diseno-interior\/","title":{"rendered":"Estilo Pilar 2023 sigue marcando tendencia en Arquitectura y Dise\u00f1o Interior"},"content":{"rendered":"<p>La <strong>19\u00b0 edici\u00f3n de ESTILO PILAR,<\/strong> la exposici\u00f3n de Arquitectura, Dise\u00f1o de interiores y exteriores, Paisajismo, arte e Industria premi\u00f3 a los mejores espacios de Arquitectura y Dise\u00f1o Interior. La muestra se podr\u00e1 visitar de Jueves a Domingos de 12 a 20 hs (Lunes, martes y mi\u00e9rcoles: CERRADO) hasta el 5 de noviembre en el exclusivo entorno de Pilar\u00e1, ubicado en el kil\u00f3metro 56,5 de la Panamericana.<!--more--><\/p>\n<p><a href=\"https:\/\/quasarcomunicacion.com.ar\/web\/estilopilar2023\/\"> M\u00e1s info <\/a>de prensa en \u00a0<a href=\"https:\/\/quasarcomunicacion.com.ar\/web\/estilopilar2023\/\">https:\/\/quasarcomunicacion.com.ar\/web\/estilopilar2023\/<\/a><\/p>\n<p><a href=\"https:\/\/quasarcomunicacion.com.ar\/web\/wp-content\/uploads\/2023\/10\/ganadores-1.gif\"><img class=\"aligncenter\" src=\"https:\/\/quasarcomunicacion.com.ar\/web\/wp-content\/uploads\/2023\/10\/ganadores-1.gif\" \/><\/a><\/p>\n<p>Un prestigioso jurado destac\u00f3 a los mejores en Arquitectura y Dise\u00f1o de interior. El jurado estuvo integrado por Florencia L\u00f3pez Camelo, Directora de la carrera de Arquitectura de la UADE; la Lic. Maria Clara Beit\u00eda, Directora de la Carrera de Artes del Teatro de la Facultad de Arte y Arquitectura de la USAL; el Arq. Marcelo De Simone, Director de la Carrera de Arquitectura de la Facultad de Arte y Arquitectura de la USAL y el Arq. Iv\u00e1n Robredo.<\/p>\n<p>El <strong>1er Premio ESTILO PILAR 2023 <\/strong>\u00a0fue para el Resto \/ Espacio Bar \u2013 Elements de Marcela Parrado. El jurado destac\u00f3 la econom\u00eda de metros, el manejo de umbrales como gradientes espaciales entre la fusi\u00f3n interior exterior pre existente, el proyecto de transformaci\u00f3n del edificio preexistente y los detalles constructivos, tama\u00f1os y paletas de materiales y colores.<\/p>\n<p>La <strong>Menci\u00f3n ESTILO PILAR 2023<\/strong> fue para la Suite y Matera de un Polista de Estudio Pet destacando criterios est\u00e9ticos y equilibrios crom\u00e1ticos, calidad en la selecci\u00f3n de objetos, terminaciones en los espacios interiores y detalle constructivo y articulaci\u00f3n espacial interior.<\/p>\n<p>Por su parte, la <strong> Menci\u00f3n Especial ESTILO PILAR 2023<\/strong><br \/>\npor acompa\u00f1ar la trayectoria de Estilo Pilar 2023 fue para Susana Piazza y Marcela Rener.<\/p>\n<p>Los sponsors oficiales de <strong>Estilo Pilar<\/strong> premiaron a los siguientes espacios:<\/p>\n<p><strong>Egger<\/strong> entreg\u00f3 una menci\u00f3n a la mejor aplicaci\u00f3n de producto la espacio Monoambiente de una arquitecta de Luciana Rellan.<\/p>\n<p><strong>Cer\u00e1mica Alberdi <\/strong>premi\u00f3 al Mejor dise\u00f1o y presencia de producto al Resto \/ Espacio Bar \u2013 Elements de Marcela Parrado y una menci\u00f3n a La cocinera y el carpintero de Marcela Rodr\u00edguez Barrena + Familia Etchaide.<\/p>\n<p><strong>Longvie<\/strong> destac\u00f3 el Mejor dise\u00f1o y aplicaci\u00f3n de producto, otorgando esa distinci\u00f3n a la Cocina Laundry y comedor &#8211; ViKa de Fernando Sierra.<\/p>\n<p><strong>Patagonia Flooring<\/strong> design\u00f3 como a la Mejor aplicaci\u00f3n de producto al espacio Casa de Piloto de Hugo Gallego.<\/p>\n<p><strong>Rielamericano<\/strong> premi\u00f3 a la Mejor exhibici\u00f3n de cortinas a<br \/>\nLa cocinera y el carpintero de Marcela Rodr\u00edguez Barrena + Familia Etchaide<\/p>\n<p><strong>Sinteplast<\/strong> entreg\u00f3 el premio al Mejor uso del color de Tendencia Sinteplast Essential Colors 2023\/2024 a La cocinera y el carpintero de Marcela Rodr\u00edguez Barrena + Familia Etchaide.<\/p>\n<p><strong>Toto\/De Stefano <\/strong>destac\u00f3 a la Mejor aplicaci\u00f3n de Pura Smart+ al Monoambiente de una arquitecta de Luciana Rellan; de Pura off\u00a0 a la Cocina Laundry y comedor &#8211; ViKa de Fernando Sierra; de Neolith al Resto \/ Espacio Bar \u2013 Elements de Marcela Parrado; de Piedra Natural a Nuestra Primera casa &#8211; de Johann Deco. Y al Mejor dise\u00f1o de ba\u00f1o (optimizaci\u00f3n del espacio y administraci\u00f3n de recursos) a Tiny House \u2013 Esos Momentos de Laura Astargo y Nora Rotuno.<\/p>\n<p><strong>La descripci\u00f3n de los espacios ganadores<\/strong><\/p>\n<p>El Resto \/ Espacio Bar \u2013 Elements de Marcela Parrado surge del <strong> desaf\u00edo de crear un espacio nuevo a partir de una peque\u00f1a casa de campo, \u00abla idea es en primer es lugar respetar lo agradable y <\/strong> <span style=\"font-weight: 400;\"> diferente existente como un mural y una fachada tratada art\u00edsticamente, cambiar la funcionalidad de los servicios y hacer posible el uso de este espacio para que durante la muestra sea utilizado como espacio gastron\u00f3mico\u00bb, ampl\u00eda su memoria descriptiva.<\/span><\/p>\n<p><a href=\"https:\/\/quasarcomunicacion.com.ar\/web\/wp-content\/uploads\/2023\/10\/restobar.gif\"><img class=\"alignnone\" src=\"https:\/\/quasarcomunicacion.com.ar\/web\/wp-content\/uploads\/2023\/10\/restobar.gif\" \/><\/a><\/p>\n<p><span style=\"font-weight: 400;\"> \u00abAnte una muy buena implantaci\u00f3n, quisimos expandir hacia el exterior nuestro lugar, acentuar la presencia de la naturaleza a trav\u00e9s de los materiales que vamos a utilizar, donde se visualice de forma simb\u00f3lica los cuatro elementos de la misma, tierra a trav\u00e9s de materiales como piedra y madera, la presencia de agua y la representaci\u00f3n del fuego y el aire a trav\u00e9s del uso de la iluminaci\u00f3n. La idea es que, a partir del pasado arraigado a la tierra, donde todo est\u00e1 revestido en una caja de madera, la piedra se expande hacia fuera en una gran barra que atraviesa todo el espacio\u2026 las paredes se desmaterializan cambiando tambi\u00e9n su direcci\u00f3n, mediante planos sueltos que dejan visualizar y dan cobijo a la vez\u00bb, completa.<\/span><\/p>\n<p>Por su parte, la <strong>Suite y Matera de un Polista de Estudio Pet<\/strong> se trata de espacios pensados como refugio local en temporada para un polista internacional de alto h\u00e1ndicap.<\/p>\n<p>El espacio est\u00e1 <span style=\"font-weight: 400;\"> compuesto por una SUITE: comodidad, espacios de relax, materiales nobles y un gui\u00f1o muy sutil al polo, con mucha actitud.<\/span><\/p>\n<p><span style=\"font-weight: 400;\"> El complemento es otro ambiente, una MATERA: moderna, casi un living, donde relajar con amigos durante la temporada y con todas las comodidades para guardar sus equipos y materiales. Un sector con m\u00fasica, sillones individuales y rinc\u00f3n de lectura, fuego, un bar.<\/span><\/p>\n<p><a href=\"https:\/\/quasarcomunicacion.com.ar\/web\/wp-content\/uploads\/2023\/10\/matera.gif\"><img class=\"alignnone\" src=\"https:\/\/quasarcomunicacion.com.ar\/web\/wp-content\/uploads\/2023\/10\/matera.gif\" \/><\/a><br \/>\n<span style=\"font-weight: 400;\"> Los dos espacios est\u00e1n vinculados por un pasillo luminoso que usamos como transici\u00f3n. Por \u00faltimo, un espacio outdoor sobrio, con un equipamiento que acent\u00faa la comodidad y funcionalidad, para completar la propuesta.<\/span><\/p>\n<p><span style=\"font-weight: 400;\"> Estos\u00a0 espacios fueron pensados en b\u00fasqueda del contraste, como la contracara y equilibrio de la rusticidad del campo, para terminar un d\u00eda duro de Polo en el confort de un espacio sofisticado.<\/span><\/p>\n<p>Tambi\u00e9n se premi\u00f3 al<strong> Monoambiente de una arquitecta de Luciana Rellan. <\/strong>En este espacio, el m\u00f3dulo a construir se desarroll\u00f3 de forma tal que permite el perfecto ajuste entre las necesidades program\u00e1ticas y las caracter\u00edsticas naturales del terreno. Se definieron 2 \u00e1reas bien marcadas en el interior para este cliente: un \u00e1rea de descanso y otra +area de trabajo y se tuvo como premisa a la hora de dise\u00f1ar, la funcionalidad del espacio por sus acotadas dimensiones.<\/p>\n<p><a href=\"https:\/\/quasarcomunicacion.com.ar\/web\/wp-content\/uploads\/2023\/10\/monoambientearq.gif\"><img class=\"alignnone\" src=\"https:\/\/quasarcomunicacion.com.ar\/web\/wp-content\/uploads\/2023\/10\/monoambientearq.gif\" \/><\/a><\/p>\n<p>\u00abSe determinaron algunas caracter\u00edsticas de la usuaria tales como: profesional independiente, soltera, de unos 30\/35 a\u00f1os.Muy activa a nivel laboral, se encuentra desarrollando su propio estudio de arquitectura y dise\u00f1o interior, por lo que se encuentra al tanto de las ultimas tendencias en dise\u00f1o las cuales vuelca en sus diferentes trabajos con sus clientes como as\u00ed tambi\u00e9n en su propio espacio en el cual vive y disfruta\u00bb, dice la memoria descriptiva.<\/p>\n<p>Otro espacio premiado fue el de <strong>La cocinera y el carpintero de Marcela Rodr\u00edguez Barrena + Familia Etchaide. <\/strong><\/p>\n<p>\u00ab<span style=\"font-weight: 400;\">Desde los oficios ancestrales de los indios y criollos que habitaban nuestro pa\u00eds, surgi\u00f3 nuestro dise\u00f1o. Una imagen de \u00c9bano y Marfil en Alpargatas\u00bb, relata la memoria descriptiva.\u00a0\u00a0<\/span><\/p>\n<p><a href=\"https:\/\/quasarcomunicacion.com.ar\/web\/wp-content\/uploads\/2023\/10\/cocina.gif\"><img class=\"alignnone\" src=\"https:\/\/quasarcomunicacion.com.ar\/web\/wp-content\/uploads\/2023\/10\/cocina.gif\" \/><\/a><\/p>\n<p><span style=\"font-weight: 400;\"> Las estructuras de todos los muebles son acu\u00f1adas a la antigua y no se usaron ni clavos ni tornillos. Se us\u00f3 madera de Laurel. Un \u00e1rbol noble y perfumado que despu\u00e9s se lustr\u00f3 a mu\u00f1eca para darle tinte negro.\u00a0 El cuero de vaca sobado a mano se termina con laca y eso hace que tenga un muy buen uso diario.\u00a0<\/span><\/p>\n<p><span style=\"font-weight: 400;\"> \u00a0\u00abCompletamos el espacio con cuadros de Denise Tapella y un poncho de telar antiguo, para darle presencia a los criollos y a los ind\u00edgenas de nuestras culturas originarias\u00bb, agregan.\u00a0\u00a0<\/span><\/p>\n<p><span style=\"font-weight: 400;\"> Una alfombra de Mar\u00eda M\u00e1iquez y las cortinas de Taupe se eligieron siguiendo la imagen natural del ambiente, como as\u00ed tambi\u00e9n las esculturas lum\u00ednicas de Marisa Frigerio realizadas en papel de seda te\u00f1ido con t\u00e9.\u00a0<\/span><\/p>\n<p><span style=\"font-weight: 400;\"> Algo para detenerse a observar es la caja cuchillera con parte de los cuchillos de la colecci\u00f3n de Luis Nipoti.\u00a0 Cada cuchillo est\u00e1 hecho a mano y las hojas son de antiguas tijeras de tusar inglesas.\u00a0\u00a0<\/span><\/p>\n<p>Tambi\u00e9n se premi\u00f3 a la Cocina Laundry y comedor &#8211; ViKa de Fernando Sierra.<\/p>\n<p>\u00ab<span style=\"font-weight: 400;\">Nuestra propuesta para Estilo Pilar 2023 pretende lograr un correcto equilibrio entre modernidad y tradici\u00f3n. Esta cocina interpreta un proyecto articulado, realizando una arquitectura racional, confortabl<\/span><span style=\"font-weight: 400;\">e<\/span><span style=\"font-weight: 400;\">, y un ambiente extremadamente vivible, en donde se renueva cada d\u00eda el rito de estar juntos. Frentes vidriados, la calidez de la madera natural de petirib\u00ed y un color verde elegido especialmente para este proyecto, definen un espacio sofisticado e innovador. Los amplios ventanales generan una perfecta continuidad visual con el exterior, permitiendo de esta manera el disfrute de un entorno natural y agreste. La isla, punto focal del proyecto, crea una divisi\u00f3n visible pero discreta entre la zona operativa y el comedor diario. Muebles auxiliares, despensas y un importante colgador sobre la isla, aportan el equipamiento necesario para completar el espacio\u00bb, describen en la memoria presentada.<\/span><\/p>\n<p><strong>Nuestra Primera casa &#8211; de Johann Deco<\/strong> recibi\u00f3 una distinci\u00f3n. \u00ab<span style=\"font-weight: 400;\">En el marco de la edici\u00f3n Pilar\u00e1 de Estilo Pilar, Johann plantea para &#8216;Nuestra primera casa&#8217; un espacio en el que la casa conecte con su entorno. Se pens\u00f3 en una casa para una mujer de 30-40 a\u00f1os que busca estar en un entorno tranquilo, pero relacionada a un estilo de vida en constante movimiento. Es una decoraci\u00f3n moderna pero a la vez atemporal, que puede ser adue\u00f1ada por quien lo habita\u00bb, anticipan los dise\u00f1adores.<\/span><\/p>\n<p><a href=\"https:\/\/quasarcomunicacion.com.ar\/web\/wp-content\/uploads\/2023\/10\/johann.gif\"><img class=\"alignnone\" src=\"https:\/\/quasarcomunicacion.com.ar\/web\/wp-content\/uploads\/2023\/10\/johann.gif\" \/><\/a><\/p>\n<p><span style=\"font-weight: 400;\"> El interior est\u00e1 formado por una planta baja y un entrepiso. Bajo la premisa de utilizar colores que acompa\u00f1en el exterior y den esa sensaci\u00f3n acogedora de un hogar, pero aggiornado, se eligieron colores que representen la tierra como los verdes, mostazas, marrones, azules y blancos. Se utilizaron pisos americanos de Patagonia Flooring y revestimiento texturado en blanco Mallorca de Sinteplast para la planta baja. El living y la cocina-comedor ubicada en esta planta est\u00e1n pensados para invitar a la reuni\u00f3n, a compartir las diferentes din\u00e1micas del hogar. En el living se busca impactar con un objeto en color verde y suavizar las formas colocando muebles ovalados como la mesa de centro y un sof\u00e1 modular. Se busca acompa\u00f1ar esa sala con iluminaci\u00f3n c\u00e1lida que acompa\u00f1e esa sensaci\u00f3n acogedora que da el espacio. Por otro lado, se trata que la cocina-comedor est\u00e9 conectada al movimiento del living. La cocina con mesada, bacha integrada y revestimiento en m\u00e1rmol Patagonia Golden en terminaci\u00f3n leather sube hasta la pared del cuarto ubicado en el entrepiso. La mesa de la cocina contar\u00e1 con anafe y horno el\u00e9ctrico Longvie ambos en grafito encastrable y grifer\u00eda Toto monocomando alta. El mueble bajo mesada acompa\u00f1ar\u00e1 a tono los materiales con placa Negra de Egger.<\/span><\/p>\n<p><span style=\"font-weight: 400;\"> El comedor, m\u00e1s atemporal y cl\u00e1sico, contar\u00e1 con mesa de madera, sillas de rattan y sill\u00f3n para compartir. El ambiente de la planta baja estar\u00e1 iluminado en su doble altura con l\u00e1mparas de decoraci\u00f3n que bajen desde el techo y spots Grupo Vonderkam a media altura desde las paredes y piso que enfaticen espacios concretos. A su vez, el bajo entrepiso contar\u00e1 con una l\u00e1mpara de decoraci\u00f3n sobre la mesa del comedor y riel con spots sobre mesa de la cocina.<\/span><\/p>\n<p><span style=\"font-weight: 400;\"> Se pens\u00f3 en guiar la mirada de quien entra a la casa con una obra de arte que impacte en la pared y suba al techo terminando en el entrepiso.<\/span><\/p>\n<p><span style=\"font-weight: 400;\"> El entrepiso est\u00e1 pensado para un cuarto donde se pueda leer, relajar y descansar combinando texturas en paredes color verde Jade de Sinteplast y el revestimiento en m\u00e1rmol Patagonia Golden y bajo el cobijo de un sill\u00f3n individual color mostaza acompa\u00f1ado por una l\u00e1mpara de pie y rematando con una biblioteca en placa Textil beige de Egger que seguir\u00e1 acentuando el contraste del ambiente, ilumin\u00e1ndose con tiras led y spots locales.<\/span><\/p>\n<p><span style=\"font-weight: 400;\"> La casa va a estar rodeada por un deck Fusion Vintage Grey de Patagonia y pintada de color negro para acentuar la modernidad que queremos no dejar de lado. Rodeada con iluminaci\u00f3n circular en paredes y spots con pinches sobre el parque acompa\u00f1aremos los espacios con un paisajismo para disfrutar el hogar. Romero, or\u00e9gano, gram\u00edneas y salvias har\u00e1n de marco en los espacios exteriores pensados para generar uni\u00f3n, almuerzos al aire libre con una gran mesa de comedor y un living exterior con mesa ratona y sillones para invitar a la reuni\u00f3n con amigos.<\/span><\/p>\n<p>Y por \u00faltimo el espacio\u00a0 <strong>Tiny House \u2013 Esos Momentos de Laura Astargo y Nora Rotuno<\/strong> que ofrecen un <span style=\"font-weight: 400;\"> di\u00e1logo entre lo aut\u00f3ctono-tradicional-moderno, y campo-ciudad. \u00abUn lugar donde campo y ciudad dialoguen y se potencien. As\u00ed es que proyectamos este dormitorio imaginando un hu\u00e9sped que busca desconectarse de los trajines urbanos para poder conectar con la naturaleza, la familia, los amigos&#8230; un hu\u00e9sped que disfrute de \u00abesos momentos\u00bb que le ofrece la vida. La elecci\u00f3n de la paleta de colores, acabados, formas, materialidades, utilizando maderas y cuero como protagonistas, y apelando a muebles bajos, que impactan positivamente en el sentido de la relajaci\u00f3n buscada, surgen de imaginar a un hu\u00e9sped que disfruta de lo aut\u00f3ctono, pero sin dejar de lado la sofisticaci\u00f3n y las comodidades a la que estamos acostumbrados quienes vivimos en la ciudad\u00bb.<\/span><\/p>\n<p><a href=\"https:\/\/quasarcomunicacion.com.ar\/web\/wp-content\/uploads\/2023\/10\/tinyhouse.gif\"><img class=\"alignnone\" src=\"https:\/\/quasarcomunicacion.com.ar\/web\/wp-content\/uploads\/2023\/10\/tinyhouse.gif\" \/><\/a><\/p>\n<p><span style=\"font-weight: 400;\"> Y agregan, \u00abpensamos en un espacio confortable, acogedor, org\u00e1nico, donde pasar buenos momentos, calmar los sentidos y disfrutar de los lazos afectivos. Un espacio elegante y sofisticado, donde se refleje la pasi\u00f3n por la vida. Un espacio ecl\u00e9ctico donde se conjugan lo moderno, reflejado en acabados suaves, lisos, pulidos, sin ser brillantes, con lo natural de las formas org\u00e1nicas y los materiales utilizados en los muebles, cuya fabricaci\u00f3n revaloriza el trabajo artesanal. Esa fue una de nuestras premisas: valorar la labor artesanal de emprendedores, sin recurrir a grandes producciones\u00bb dice su memoria descriptiva\u00bb.<\/span><\/p>\n<p><strong> Acerca de Estilo Pilar<\/strong><\/p>\n<p>Como en cada edici\u00f3n, la muestra es organizada por la Asociaci\u00f3n sin fines de lucro <strong> AMIGOS DEL PILAR<\/strong>, y todo lo recaudado en el evento se destinar\u00e1 a dar atenci\u00f3n odontol\u00f3gica calificada y gratuita a ni\u00f1os de escasos recursos del partido de Pilar.<\/p>\n<p>Este a\u00f1o la novedad es la presentaci\u00f3n de <strong>Estilo ART<\/strong>, una nueva exposici\u00f3n con la mirada puesta en el futuro del arte con m\u00e1s de 20 pintores seleccionados y adem\u00e1s se destacan las esculturas en todo el recorrido.<\/p>\n<p>Tambi\u00e9n se incorpora un espacio de realidad virtual para que el visitante pueda experimentar y conocer los adelantos de la tecnolog\u00eda; adem\u00e1s una granja con animales para los ni\u00f1os; una plaza de juegos; charlas sobre diversos temas en el auditorio.<\/p>\n<p>La muestra es <strong>Pet Friendly\u00a0<\/strong><\/p>\n<p><strong>Estilo Pilar<\/strong>, la exposici\u00f3n m\u00e1s destacada de dise\u00f1o, arte y paisajismo de Argentina, regresa este a\u00f1o con su 19\u00b0 edici\u00f3n, prometiendo una experiencia inolvidable para los amantes del buen gusto y la creatividad.<\/p>\n<p>Lo hace este a\u00f1o con el leit motiv RAICES: en esta renovada edici\u00f3n de <strong>Estilo Pilar<\/strong>, los l\u00edmites entre la ciudad y el campo se desvanecen, fusionando las caracter\u00edsticas de ambos entornos. Bajo el lema \u00abRAICES\u00bb, el visitante se sumergir\u00e1 en un escenario donde convergen la belleza de la vida org\u00e1nica y la excelencia del dise\u00f1o y confort modernos. Inspirada en nuestras ra\u00edces aut\u00f3ctonas, la muestra despertar\u00e1 nuevas sensaciones, ofreciendo una experiencia ecl\u00e9ctica y transformadora para todos aquellos que decidan explorarla.<\/p>\n<p>La muestra abrir\u00e1 al p\u00fablico hasta el 5 de noviembre, de jueves a domingo (excepto el domingo 22 por Elecciones), los visitantes podr\u00e1n disfrutar de m\u00e1s de 100 espacios dedicados al dise\u00f1o y el paisajismo, workshops, un amplio sector de compras, una variada oferta gastron\u00f3mica y una serie de atracciones especiales.<\/p>\n<p>Adem\u00e1s, los m\u00e1s peque\u00f1os podr\u00e1n interactuar con animales en el sector granja y se podr\u00e1 disfrutar de shows en vivo que har\u00e1n de la visita una experiencia \u00fanica e inolvidable.<\/p>\n<p>Entre los espacios de decoraci\u00f3n se destaca un coworking, la casa de un golfista, la casa de un polista, un monoambiente de un arquitecto, un lodge, el espacio de un piloto, entre otros. Adem\u00e1s muralistas que le dar\u00e1n color y brillo a la muestra.<\/p>\n<p>Adem\u00e1s, <strong>Estilo Pilar<\/strong> cuenta con un paseo de compras donde los visitantes podr\u00e1n descubrir las \u00faltimas tendencias del dise\u00f1o y adquirir objetos \u00fanicos para llevar un pedacito de <strong>Estilo Pilar<\/strong> a sus hogares. M\u00e1s de siete paisajistas expertos estar\u00e1n presentes para ofrecer consejos y guiar a los asistentes en la creaci\u00f3n de espacios armoniosos y llenos de estilo.<\/p>\n<p>Este a\u00f1o la C\u00e1mara de la Madera (CADAMDA) presentar\u00e1 cuatro unidades modelos de madera y la empresa Corasa aportar\u00e1 10 containers mar\u00edtimos que conjugar\u00e1n lo industrial y lo tradicional con lo reciclado. Ambas propuestas constituir\u00e1n parte de la infraestructura que intervendr\u00e1n los dise\u00f1adores.<\/p>\n<p>Este a\u00f1o son Sponsors Oficiales de <strong>Estilo Pilar<\/strong>: Rielamericano, Longvie, Cer\u00e1mica Alberdi, Patagonia Flooring, Sinteplast, Toto, De Stefano, Grupo Vonderk, Egger, Corasa y la C\u00e1mara de la Madera (CADAMDA). Adem\u00e1s, Sponsors de Obra: Telecom, Durlock, Tecnoperfiles, Arquiplast, Bloque Uno, Cassaforma, Modufox, Prohygiene, Aukot, Gu herrajes, XRS, Control Total de Plagas, Ecoterra e Ingarden.<\/p>\n<p><a href=\"https:\/\/quasarcomunicacion.com.ar\/web\/wp-content\/uploads\/2023\/10\/estilopilar23.gif\"><img class=\"alignnone\" src=\"https:\/\/quasarcomunicacion.com.ar\/web\/wp-content\/uploads\/2023\/10\/estilopilar23.gif\" \/><\/a><\/p>\n<p>Adem\u00e1s, la valiosa participaci\u00f3n de las siguientes instituciones: Universidad del Salvador (USAL), Universidad Austral, Universidad Argentina de la Empresa (UADE) y Municipalidad de Pilar. Asimismo, las revistas Country Magazine, D&amp;D, Espacio &amp; Confort, Magenta y Arte Online participar\u00e1n como Media Partners del evento.<\/p>\n<p>Este evento no s\u00f3lo busca ofrecer una experiencia inigualable, sino que tambi\u00e9n tiene un fin solidario. <strong>Estilo Pilar 2023 <\/strong>ser\u00e1 a beneficio de la <strong>Asociaci\u00f3n Amigos del Pilar<\/strong>, cuyo objetivo es continuar acompa\u00f1ando a los ni\u00f1os m\u00e1s necesitados en la atenci\u00f3n odontol\u00f3gica de calidad.<\/p>\n<p><strong>AMIGOS DEL PILAR<\/strong> es una asociaci\u00f3n civil sin fines de lucro que destina la totalidad de lo recaudado a trav\u00e9s de <strong>ESTILO PILAR<\/strong> para brindar atenci\u00f3n odontol\u00f3gica calificada y gratuita a ni\u00f1os de escasos recursos en el partido de Pilar. Desde 2004 hasta agosto de 2023, han atendido a 74,377 ni\u00f1os y brindado 232,526 prestaciones odontol\u00f3gicas. Gracias a este evento, han logrado inaugurar consultorios odontol\u00f3gicos inclusivos para ni\u00f1os con capacidades diferentes.<\/p>\n<p>Con m\u00e1s de 18 ediciones exitosas, <strong>Estilo Pilar <\/strong>se convirti\u00f3 en un referente en el mundo del dise\u00f1o, el arte y el paisajismo. Cada a\u00f1o, miles de personas acuden a este evento en busca de inspiraci\u00f3n, ideas innovadoras y la oportunidad de descubrir nuevos talentos en la industria.<\/p>\n<p>Desde 1999, <strong>ESTILO PILAR <\/strong>es una plataforma para promover la arquitectura, el dise\u00f1o interior y exterior, el arte y el paisajismo, satisfaciendo las necesidades de las personas que se alejaron de la ciudad para instalarse en las afueras en busca de una vida con mayor contacto con la naturaleza.<\/p>\n<p>Asimismo, <strong>ESTILO PILAR<\/strong> es una excelente opci\u00f3n tanto para los amantes de la decoraci\u00f3n, el arte y el paisajismo como para los que quieran disfrutar de un maravilloso paseo.<\/p>\n<p>Para m\u00e1s informaci\u00f3n, info@amigosdelpilar.org.ar \/\/ whatsapp <span style=\"font-weight: 400;\"> 11 5957-5032<\/span><\/p>\n<p><a href=\"https:\/\/quasarcomunicacion.com.ar\/web\/wp-content\/uploads\/2023\/08\/logoestilo2023.gif\"><img class=\"alignnone\" src=\"https:\/\/quasarcomunicacion.com.ar\/web\/wp-content\/uploads\/2023\/08\/logoestilo2023.gif\" \/><\/a><\/p>\n<p><strong>INFORMACION \u00daTIL<\/strong><\/p>\n<p><strong>Fecha<\/strong>: Del 12 de octubre al 5 de noviembre de 2023<\/p>\n<p><strong>D\u00edas y horarios: <\/strong>de Jueves a Domingos de 12 a 20 hs. Lunes, martes y mi\u00e9rcoles: CERRADO.<\/p>\n<p><strong>Valor de las entradas:<br \/>\n<\/strong>Entradas generales: $3500 (incluye estacionamiento + participaci\u00f3n en sorteos)<br \/>\nJueves 2&#215;1 $ 3500<br \/>\nJubilados y matriculados UADE, USAL, AUSTRAL $ 2800<br \/>\nGrupo de m\u00e1s de 10 personas: $ 2800<br \/>\nMenores de 15 a\u00f1os, gratis.<\/p>\n<p><strong>Lugar<\/strong>: \u00a0Pilar\u00e1, ubicado en el kil\u00f3metro 56,5 de la Panamericana.<\/p>\n<p>La muestra es <strong>Pet Friendly\u00a0<\/strong><\/p>\n<p><strong> Contacto Estilo Pilar<\/strong><br \/>\n<a href=\"https:\/\/www.facebook.com\/estilopilar\">https:\/\/www.facebook.com\/estilopilar<\/a><br \/>\n<a href=\"https:\/\/www.instagram.com\/estilopilar\/\"> https:\/\/www.instagram.com\/estilopilar\/<\/a><br \/>\n<a href=\"http:\/\/www.estilopilar.com.ar\/\">http:\/\/www.estilopilar.com.ar\/<\/a><br \/>\nWhatsapp 11 5957-5032<\/p>\n<p><a href=\"https:\/\/quasarcomunicacion.com.ar\/web\/wp-content\/uploads\/2023\/07\/logoamigosdelpilar.gif\"><img class=\"alignnone\" src=\"https:\/\/quasarcomunicacion.com.ar\/web\/wp-content\/uploads\/2023\/07\/logoamigosdelpilar.gif\" \/><\/a><br \/>\n<strong> Sobre de Amigos del Pilar<\/strong><\/p>\n<p>Como todos los a\u00f1os anteriores,<strong> Estilo Pilar<\/strong> es organizado por <strong>Amigos del Pilar<\/strong>, una Asociaci\u00f3n Civil que surgi\u00f3 de la inquietud de un grupo de mujeres con esp\u00edritu solidario que deseaban colaborar y comprometerse con su comunidad. Desde el a\u00f1o 1996 trabajan en el partido de Pilar con la misi\u00f3n de brindar ayuda a ni\u00f1os de escasos recursos en materia de salud odontol\u00f3gica: \u201cUn Pilar con atenci\u00f3n digna para aquellos de bajos recursos\u201d.<br \/>\nPara llevar a cabo esta tarea, en el a\u00f1o 2004 crearon los consultorios odontol\u00f3gicos propios, que funcionaron ininterrumpidamente hasta Octubre del 2014. A partir del 1 de Octubre de ese a\u00f1o iniciaron un nuevo camino. Formularon un nuevo sistema de becas que hace posible que tanto antiguos pacientes, como aquellos nuevos que soliciten atenci\u00f3n, puedan ser atendidos con la financiaci\u00f3n de <strong> Amigos del Pilar<\/strong>.<br \/>\nEste nuevo proyecto es posible tambi\u00e9n gracias a la ayuda de profesionales solidarios que comprenden la tarea y est\u00e1n involucrados con la obra de la fundaci\u00f3n.<br \/>\nDurante la cuarentena, despu\u00e9s de un per\u00edodo de casi un mes en el que los consultorios debieron permanecer cerrados, se atendieron \u00fanicamente urgencias. Actualmente la atenci\u00f3n es con turnos programados.<\/p>\n<p><strong>AMIGOS DEL PILAR<\/strong> es una asociaci\u00f3n civil sin fines de lucro que destina la totalidad de lo recaudado a trav\u00e9s de <strong>ESTILO PILAR<\/strong> para brindar atenci\u00f3n odontol\u00f3gica calificada y gratuita a ni\u00f1os de escasos recursos en el partido de Pilar. Desde 2004 hasta agosto de 2023, han atendido a 74,377 ni\u00f1os y brindado 232,526 prestaciones odontol\u00f3gicas. Gracias a este evento, han logrado inaugurar consultorios odontol\u00f3gicos inclusivos para ni\u00f1os con capacidades diferentes.<br \/>\nDesde el a\u00f1o 2004 hasta mayo de 2021 fueron atendidos 72.793 ni\u00f1os de entre 3 y 12 a\u00f1os y se brindaron 219.295 prestaciones odontol\u00f3gicas.<br \/>\nDe esta manera, en 2019 inauguraron los consultorios odontol\u00f3gicos inclusivos en el Centro de Rehabilitaci\u00f3n Pilares de Esperanza, los mismos fueron construidos y equipados por Amigos del Pilar con lo recaudado en las \u00faltimas ediciones de Estilo Pilar. Son dos consultorios con sala de espera equipados con el sill\u00f3n, instrumental y equipo de rayos X. Las odont\u00f3logas que atienden en ese espacio est\u00e1n especializadas en la atenci\u00f3n de ni\u00f1os con capacidades diferentes.<\/p>\n<p>Para m\u00e1s informaci\u00f3n ingresar a <a href=\"http:\/\/www.amigosdelpilar.org.ar\/\">http:\/\/www.amigosdelpilar.org.ar\/<\/a><\/p>\n<p><strong><em>Por otras im\u00e1genes, audios o entrevistas no dude en contactarse<\/em><\/strong><\/p>\n<p>Toda la informaci\u00f3n en <a href=\"http:\/\/www.quasarcomunicacion.com.ar\/web\/estilopilar2023\">www.quasarcomunicacion.com.ar\/web\/estilopilar2023<\/a><\/p>\n<p><strong><em> Contactos de Prensa<\/em><\/strong><\/p>\n<table width=\"100%\">\n<tbody>\n<tr>\n<td width=\"50%\"><strong> Candela Villanueva &#8211; Asistente de Cuentas<\/strong><\/p>\n<p><b> Directo<\/b><strong>: <\/strong> 0230-4664772<br \/>\n<b> Skype:<\/b> quasarcomunicacion<br \/>\n<b> Instagram<\/b>: @quasarcomunicacion<br \/>\n<b> Twitter:<\/b> @quasarpilar<br \/>\n<b> Gr<\/b><b>upo y p\u00e1gina en Facebook: <\/b> www.facebook.com\/QuasarComunicacion<br \/>\n<b> Web:<\/b> www.quasarcomunicacion.com.ar<\/p>\n<p><b> Mail<\/b><strong>:<\/strong> candela@quasarcomunicacion.com.ar<\/td>\n<td width=\"50%\"><strong> Lic. Mar\u00eda Fernanda Ipata &#8211; Directora<br \/>\n<\/strong> <b><br \/>\n<\/b> <b> M\u00f3vil:<\/b> 0230-15-4584535<br \/>\n<b> Whatsapp<\/b><b>:<\/b> 11 5312 6795<br \/>\nEnviar whatsapp aqu\u00ed<br \/>\n<b> Skype:<\/b> quasarcomunicacion<br \/>\n<b> LinkedIn<\/b><strong>:\u00a0 <\/strong> <strong> http:\/\/www.linkedin.com\/in\/mfipata<\/strong><br \/>\nhttps:\/\/www.linkedin.com\/company\/quasarcomunicacion<br \/>\n<b> Instagram y Facebook:<\/b> @quasarcomunicacion <b><br \/>\nWeb:<\/b> www.quasarcomunicacion.com.ar<br \/>\n<b> Mail<\/b><strong>:<\/strong> fernanda@quasarcomunicacion.com.ar<br \/>\n<b> Canal de Telegram para acceder a comunicados:<\/b> https:\/\/t.me\/comunicadosQC<br \/>\n<b>Telegram: <\/b> <b> https:\/\/t.me\/quasarcomunicacion<\/b><\/td>\n<\/tr>\n<\/tbody>\n<\/table>\n","protected":false},"excerpt":{"rendered":"<p>La 19\u00b0 edici\u00f3n de ESTILO PILAR, la exposici\u00f3n de Arquitectura, Dise\u00f1o de interiores y exteriores, Paisajismo, arte e Industria premi\u00f3 [&hellip;]<\/p>\n","protected":false},"author":2,"featured_media":12474,"comment_status":"closed","ping_status":"closed","sticky":false,"template":"","format":"standard","meta":[],"categories":[2],"tags":[],"_links":{"self":[{"href":"https:\/\/quasarcomunicacion.com.ar\/web\/wp-json\/wp\/v2\/posts\/12477"}],"collection":[{"href":"https:\/\/quasarcomunicacion.com.ar\/web\/wp-json\/wp\/v2\/posts"}],"about":[{"href":"https:\/\/quasarcomunicacion.com.ar\/web\/wp-json\/wp\/v2\/types\/post"}],"author":[{"embeddable":true,"href":"https:\/\/quasarcomunicacion.com.ar\/web\/wp-json\/wp\/v2\/users\/2"}],"replies":[{"embeddable":true,"href":"https:\/\/quasarcomunicacion.com.ar\/web\/wp-json\/wp\/v2\/comments?post=12477"}],"version-history":[{"count":4,"href":"https:\/\/quasarcomunicacion.com.ar\/web\/wp-json\/wp\/v2\/posts\/12477\/revisions"}],"predecessor-version":[{"id":12491,"href":"https:\/\/quasarcomunicacion.com.ar\/web\/wp-json\/wp\/v2\/posts\/12477\/revisions\/12491"}],"wp:featuredmedia":[{"embeddable":true,"href":"https:\/\/quasarcomunicacion.com.ar\/web\/wp-json\/wp\/v2\/media\/12474"}],"wp:attachment":[{"href":"https:\/\/quasarcomunicacion.com.ar\/web\/wp-json\/wp\/v2\/media?parent=12477"}],"wp:term":[{"taxonomy":"category","embeddable":true,"href":"https:\/\/quasarcomunicacion.com.ar\/web\/wp-json\/wp\/v2\/categories?post=12477"},{"taxonomy":"post_tag","embeddable":true,"href":"https:\/\/quasarcomunicacion.com.ar\/web\/wp-json\/wp\/v2\/tags?post=12477"}],"curies":[{"name":"wp","href":"https:\/\/api.w.org\/{rel}","templated":true}]}}