{"id":12460,"date":"2023-10-17T16:08:49","date_gmt":"2023-10-17T16:08:49","guid":{"rendered":"https:\/\/quasarcomunicacion.com.ar\/web\/?p=12460"},"modified":"2023-10-24T18:23:09","modified_gmt":"2023-10-24T18:23:09","slug":"estilo-pilar-presenta-su-primera-expo-de-arte-estilo-art-un-homenaje-al-arte-en-la-vida-cotidiana","status":"publish","type":"post","link":"https:\/\/quasarcomunicacion.com.ar\/web\/estilo-pilar-presenta-su-primera-expo-de-arte-estilo-art-un-homenaje-al-arte-en-la-vida-cotidiana\/","title":{"rendered":"Estilo Pilar presenta su primera Expo de Arte: Estilo Art, un Homenaje al Arte en la Vida Cotidiana\u00a0"},"content":{"rendered":"<p><span style=\"font-family: Verdana; font-size: small;\">La <b>19\u00b0 edici\u00f3n de ESTILO PILAR,<\/b> la exposici\u00f3n de decoraci\u00f3n, arte, paisajismo, industria y arquitectura abri\u00f3 sus puertas con gran \u00e9xito y permanecer\u00e1 abierta al p\u00fablico de jueves a domingo hasta el 5 de noviembre en el exclusivo entorno de Pilar\u00e1, ubicado en el kil\u00f3metro 56,5 de la Panamericana. Este a\u00f1o, suma su primera exposici\u00f3n de arte, <b>Estilo Art<\/b>, un evento que busca celebrar y promover el arte en todas sus manifestaciones. <\/span><!--more--><\/p>\n<p><span style=\"font-family: Verdana; font-size: small;\"> <a href=\"https:\/\/quasarcomunicacion.com.ar\/web\/estilopilar2023\/\"> M\u00e1s info <\/a>de prensa en <\/span> \u00a0<a href=\"https:\/\/quasarcomunicacion.com.ar\/web\/estilopilar2023\/\">https:\/\/quasarcomunicacion.com.ar\/web\/estilopilar2023\/<\/a><\/p>\n<p><span style=\"font-family: Verdana; font-size: small;\">\u00ab<i>Creemos firmemente que el arte debe formar parte integral de la vida cotidiana de las personas, y con <b>Estilo Art<\/b>, estamos dando un paso significativo en esa direcci\u00f3n. M\u00e1s de 30 talentosos artistas participan en esta exposici\u00f3n, presentando una impresionante colecci\u00f3n de obras de arte y esculturas\u00bb,<\/i> aseguran desde la organizaci\u00f3n. <\/span><\/p>\n<p><a href=\"https:\/\/quasarcomunicacion.com.ar\/web\/wp-content\/uploads\/2023\/10\/estiloart.gif\"><img class=\"alignnone\" src=\"https:\/\/quasarcomunicacion.com.ar\/web\/wp-content\/uploads\/2023\/10\/estiloart.gif\" \/><\/a><\/p>\n<p><span style=\"font-family: Verdana; font-size: small;\">La curadur\u00eda de estas obras de arte ha sido llevada a cabo por la talentosa Agustina Mazzini, quien aport\u00f3 su experiencia y pasi\u00f3n para garantizar una selecci\u00f3n diversa y cautivadora de piezas art\u00edsticas. <\/span><\/p>\n<p><span style=\"font-family: Verdana; font-size: small;\">\u00ab<i>La curadur\u00eda bajo el lema \u201cRAICES\u201d, con que se lanz\u00f3 esta renovada edici\u00f3n de Estilo Pilar, ha sido el eje sobre el que ha girado la mayor parte del trabajo creativo en esta selecci\u00f3n de obras.\u00a0 Buscando la utilizaci\u00f3n de distintos soportes de la obra art\u00edstica como: la construcci\u00f3n de esos barcos en chapa obra de \u201cCuatro manos y dos cabezas\u201d, que nos remiten a los primeros inmigrantes; o las fotos de los esteros del Ibera en referencia a lo aut\u00f3ctono, tomadas por Valeria Veluto; como as\u00ed tambi\u00e9n los tapices de Azul de Elizalde que nos lleva a una t\u00e9cnica de los pueblos originarios; y las banderas con piedras naturales como un tema tan contempor\u00e1neo de nuestros hijos repatriados creados por Ivonne Delor; ofreciendo as\u00ed una experiencia ecl\u00e9ctica y transformadoras para todos aquellos que decidan explorarla\u00bb, <\/i>enumera Mazzini.<\/span><\/p>\n<p>Una de las novedades m\u00e1s emocionantes de <strong>Estilo Art <\/strong>es la intervenci\u00f3n de cuatro esculturas de caballos. Estas esculturas, originalmente majestuosas representaciones equinas, han sido transformadas en obras de arte \u00fanicas gracias al talento de cuatro destacados artistas: Guzm\u00e1n Antonia, Liliana Golubinsky, Zulema Maza y Eduardo Medici. Estas esculturas, ahora convertidas en verdaderas joyas art\u00edsticas, ser\u00e1n subastadas, y los fondos recaudados se destinar\u00e1n a la Asociaci\u00f3n Amigos del Pilar, en un gesto solidario que refuerza el compromiso de <strong>Estilo Pilar <\/strong>con la comunidad.<\/p>\n<p><span style=\"font-family: Verdana; font-size: small;\">\u00ab<i>Las expectativas de Estilo Art es cubrir las demandas de una gran cantidad de artistas que necesitan exhibir sus obras en estos espacios para darlas a conocer, d\u00e1ndoles la posibilidad de que en menos de un mes sean vistas por casi 50.000 personas, y ofrecer al p\u00fablico propuestas creativas que resulten cautivantes, buscando de esta manera incursionarlos en el mundo del arte para llevarlo a sus casas\u00bb,<\/i> agrega Mazzini, curadora de Estilo Art.<\/span><\/p>\n<p><a href=\"https:\/\/quasarcomunicacion.com.ar\/web\/wp-content\/uploads\/2023\/10\/estiloart1.gif\"><img class=\"alignnone\" src=\"https:\/\/quasarcomunicacion.com.ar\/web\/wp-content\/uploads\/2023\/10\/estiloart1.gif\" \/><\/a><\/p>\n<p><span style=\"font-family: Verdana; font-size: small;\"><i>\u00abEstilo Art es una expresi\u00f3n de nuestro aprecio por el arte y su poder para enriquecer nuestras vidas. Esperamos que esta exposici\u00f3n inspire a todos a abrazar el arte en su d\u00eda a d\u00eda y a reconocer su importancia en nuestra cultura. Agradecemos a todos los artistas, curadores y colaboradores que han hecho posible este emocionante evento\u00bb,<\/i> agregan.<\/span><\/p>\n<p><span style=\"font-family: Verdana; font-size: small;\">En el predio se montaron diversas instalaciones art\u00edsticas que el visitante podr\u00e1 recorrer. Participaron en esta edici\u00f3n Rodrigo P\u00e9rez, Paca Robinosa, Santiago L\u00f3pez, Dar\u00edo Fore, Javier De Santos, Sol Satori, Flavio Kine y Santiago Dufaur.\u00a0 <\/span><\/p>\n<p><a href=\"https:\/\/quasarcomunicacion.com.ar\/web\/wp-content\/uploads\/2023\/10\/escultura1.gif\"><img class=\"alignnone\" src=\"https:\/\/quasarcomunicacion.com.ar\/web\/wp-content\/uploads\/2023\/10\/escultura1.gif\" \/><\/a><\/p>\n<p>En la sala de exhibici\u00f3n de obras, se podr\u00e1n encontrar trabajos de Laura E Varangot, Alejandra Bra\u00f1a, Yvonne Delor, H\u00e9ctor Chivil\u00f3, Karina Galante Cernadas, Abril Tanoira, Angeles Rivero, Clara Fers, Paola Travesaro, Azul de Elizalde, Pilar Mezzadri, Marina Walker, Agustina Ponce, In\u00e9s Pasman, Valeria Beruto, Mar\u00eda Lizundia, Julieta Pastor , Marcela Moncada, Paula Vinuesa, Diana C\u00f3rdoba, Betina Levin, Mar\u00eda Mesones y Mariana Padilla, entre otros.<\/p>\n<p><a href=\"https:\/\/quasarcomunicacion.com.ar\/web\/wp-content\/uploads\/2023\/10\/estiloart1.gif\"><img class=\"alignnone\" src=\"https:\/\/quasarcomunicacion.com.ar\/web\/wp-content\/uploads\/2023\/10\/estiloart1.gif\" \/><\/a><\/p>\n<p><strong>Los premiados<\/strong><\/p>\n<p>Los artistas participantes tambi\u00e9n tuvieron su premiaci\u00f3n de la mano de un jurado de primer\u00a0 nivel, integrado por Mar\u00eda Claudia Defante, Marcela Costa Peuser, Julia Moreno y Patricia Porcel .<\/p>\n<p>El objetivo fue premiar la Intervenci\u00f3n art\u00edstica en la cual la presencia de una pieza de arte de cualquier tipo, modifique de forma tal, que el espacio sea totalmente diferente sin la presencia de la misma.<\/p>\n<p>El premio busca incentivar el uso de obras de arte en la muestra y estuvo dividido en 2 categor\u00edas:<\/p>\n<p><strong><u>Rubro Esculturas y Murales: <\/u> <\/strong><\/p>\n<p><strong>Menci\u00f3n ESTILO ART 2023:\u00a0<\/strong>SANTIAGO DUFAUR<\/p>\n<p><strong>Premio ESTILO ART 2023 Mejor Intervenci\u00f3n Art\u00edstica Exterior:\u00a0<\/strong>JAVIER DE SANTOS<\/p>\n<p><strong><u>Rubro cuadros y obras de interior: <\/u><\/strong><\/p>\n<p><strong>Menci\u00f3n ESTILO ART 2023: <\/strong>DIANA CORDOBA<\/p>\n<p><strong>Premio ESTILO ART 2023 Mejor Intervenci\u00f3n Art\u00edstica Interior: <\/strong>VALERIA BERUTO<\/p>\n<p><span style=\"font-family: Verdana; font-size: small;\">Agustina Mazzini indica que \u00ab<i>Las premiaciones de este a\u00f1o, por mayor\u00eda del jurado, estuvieron el Premio para la Instalaci\u00f3n fue para la escultura geom\u00e9trica Javier de Santos, donde se apreci\u00f3 la acabada factura de la obra y la forma de convivir de manera arm\u00f3nica con la naturaleza\u00bb.<\/i><\/span><\/p>\n<p><span style=\"font-family: Verdana; font-size: small;\"><i>Y agrega, \u00aben mural, la menci\u00f3n fue para Santiago Dufaur donde la intervenci\u00f3n pict\u00f3rica en la antigua matera potencia tanto la arquitectura como la obra. Las dos obras mencionadas fueron seleccionadas porque los l\u00edmites entre la ciudad y el campo se desvanecen, fusionando las caracter\u00edsticas de ambos entornos. El Premio para Arte estuvo en las fotos de Valeria Beluto por su t\u00e9cnica que nos remite a la estampa japonesa retratada en una imagen aut\u00f3ctona. La Menci\u00f3n: estuvo para el collage de Diana C\u00f3rdova donde su t\u00e9cnica mixta nos remite al constructivismo\u00bb.<\/i><\/span><\/p>\n<p><a href=\"https:\/\/quasarcomunicacion.com.ar\/web\/wp-content\/uploads\/2023\/09\/logoestiloart.gif\"><img class=\"alignnone\" src=\"https:\/\/quasarcomunicacion.com.ar\/web\/wp-content\/uploads\/2023\/09\/logoestiloart.gif\" \/><\/a><\/p>\n<p><strong>INFORMACION \u00daTIL<\/strong><\/p>\n<p><strong>Fecha<\/strong>: Del 12 de octubre al 5 de noviembre de 2023<\/p>\n<p><strong>D\u00edas y horarios: <\/strong>de Jueves a Domingos de 12 a 20 hs. Lunes, martes y mi\u00e9rcoles: CERRADO. Domingo 22 de octubre cerrado por elecciones generales.<\/p>\n<p><strong>Valor de las entradas:<br \/>\n<\/strong>Entradas generales: $3500 (incluye estacionamiento + participaci\u00f3n en sorteos)<br \/>\nJueves 2&#215;1 $ 3500<br \/>\nJubilados y matriculados UADE, USAL, AUSTRAL $ 2800<br \/>\nGrupo de m\u00e1s de 10 personas: $ 2800<br \/>\nMenores de 15 a\u00f1os, gratis.<\/p>\n<p><strong>Lugar<\/strong>: \u00a0Pilar\u00e1, ubicado en el kil\u00f3metro 56,5 de la Panamericana.<\/p>\n<p>La muestra es <strong>Pet Friendly\u00a0<\/strong><\/p>\n<p><strong> Contacto Estilo Pilar<\/strong><br \/>\n<a href=\"https:\/\/www.facebook.com\/estilopilar\">https:\/\/www.facebook.com\/estilopilar<\/a><br \/>\n<a href=\"https:\/\/www.instagram.com\/estilopilar\/\"> https:\/\/www.instagram.com\/estilopilar\/<\/a><br \/>\n<a href=\"http:\/\/www.estilopilar.com.ar\/\">http:\/\/www.estilopilar.com.ar\/<\/a><br \/>\nWhatsapp <span style=\"font-weight: 400;\"> 11 5957-5032<\/span><\/p>\n<p><a href=\"https:\/\/quasarcomunicacion.com.ar\/web\/wp-content\/uploads\/2023\/08\/logoestilo2023.gif\"><img class=\"alignnone\" src=\"https:\/\/quasarcomunicacion.com.ar\/web\/wp-content\/uploads\/2023\/08\/logoestilo2023.gif\" \/><\/a><\/p>\n<p><strong>Acerca de Estilo Pilar<\/strong><\/p>\n<p>Como en cada edici\u00f3n, la muestra es organizada por la Asociaci\u00f3n sin fines de lucro <strong> AMIGOS DEL PILAR<\/strong>, y todo lo recaudado en el evento se destinar\u00e1 a dar atenci\u00f3n odontol\u00f3gica calificada y gratuita a ni\u00f1os de escasos recursos del partido de Pilar.<\/p>\n<p>Este a\u00f1o la novedad es la presentaci\u00f3n de <strong>Estilo ART<\/strong>, una nueva exposici\u00f3n con la mirada puesta en el futuro del arte con m\u00e1s de 20 pintores seleccionados y adem\u00e1s se destacan las esculturas en todo el recorrido.<\/p>\n<p><a href=\"https:\/\/quasarcomunicacion.com.ar\/web\/wp-content\/uploads\/2023\/10\/estilopilar1.gif\"><img class=\"alignnone\" src=\"https:\/\/quasarcomunicacion.com.ar\/web\/wp-content\/uploads\/2023\/10\/estilopilar1.gif\" \/><\/a><\/p>\n<p>Tambi\u00e9n se incorpora un espacio de realidad virtual para que el visitante pueda experimentar y conocer los adelantos de la tecnolog\u00eda; adem\u00e1s una granja con animales para los ni\u00f1os; una plaza de juegos; charlas sobre diversos temas en el auditorio.<\/p>\n<p>La muestra es <strong>Pet Friendly\u00a0<\/strong><\/p>\n<p><strong>Estilo Pilar<\/strong>, la exposici\u00f3n m\u00e1s destacada de dise\u00f1o, arte y paisajismo de Argentina, regresa este a\u00f1o con su 19\u00b0 edici\u00f3n, prometiendo una experiencia inolvidable para los amantes del buen gusto y la creatividad.<\/p>\n<p>Lo hace este a\u00f1o con el leit motiv RAICES: en esta renovada edici\u00f3n de <strong>Estilo Pilar<\/strong>, los l\u00edmites entre la ciudad y el campo se desvanecen, fusionando las caracter\u00edsticas de ambos entornos. Bajo el lema \u00abRAICES\u00bb, el visitante se sumergir\u00e1 en un escenario donde convergen la belleza de la vida org\u00e1nica y la excelencia del dise\u00f1o y confort modernos. Inspirada en nuestras ra\u00edces aut\u00f3ctonas, la muestra despertar\u00e1 nuevas sensaciones, ofreciendo una experiencia ecl\u00e9ctica y transformadora para todos aquellos que decidan explorarla.<\/p>\n<p>La muestra abrir\u00e1 al p\u00fablico hasta el 5 de noviembre, de jueves a domingo (excepto el domingo 22 por Elecciones), los visitantes podr\u00e1n disfrutar de m\u00e1s de 100 espacios dedicados al dise\u00f1o y el paisajismo, workshops, un amplio sector de compras, una variada oferta gastron\u00f3mica y una serie de atracciones especiales.<\/p>\n<p>Adem\u00e1s, los m\u00e1s peque\u00f1os podr\u00e1n interactuar con animales en el sector granja y se podr\u00e1 disfrutar de shows en vivo que har\u00e1n de la visita una experiencia \u00fanica e inolvidable.<\/p>\n<p>Entre los espacios de decoraci\u00f3n se destaca un coworking, la casa de un golfista, la casa de un polista, un monoambiente de un arquitecto, un lodge, el espacio de un piloto, entre otros. Adem\u00e1s muralistas que le dar\u00e1n color y brillo a la muestra.<\/p>\n<p><a href=\"https:\/\/quasarcomunicacion.com.ar\/web\/wp-content\/uploads\/2023\/10\/estilopilar23.gif\"><img class=\"alignnone\" src=\"https:\/\/quasarcomunicacion.com.ar\/web\/wp-content\/uploads\/2023\/10\/estilopilar23.gif\" \/><\/a><\/p>\n<p>Adem\u00e1s, <strong>Estilo Pilar<\/strong> contar\u00e1 con un paseo de compras donde los visitantes podr\u00e1n descubrir las \u00faltimas tendencias del dise\u00f1o y adquirir objetos \u00fanicos para llevar un pedacito de <strong>Estilo Pilar<\/strong> a sus hogares. M\u00e1s de siete paisajistas expertos estar\u00e1n presentes para ofrecer consejos y guiar a los asistentes en la creaci\u00f3n de espacios armoniosos y llenos de estilo.<\/p>\n<p>Este a\u00f1o la C\u00e1mara de la Madera (CADAMDA) presentar\u00e1 cuatro unidades modelos de madera y la empresa Corasa aportar\u00e1 10 containers mar\u00edtimos que conjugar\u00e1n lo industrial y lo tradicional con lo reciclado. Ambas propuestas constituir\u00e1n parte de la infraestructura que intervendr\u00e1n los dise\u00f1adores.<\/p>\n<p>Este a\u00f1o son Sponsors Oficiales de <strong>Estilo Pilar<\/strong>: Rielamericano, Longvie, Cer\u00e1mica Alberdi, Patagonia Flooring, Sinteplast, Toto, De Stefano, Grupo Vonderk, Egger, Corasa y la C\u00e1mara de la Madera (CADAMDA). Adem\u00e1s, Sponsors de Obra: Telecom, Durlock, Muchtek , Arquiplast, Bloque Uno, Cassaforma, Modufox, Prohygiene, Aukot, Gu herrajes, XRS, Control Total de Plagas, Ecoterra e Ingarden.<\/p>\n<p><a href=\"https:\/\/quasarcomunicacion.com.ar\/web\/wp-content\/uploads\/2023\/10\/container.gif\"><img class=\"alignnone\" src=\"https:\/\/quasarcomunicacion.com.ar\/web\/wp-content\/uploads\/2023\/10\/container.gif\" \/><\/a><\/p>\n<p>Adem\u00e1s, la valiosa participaci\u00f3n de las siguientes instituciones: Universidad del Salvador (USAL), Universidad Austral, Universidad Argentina de la Empresa (UADE) y Municipalidad de Pilar. Asimismo, las revistas Country Magazine, D&amp;D, Espacio &amp; Confort, Magenta y Arte Online participar\u00e1n como Media Partners del evento.<\/p>\n<p>Este evento no s\u00f3lo busca ofrecer una experiencia inigualable, sino que tambi\u00e9n tiene un fin solidario. <strong>Estilo Pilar 2023 <\/strong>ser\u00e1 a beneficio de la <strong>Asociaci\u00f3n Amigos del Pilar<\/strong>, cuyo objetivo es continuar acompa\u00f1ando a los ni\u00f1os m\u00e1s necesitados en la atenci\u00f3n odontol\u00f3gica de calidad.<\/p>\n<p><strong>AMIGOS DEL PILAR<\/strong> es una asociaci\u00f3n civil sin fines de lucro que destina la totalidad de lo recaudado a trav\u00e9s de <strong>ESTILO PILAR<\/strong> para brindar atenci\u00f3n odontol\u00f3gica calificada y gratuita a ni\u00f1os de escasos recursos en el partido de Pilar. Desde 2004 hasta agosto de 2023, han atendido a 74,377 ni\u00f1os y brindado 232,526 prestaciones odontol\u00f3gicas. Gracias a este evento, han logrado inaugurar consultorios odontol\u00f3gicos inclusivos para ni\u00f1os con capacidades diferentes.<\/p>\n<p>Con m\u00e1s de 18 ediciones exitosas, <strong>Estilo Pilar <\/strong>se convirti\u00f3 en un referente en el mundo del dise\u00f1o, el arte y el paisajismo. Cada a\u00f1o, miles de personas acuden a este evento en busca de inspiraci\u00f3n, ideas innovadoras y la oportunidad de descubrir nuevos talentos en la industria.<\/p>\n<p>Desde 1999, <strong>ESTILO PILAR <\/strong>es una plataforma para promover la arquitectura, el dise\u00f1o interior y exterior, el arte y el paisajismo, satisfaciendo las necesidades de las personas que se alejaron de la ciudad para instalarse en las afueras en busca de una vida con mayor contacto con la naturaleza.<\/p>\n<p>Asimismo, <strong>ESTILO PILAR<\/strong> es una excelente opci\u00f3n tanto para los amantes de la decoraci\u00f3n, el arte y el paisajismo como para los que quieran disfrutar de un maravilloso paseo.<\/p>\n<p>Para m\u00e1s informaci\u00f3n, info@amigosdelpilar.org.ar \/\/ whatsapp <span style=\"font-weight: 400;\"> 11 5957-5032<\/span><\/p>\n<p><a href=\"https:\/\/quasarcomunicacion.com.ar\/web\/wp-content\/uploads\/2023\/07\/logoamigosdelpilar.gif\"><img class=\"alignnone\" src=\"https:\/\/quasarcomunicacion.com.ar\/web\/wp-content\/uploads\/2023\/07\/logoamigosdelpilar.gif\" \/><\/a><\/p>\n<p><strong> Sobre de Amigos del Pilar<\/strong><\/p>\n<p>Como todos los a\u00f1os anteriores,<strong> Estilo Pilar<\/strong> es organizado por <strong>Amigos del Pilar<\/strong>, una Asociaci\u00f3n Civil que surgi\u00f3 de la inquietud de un grupo de mujeres con esp\u00edritu solidario que deseaban colaborar y comprometerse con su comunidad. Desde el a\u00f1o 1996 trabajan en el partido de Pilar con la misi\u00f3n de brindar ayuda a ni\u00f1os de escasos recursos en materia de salud odontol\u00f3gica: \u201cUn Pilar con atenci\u00f3n digna para aquellos de bajos recursos\u201d.<br \/>\nPara llevar a cabo esta tarea, en el a\u00f1o 2004 crearon los consultorios odontol\u00f3gicos propios, que funcionaron ininterrumpidamente hasta Octubre del 2014. A partir del 1 de Octubre de ese a\u00f1o iniciaron un nuevo camino. Formularon un nuevo sistema de becas que hace posible que tanto antiguos pacientes, como aquellos nuevos que soliciten atenci\u00f3n, puedan ser atendidos con la financiaci\u00f3n de <strong> Amigos del Pilar<\/strong>.<br \/>\nEste nuevo proyecto es posible tambi\u00e9n gracias a la ayuda de profesionales solidarios que comprenden la tarea y est\u00e1n involucrados con la obra de la fundaci\u00f3n.<br \/>\nDurante la cuarentena, despu\u00e9s de un per\u00edodo de casi un mes en el que los consultorios debieron permanecer cerrados, se atendieron \u00fanicamente urgencias. Actualmente la atenci\u00f3n es con turnos programados.<\/p>\n<p><strong>AMIGOS DEL PILAR<\/strong> es una asociaci\u00f3n civil sin fines de lucro que destina la totalidad de lo recaudado a trav\u00e9s de <strong>ESTILO PILAR<\/strong> para brindar atenci\u00f3n odontol\u00f3gica calificada y gratuita a ni\u00f1os de escasos recursos en el partido de Pilar. Desde 2004 hasta agosto de 2023, han atendido a 74,377 ni\u00f1os y brindado 232,526 prestaciones odontol\u00f3gicas. Gracias a este evento, han logrado inaugurar consultorios odontol\u00f3gicos inclusivos para ni\u00f1os con capacidades diferentes.<br \/>\nDesde el a\u00f1o 2004 hasta mayo de 2021 fueron atendidos 72.793 ni\u00f1os de entre 3 y 12 a\u00f1os y se brindaron 219.295 prestaciones odontol\u00f3gicas.<br \/>\nDe esta manera, en 2019 inauguraron los consultorios odontol\u00f3gicos inclusivos en el Centro de Rehabilitaci\u00f3n Pilares de Esperanza, los mismos fueron construidos y equipados por Amigos del Pilar con lo recaudado en las \u00faltimas ediciones de Estilo Pilar. Son dos consultorios con sala de espera equipados con el sill\u00f3n, instrumental y equipo de rayos X. Las odont\u00f3logas que atienden en ese espacio est\u00e1n especializadas en la atenci\u00f3n de ni\u00f1os con capacidades diferentes.<\/p>\n<p>Para m\u00e1s informaci\u00f3n ingresar a <a href=\"http:\/\/www.amigosdelpilar.org.ar\/\">http:\/\/www.amigosdelpilar.org.ar\/<\/a><\/p>\n<p><strong><em>Por otras im\u00e1genes, audios o entrevistas no dude en contactarse<\/em><\/strong><\/p>\n<p>Toda la informaci\u00f3n en www.quasarcomunicacion.com.ar\/web\/estilopilar21<\/p>\n<p><strong><em> Contactos de Prensa<\/em><\/strong><\/p>\n<table width=\"100%\">\n<tbody>\n<tr>\n<td width=\"50%\"><strong> Candela Villanueva &#8211; Asistente de Cuentas<\/strong><\/p>\n<p><b> Directo<\/b><strong>: <\/strong> 0230-4664772<br \/>\n<b> Skype:<\/b> quasarcomunicacion<br \/>\n<b> Instagram<\/b>: @quasarcomunicacion<br \/>\n<b> Twitter:<\/b> @quasarpilar<br \/>\n<b> Gr<\/b><b>upo y p\u00e1gina en Facebook: <\/b> www.facebook.com\/QuasarComunicacion<br \/>\n<b> Web:<\/b> www.quasarcomunicacion.com.ar<\/p>\n<p><b> Mail<\/b><strong>:<\/strong> candela@quasarcomunicacion.com.ar<\/td>\n<td width=\"50%\"><strong> Lic. Mar\u00eda Fernanda Ipata &#8211; Directora<br \/>\n<\/strong> <b><br \/>\n<\/b> <b> M\u00f3vil:<\/b> 0230-15-4584535<br \/>\n<b> Whatsapp<\/b><b>:<\/b> 11 5312 6795<br \/>\nEnviar whatsapp aqu\u00ed<br \/>\n<b> Skype:<\/b> quasarcomunicacion<br \/>\n<b> LinkedIn<\/b><strong>:\u00a0 <\/strong> <strong> http:\/\/www.linkedin.com\/in\/mfipata<\/strong><br \/>\nhttps:\/\/www.linkedin.com\/company\/quasarcomunicacion<br \/>\n<b> Instagram y Facebook:<\/b> @quasarcomunicacion <b><br \/>\nWeb:<\/b> www.quasarcomunicacion.com.ar<br \/>\n<b> Mail<\/b><strong>:<\/strong> fernanda@quasarcomunicacion.com.ar<br \/>\n<b> Canal de Telegram para acceder a comunicados:<\/b> https:\/\/t.me\/comunicadosQC<br \/>\n<b>Telegram: <\/b> <b> https:\/\/t.me\/quasarcomunicacion<\/b><\/td>\n<\/tr>\n<\/tbody>\n<\/table>\n","protected":false},"excerpt":{"rendered":"<p>La 19\u00b0 edici\u00f3n de ESTILO PILAR, la exposici\u00f3n de decoraci\u00f3n, arte, paisajismo, industria y arquitectura abri\u00f3 sus puertas con gran [&hellip;]<\/p>\n","protected":false},"author":2,"featured_media":12459,"comment_status":"closed","ping_status":"closed","sticky":false,"template":"","format":"standard","meta":[],"categories":[2],"tags":[],"_links":{"self":[{"href":"https:\/\/quasarcomunicacion.com.ar\/web\/wp-json\/wp\/v2\/posts\/12460"}],"collection":[{"href":"https:\/\/quasarcomunicacion.com.ar\/web\/wp-json\/wp\/v2\/posts"}],"about":[{"href":"https:\/\/quasarcomunicacion.com.ar\/web\/wp-json\/wp\/v2\/types\/post"}],"author":[{"embeddable":true,"href":"https:\/\/quasarcomunicacion.com.ar\/web\/wp-json\/wp\/v2\/users\/2"}],"replies":[{"embeddable":true,"href":"https:\/\/quasarcomunicacion.com.ar\/web\/wp-json\/wp\/v2\/comments?post=12460"}],"version-history":[{"count":10,"href":"https:\/\/quasarcomunicacion.com.ar\/web\/wp-json\/wp\/v2\/posts\/12460\/revisions"}],"predecessor-version":[{"id":12488,"href":"https:\/\/quasarcomunicacion.com.ar\/web\/wp-json\/wp\/v2\/posts\/12460\/revisions\/12488"}],"wp:featuredmedia":[{"embeddable":true,"href":"https:\/\/quasarcomunicacion.com.ar\/web\/wp-json\/wp\/v2\/media\/12459"}],"wp:attachment":[{"href":"https:\/\/quasarcomunicacion.com.ar\/web\/wp-json\/wp\/v2\/media?parent=12460"}],"wp:term":[{"taxonomy":"category","embeddable":true,"href":"https:\/\/quasarcomunicacion.com.ar\/web\/wp-json\/wp\/v2\/categories?post=12460"},{"taxonomy":"post_tag","embeddable":true,"href":"https:\/\/quasarcomunicacion.com.ar\/web\/wp-json\/wp\/v2\/tags?post=12460"}],"curies":[{"name":"wp","href":"https:\/\/api.w.org\/{rel}","templated":true}]}}