{"id":12439,"date":"2023-10-10T23:33:44","date_gmt":"2023-10-10T23:33:44","guid":{"rendered":"https:\/\/quasarcomunicacion.com.ar\/web\/?p=12439"},"modified":"2023-10-24T18:52:00","modified_gmt":"2023-10-24T18:52:00","slug":"abre-sus-puertas-la-19o-edicion-de-estilo-pilar-en-pilara","status":"publish","type":"post","link":"https:\/\/quasarcomunicacion.com.ar\/web\/abre-sus-puertas-la-19o-edicion-de-estilo-pilar-en-pilara\/","title":{"rendered":"Abre sus puertas la 19\u00ba Edici\u00f3n de Estilo Pilar en Pilar\u00e1"},"content":{"rendered":"<p>La <strong>19\u00b0 edici\u00f3n de ESTILO PILAR,<\/strong> la exposici\u00f3n de decoraci\u00f3n, arte, paisajismo, industria y arquitectura de mayor envergadura abre sus puertas del 12 de octubre al 5 de noviembre en el exclusivo entorno de Pilar\u00e1, ubicado en el kil\u00f3metro 56,5 de la Panamericana.<!--more--><\/p>\n<p><a href=\"https:\/\/quasarcomunicacion.com.ar\/web\/estilopilar2023\/\"> M\u00e1s info de prensal, Fotos en Alta, memorias descriptivas, listado de ganadores y m\u00e1s en <\/a> \u00a0<a href=\"https:\/\/quasarcomunicacion.com.ar\/web\/estilopilar2023\/\">https:\/\/quasarcomunicacion.com.ar\/web\/estilopilar2023\/<\/a><\/p>\n<p><a href=\"https:\/\/quasarcomunicacion.com.ar\/web\/wp-content\/uploads\/2023\/10\/estilopilar23.gif\"><img class=\"aligncenter\" src=\"https:\/\/quasarcomunicacion.com.ar\/web\/wp-content\/uploads\/2023\/10\/estilopilar23.gif\" \/><\/a><\/p>\n<p>La muestra es organizada por la <strong> Asociaci\u00f3n sin fines de lucro Amigos del Pilar<\/strong>, y todo lo recaudado en el evento se destina a dar atenci\u00f3n odontol\u00f3gica calificada y gratuita a ni\u00f1os de escasos recursos del partido de Pilar.<\/p>\n<p align=\"left\"><span style=\"font-family: Verdana; font-size: small;\">Con la presencia de la Comisi\u00f3n Directiva de Amigos del Pilar, integrada por su Presidente Hayd\u00e9e Burgue\u00f1o, secretaria Mercedes Pieres, vocales Mercy Menditeguy, Andrea Mu\u00f1oz, Laila Huber, Paula Kocourek, Pilar Diez y Cecilia Castro se procedi\u00f3 a la entrega de premios. El acto se realiz\u00f3 junto a Alberto Robredo, coordinador general de Estilo Pilar. Tambi\u00e9n miembros del staff integrado por Andrea Mu\u00f1oz, Administraci\u00f3n; Laila Huber, \u00c1rea Comercial; la Arquitecta Lucia Etchebarne, \u00e1rea t\u00e9cnica; Agustina Mazzini, asesora de Arte y curadora de las obras y Gloria Granero, Secretaria General.<\/span><\/p>\n<p>La muestra es pet friendly y estar\u00e1 abierta al p\u00fablico desde el 12 de octubre hasta el 5 de noviembre, de jueves a domingo, donde los visitantes podr\u00e1n disfrutar de m\u00e1s de 100 espacios dedicados al dise\u00f1o, workshops, un amplio sector de compras, una variada oferta gastron\u00f3mica y atracciones especiales.<\/p>\n<p>Adem\u00e1s, los m\u00e1s peque\u00f1os podr\u00e1n interactuar con animales en el sector granja y se podr\u00e1 disfrutar de shows en vivo que har\u00e1n de la visita una experiencia \u00fanica e inolvidable.<\/p>\n<p>Este a\u00f1o la novedad es la presentaci\u00f3n de <strong>Estilo ART<\/strong>, una nueva exposici\u00f3n con la mirada puesta en el futuro del arte con m\u00e1s de 20 pintores seleccionados y adem\u00e1s primar\u00e1n las esculturas en todo el recorrido.<\/p>\n<p><a href=\"https:\/\/quasarcomunicacion.com.ar\/web\/wp-content\/uploads\/2023\/10\/estiloart.gif\"><img class=\"aligncenter\" src=\"https:\/\/quasarcomunicacion.com.ar\/web\/wp-content\/uploads\/2023\/10\/estiloart.gif\" \/><\/a><\/p>\n<p>Entre los espacios de decoraci\u00f3n se destaca un coworking, la casa de un golfista, la casa de un polista, un monoambiente de un arquitecto, un lodge, el espacio de un piloto, entre otros. Adem\u00e1s muralistas que le dar\u00e1n color y brillo a la muestra.<\/p>\n<p>Adem\u00e1s, <strong>Estilo Pilar<\/strong> contar\u00e1 con un paseo de compras donde los visitantes podr\u00e1n descubrir las \u00faltimas tendencias del dise\u00f1o y adquirir objetos \u00fanicos para llevar un pedacito de <strong>Estilo Pilar<\/strong> a sus hogares. M\u00e1s de siete paisajistas expertos estar\u00e1n presentes para ofrecer consejos y guiar a los asistentes en la creaci\u00f3n de espacios armoniosos y llenos de estilo.<\/p>\n<p>Este a\u00f1o la C\u00e1mara de la Madera (CADAMDA) presentar\u00e1 cuatro unidades modelos de madera y la empresa Corasa aportar\u00e1 10 containers mar\u00edtimos que conjugar\u00e1n lo industrial y lo tradicional con lo reciclado. Ambas propuestas constituir\u00e1n parte de la infraestructura que intervendr\u00e1n los dise\u00f1adores.<\/p>\n<p>Este a\u00f1o son Sponsors Oficiales de<strong> Estilo Pilar<\/strong>: Rielamericano, Longvie, Cer\u00e1mica Alberdi, Patagonia Flooring, Sinteplast, Toto, De Stefano, Grupo Vonderk, Egger, Corasa y la C\u00e1mara de la Madera (CADAMDA). Adem\u00e1s, Sponsors de Obra: Telecom, Durlock, Muchtek , Arquiplast, Bloque Uno, Cassaforma, Modufox, Prohygiene, Aukot, Gu herrajes, XRS, Control Total de Plagas, Ecoterra e Ingarden.<\/p>\n<p>Adem\u00e1s, queremos reconocer la valiosa participaci\u00f3n de las siguientes instituciones: Universidad del Salvador (USAL), Universidad Austral, Universidad Argentina de la Empresa (UADE) y Municipalidad de Pilar. Asimismo, las revistas Country Magazine, D&amp;D, Espacio &amp; Confort y Magenta y Arte Online participar\u00e1n como Media Partners del evento.<\/p>\n<p><a href=\"https:\/\/quasarcomunicacion.com.ar\/web\/wp-content\/uploads\/2023\/10\/container.gif\"><img class=\"aligncenter\" src=\"https:\/\/quasarcomunicacion.com.ar\/web\/wp-content\/uploads\/2023\/10\/container.gif\" \/><\/a><\/p>\n<p>Este evento no s\u00f3lo busca ofrecer una experiencia inigualable, sino que tambi\u00e9n tiene un fin solidario. <strong>Estilo Pilar 2023 <\/strong>ser\u00e1 a beneficio de la <strong>Asociaci\u00f3n Amigos del Pilar<\/strong>, cuyo objetivo es continuar acompa\u00f1ando a los ni\u00f1os m\u00e1s necesitados en la atenci\u00f3n odontol\u00f3gica de calidad.<\/p>\n<p><strong>AMIGOS DEL PILAR<\/strong> es una asociaci\u00f3n civil sin fines de lucro que destina la totalidad de lo recaudado a trav\u00e9s de <strong>ESTILO PILAR<\/strong> para brindar atenci\u00f3n odontol\u00f3gica calificada y gratuita a ni\u00f1os de escasos recursos en el partido de Pilar. Desde 2004 hasta agosto de 2023, han atendido a 74,377 ni\u00f1os y brindado 232,526 prestaciones odontol\u00f3gicas. Gracias a este evento, han logrado inaugurar consultorios odontol\u00f3gicos inclusivos para ni\u00f1os con capacidades diferentes.<\/p>\n<p>Con m\u00e1s de 18 ediciones exitosas, <strong>Estilo Pilar <\/strong>se convirti\u00f3 en un referente en el mundo del dise\u00f1o, el arte y el paisajismo. Cada a\u00f1o, miles de personas acuden a este evento en busca de inspiraci\u00f3n, ideas innovadoras y la oportunidad de descubrir nuevos talentos en la industria.<\/p>\n<p><a href=\"https:\/\/quasarcomunicacion.com.ar\/web\/wp-content\/uploads\/2023\/10\/estilopilar1.gif\"><img class=\"aligncenter\" src=\"https:\/\/quasarcomunicacion.com.ar\/web\/wp-content\/uploads\/2023\/10\/estilopilar1.gif\" \/><\/a><\/p>\n<p>Desde 1999, <strong>ESTILO PILAR <\/strong>es una plataforma para promover la arquitectura, el dise\u00f1o interior y exterior, el arte y el paisajismo, satisfaciendo las necesidades de las personas que se alejaron de la ciudad para instalarse en las afueras en busca de una vida con mayor contacto con la naturaleza.<\/p>\n<p>Asimismo, <strong>ESTILO PILAR<\/strong> es una excelente opci\u00f3n tanto para los amantes de la decoraci\u00f3n, el arte y el paisajismo como para los que quieran disfrutar de un maravilloso paseo.<\/p>\n<p>Para m\u00e1s informaci\u00f3n, info@amigosdelpilar.org.ar \/\/ whatsapp <span style=\"font-weight: 400;\"> 11 5957-5032<\/span><\/p>\n<p><a href=\"https:\/\/docs.google.com\/document\/d\/1G01sUUfx9VJjHbflu_tNQl_p8dEcALpj?rtpof=true&amp;usp=drive_fs\"> ESPACIOS GANADORES<\/a><\/p>\n<p><a href=\"https:\/\/quasarcomunicacion.com.ar\/web\/wp-content\/uploads\/2023\/08\/logoestilo2023.gif\"><img class=\"alignnone\" src=\"https:\/\/quasarcomunicacion.com.ar\/web\/wp-content\/uploads\/2023\/08\/logoestilo2023.gif\" \/><\/a><br \/>\n<strong>INFORMACION \u00daTIL<\/strong><\/p>\n<p><strong>Fecha<\/strong>: Del 12 de octubre al 5 de noviembre de 2023<\/p>\n<p><strong>D\u00edas y horarios: <\/strong>de Jueves a Domingos de 12 a 20 hs.\u00a0 Lunes, martes y mi\u00e9rcoles: CERRADO. Domingo 22 de octubre cerrado por elecciones generales.<\/p>\n<p><strong>Valor de las entradas:<br \/>\n<\/strong>Entradas generales: $3500 (incluye estacionamiento + participaci\u00f3n en sorteos)<br \/>\nJueves 2&#215;1 $ 3500<br \/>\nJubilados y matriculados UADE, USAL, AUSTRAL $ 2800<br \/>\nGrupo de m\u00e1s de 10 personas: $ 2800<br \/>\nMenores de 15 a\u00f1os, gratis.<\/p>\n<p><strong>Lugar<\/strong>: \u00a0Pilar\u00e1, ubicado en el kil\u00f3metro 56,5 de la Panamericana.<\/p>\n<p>La muestra es <strong>Pet Friendly\u00a0<\/strong><\/p>\n<p><strong> Contacto Estilo Pilar<\/strong><br \/>\n<a href=\"https:\/\/www.facebook.com\/estilopilar\">https:\/\/www.facebook.com\/estilopilar<\/a><br \/>\n<a href=\"https:\/\/www.instagram.com\/estilopilar\/\"> https:\/\/www.instagram.com\/estilopilar\/<\/a><br \/>\n<a href=\"http:\/\/www.estilopilar.com.ar\/\">http:\/\/www.estilopilar.com.ar\/<\/a><br \/>\nWhatsapp <span style=\"font-weight: 400;\"> 11 5957-5032<\/span><\/p>\n<p><a href=\"https:\/\/quasarcomunicacion.com.ar\/web\/wp-content\/uploads\/2023\/07\/logoamigosdelpilar.gif\"><img class=\"alignnone\" src=\"https:\/\/quasarcomunicacion.com.ar\/web\/wp-content\/uploads\/2023\/07\/logoamigosdelpilar.gif\" \/><\/a><\/p>\n<p><strong> Sobre de Amigos del Pilar<\/strong><\/p>\n<p>Como todos los a\u00f1os anteriores,<strong> Estilo Pilar<\/strong> es organizado por <strong>Amigos del Pilar<\/strong>, una Asociaci\u00f3n Civil que surgi\u00f3 de la inquietud de un grupo de mujeres con esp\u00edritu solidario que deseaban colaborar y comprometerse con su comunidad. Desde el a\u00f1o 1996 trabajan en el partido de Pilar con la misi\u00f3n de brindar ayuda a ni\u00f1os de escasos recursos en materia de salud odontol\u00f3gica: \u201cUn Pilar con atenci\u00f3n digna para aquellos de bajos recursos\u201d.<br \/>\nPara llevar a cabo esta tarea, en el a\u00f1o 2004 crearon los consultorios odontol\u00f3gicos propios, que funcionaron ininterrumpidamente hasta Octubre del 2014. A partir del 1 de Octubre de ese a\u00f1o iniciaron un nuevo camino. Formularon un nuevo sistema de becas que hace posible que tanto antiguos pacientes, como aquellos nuevos que soliciten atenci\u00f3n, puedan ser atendidos con la financiaci\u00f3n de <strong> Amigos del Pilar<\/strong>.<br \/>\nEste nuevo proyecto es posible tambi\u00e9n gracias a la ayuda de profesionales solidarios que comprenden la tarea y est\u00e1n involucrados con la obra de la fundaci\u00f3n.<br \/>\nDurante la cuarentena, despu\u00e9s de un per\u00edodo de casi un mes en el que los consultorios debieron permanecer cerrados, se atendieron \u00fanicamente urgencias. Actualmente la atenci\u00f3n es con turnos programados.<\/p>\n<p><strong>AMIGOS DEL PILAR<\/strong> es una asociaci\u00f3n civil sin fines de lucro que destina la totalidad de lo recaudado a trav\u00e9s de <strong>ESTILO PILAR<\/strong> para brindar atenci\u00f3n odontol\u00f3gica calificada y gratuita a ni\u00f1os de escasos recursos en el partido de Pilar. Desde 2004 hasta agosto de 2023, han atendido a 74,377 ni\u00f1os y brindado 232,526 prestaciones odontol\u00f3gicas. Gracias a este evento, han logrado inaugurar consultorios odontol\u00f3gicos inclusivos para ni\u00f1os con capacidades diferentes.<br \/>\nDesde el a\u00f1o 2004 hasta mayo de 2021 fueron atendidos 72.793 ni\u00f1os de entre 3 y 12 a\u00f1os y se brindaron 219.295 prestaciones odontol\u00f3gicas.<br \/>\nDe esta manera, en 2019 inauguraron los consultorios odontol\u00f3gicos inclusivos en el Centro de Rehabilitaci\u00f3n Pilares de Esperanza, los mismos fueron construidos y equipados por Amigos del Pilar con lo recaudado en las \u00faltimas ediciones de Estilo Pilar. Son dos consultorios con sala de espera equipados con el sill\u00f3n, instrumental y equipo de rayos X. Las odont\u00f3logas que atienden en ese espacio est\u00e1n especializadas en la atenci\u00f3n de ni\u00f1os con capacidades diferentes.<\/p>\n<p>Para m\u00e1s informaci\u00f3n ingresar a <a href=\"http:\/\/www.amigosdelpilar.org.ar\/\">http:\/\/www.amigosdelpilar.org.ar\/<\/a><\/p>\n<p><strong><em>Por otras im\u00e1genes, audios o entrevistas no dude en contactarse<\/em><\/strong><\/p>\n<p>Toda la informaci\u00f3n en <a href=\"http:\/\/www.quasarcomunicacion.com.ar\/web\/estilopilar2023\">www.quasarcomunicacion.com.ar\/web\/estilopilar2023<\/a><\/p>\n<p><strong><em> Contactos de Prensa<\/em><\/strong><\/p>\n<table width=\"100%\">\n<tbody>\n<tr>\n<td width=\"50%\"><strong> Candela Villanueva &#8211; Asistente de Cuentas<\/strong><\/p>\n<p><b> Directo<\/b><strong>: <\/strong> 0230-4664772<br \/>\n<b> Skype:<\/b> quasarcomunicacion<br \/>\n<b> Instagram<\/b>: @quasarcomunicacion<br \/>\n<b> Twitter:<\/b> @quasarpilar<br \/>\n<b> Gr<\/b><b>upo y p\u00e1gina en Facebook: <\/b> www.facebook.com\/QuasarComunicacion<br \/>\n<b> Web:<\/b> www.quasarcomunicacion.com.ar<\/p>\n<p><b> Mail<\/b><strong>:<\/strong> candela@quasarcomunicacion.com.ar<\/td>\n<td width=\"50%\"><strong> Lic. Mar\u00eda Fernanda Ipata &#8211; Directora<br \/>\n<\/strong> <b><br \/>\n<\/b> <b> M\u00f3vil:<\/b> 0230-15-4584535<br \/>\n<b> Whatsapp<\/b><b>:<\/b> 11 5312 6795<br \/>\nEnviar whatsapp aqu\u00ed<br \/>\n<b> Skype:<\/b> quasarcomunicacion<br \/>\n<b> LinkedIn<\/b><strong>:\u00a0 <\/strong> <strong> http:\/\/www.linkedin.com\/in\/mfipata<\/strong><br \/>\nhttps:\/\/www.linkedin.com\/company\/quasarcomunicacion<br \/>\n<b> Instagram y Facebook:<\/b> @quasarcomunicacion <b><br \/>\nWeb:<\/b> www.quasarcomunicacion.com.ar<br \/>\n<b> Mail<\/b><strong>:<\/strong> fernanda@quasarcomunicacion.com.ar<br \/>\n<b> Canal de Telegram para acceder a comunicados:<\/b> https:\/\/t.me\/comunicadosQC<br \/>\n<b>Telegram: <\/b> <b> https:\/\/t.me\/quasarcomunicacion<\/b><\/td>\n<\/tr>\n<\/tbody>\n<\/table>\n","protected":false},"excerpt":{"rendered":"<p>La 19\u00b0 edici\u00f3n de ESTILO PILAR, la exposici\u00f3n de decoraci\u00f3n, arte, paisajismo, industria y arquitectura de mayor envergadura abre sus [&hellip;]<\/p>\n","protected":false},"author":2,"featured_media":12437,"comment_status":"closed","ping_status":"closed","sticky":false,"template":"","format":"standard","meta":[],"categories":[2],"tags":[],"_links":{"self":[{"href":"https:\/\/quasarcomunicacion.com.ar\/web\/wp-json\/wp\/v2\/posts\/12439"}],"collection":[{"href":"https:\/\/quasarcomunicacion.com.ar\/web\/wp-json\/wp\/v2\/posts"}],"about":[{"href":"https:\/\/quasarcomunicacion.com.ar\/web\/wp-json\/wp\/v2\/types\/post"}],"author":[{"embeddable":true,"href":"https:\/\/quasarcomunicacion.com.ar\/web\/wp-json\/wp\/v2\/users\/2"}],"replies":[{"embeddable":true,"href":"https:\/\/quasarcomunicacion.com.ar\/web\/wp-json\/wp\/v2\/comments?post=12439"}],"version-history":[{"count":9,"href":"https:\/\/quasarcomunicacion.com.ar\/web\/wp-json\/wp\/v2\/posts\/12439\/revisions"}],"predecessor-version":[{"id":12487,"href":"https:\/\/quasarcomunicacion.com.ar\/web\/wp-json\/wp\/v2\/posts\/12439\/revisions\/12487"}],"wp:featuredmedia":[{"embeddable":true,"href":"https:\/\/quasarcomunicacion.com.ar\/web\/wp-json\/wp\/v2\/media\/12437"}],"wp:attachment":[{"href":"https:\/\/quasarcomunicacion.com.ar\/web\/wp-json\/wp\/v2\/media?parent=12439"}],"wp:term":[{"taxonomy":"category","embeddable":true,"href":"https:\/\/quasarcomunicacion.com.ar\/web\/wp-json\/wp\/v2\/categories?post=12439"},{"taxonomy":"post_tag","embeddable":true,"href":"https:\/\/quasarcomunicacion.com.ar\/web\/wp-json\/wp\/v2\/tags?post=12439"}],"curies":[{"name":"wp","href":"https:\/\/api.w.org\/{rel}","templated":true}]}}