{"id":12354,"date":"2023-09-07T21:21:35","date_gmt":"2023-09-07T21:21:35","guid":{"rendered":"https:\/\/quasarcomunicacion.com.ar\/web\/?p=12354"},"modified":"2023-09-07T21:21:35","modified_gmt":"2023-09-07T21:21:35","slug":"el-polo-educativo-pilar-realizo-su-encuentro-coral-y-el-primer-encuentro-de-bandas-y-orquesta-en-la-usal","status":"publish","type":"post","link":"https:\/\/quasarcomunicacion.com.ar\/web\/el-polo-educativo-pilar-realizo-su-encuentro-coral-y-el-primer-encuentro-de-bandas-y-orquesta-en-la-usal\/","title":{"rendered":"El Polo Educativo Pilar realiz\u00f3 su Encuentro Coral y el primer encuentro de Bandas y Orquesta en la USAL"},"content":{"rendered":"<p><span style=\"font-weight: 400;\"> \u00a0<\/span>El <strong>Polo Educativo Pilar<\/strong> contin\u00faa trabajando para consolidar los lazos entre sus miembros y los alumnos de las instituciones que lo conforman a fin de seguir trabajando de manera colaborativa. Esta vez el foco fue la m\u00fasica con la realizaci\u00f3n de un nuevo <strong>Encuentro Coral <\/strong>y el primer <strong>Encuentro de Bandas y Orquesta<\/strong> en el Auditorio de la Universidad del Salvador en Pilar.<!--more--><\/p>\n<p>El 23 de agosto fue el turno del Encuentro Coral que cont\u00f3 con la participaci\u00f3n de Arrayanes Junior Choir con su Directora\u00a0 Judith Albera y que interpret\u00f3: \u201cDo-Re-Mi The Sound of Music\u201d &#8211; Richard Rodgers; \u201cLa Luna de Candela\u201d &#8211; Magdalena Fleitas &#8211; arr: Judith Albera; y \u201cWatermelon Sugar\u201d &#8211; Harry Styles &#8211; arr: Judith Albera<\/p>\n<p>Tambi\u00e9n el Coro Del Viso Day School dirigido por Mar\u00eda Eugenia Navarro que cantaron \u201cBonse Aba\u201d &#8211; Tradicional de Zambia y \u201cDoeba\u201d &#8211; Canon in Swing &#8211; Rieks Veenker. El Coro Primaria Colegio Los Robles con su director Diego Sarquis que interpretaron \u201cMemories\u201d &#8211; Maroon 5; \u201cPerfect\u201d &#8211; Ed Sheeran; \u201cUn a\u00f1o\u201d &#8211; Sebasti\u00e1n Yatra.<\/p>\n<p>En dicha ocasi\u00f3n tambi\u00e9n estuvo el Coro Norbridge School dirigido por el Prof. Gustavo P\u00e9rez quienes interpretaron \u00abQu\u00e9 tango hay que cantar\u201d &#8211; Cacho Casta\u00f1a y<br \/>\n\u201c\u00a1Y lo logramos!\u201d &#8211; Fragmento de una comedia Musical de P\u00e9rez.<\/p>\n<p><a href=\"https:\/\/quasarcomunicacion.com.ar\/web\/wp-content\/uploads\/2023\/09\/bandas.gif\"><img class=\"aligncenter\" src=\"https:\/\/quasarcomunicacion.com.ar\/web\/wp-content\/uploads\/2023\/09\/bandas.gif\" \/><\/a><\/p>\n<p>El pasado mi\u00e9rcoles 6 de septiembre, fue el turno del primer ENCUENTRO DE BANDAS Y ORQUESTA tambi\u00e9n en el Auditorio Campus Universidad del Salvador.<\/p>\n<p>Durante la tarde se desarroll\u00f3 el siguiente programa: el Brick Towers College con su director Federico Fern\u00e1ndez y la coordinadora Mar\u00eda Laura Lardani present\u00f3 \u00abNo Suprises\u00bb, \u00abHey Jude\u00bb, y \u00abCarnavalito\u00bb.<\/p>\n<p>Luego el Godspell College dirigido por Sim\u00f3n Amadeo interpret\u00f3 \u00abLuna de Miel en la mano\u00bb, \u00abQue vas a hacer tan sola hoy\u00bb, y \u00abBoys don\u2019t cry\u00bb.<\/p>\n<p>El Colegio Arrayanes con su director Santiago Ferraro mostr\u00f3 al p\u00fablico \u00abBohemian Rhapsody\u00bb, y \u00abNaive\u00bb, \u00abDream On\u00bb.<\/p>\n<p><a href=\"https:\/\/quasarcomunicacion.com.ar\/web\/wp-content\/uploads\/2023\/09\/bandas1.gif\"><img class=\"aligncenter\" src=\"https:\/\/quasarcomunicacion.com.ar\/web\/wp-content\/uploads\/2023\/09\/bandas1.gif\" \/><\/a><\/p>\n<p>Y el Bede\u00b4s Grammar School dirigido por\u00a0 Facundo Flores, Andy Hayes, Iran Lovazzano y Clara Luther interpretaron \u00abOh Darling\u00bb, \u00abCheek to Cheek\u00bb, \u00abPower of love\u00bb.<\/p>\n<p>El cierre estuvo a cargo de la Orquesta Universidad del Salvador dirigida por Ricardo Sidelnik que interpret\u00f3 \u00abRock around the clock (Max C. Freedman &#8211; James E. Myers)\u00bb, \u00abA Salute to the big apple ( Arr Calvin Cluster)\u00bb, el \u00abBolero de Ravel\u00bb (con Bede\u00b4s Grammar School) y \u00abDon&#8217;t you worry about a thing\u00bb (con Brick Towers College).<\/p>\n<p>El cierre fue con la canci\u00f3n \u201cViva la vida\u201d de Coldplay y representantes de todos los colegios que subieron al escenario.<\/p>\n<p><strong> Acerca del Polo Educativo Pilar<\/strong><\/p>\n<p>El\u00a0<strong>Polo Educativo Pilar\u00a0<\/strong>es una asociaci\u00f3n civil sin fines de lucro que fue fundada en el a\u00f1o 2002, que re\u00fane a instituciones educativas tanto p\u00fablicas como privadas y tiene como objetivo principal el promover y desarrollar la educaci\u00f3n, p\u00fablica y privada, en todo el distrito.<\/p>\n<p>La asociaci\u00f3n nace a partir de 1999 cuando los directivos de los j\u00f3venes colegios privados de Pilar, junto con los que llevaban m\u00e1s a\u00f1os en la ciudad, comienzan a reunirse para considerar sus problem\u00e1ticas comunes. Este hecho, in\u00e9dito en la educaci\u00f3n privada en la Argentina, alcanza un alto grado de sinergia cuando los Colegios deciden trazar un plan para convertir al Partido de Pilar en una localidad que sea conocida por su alto nivel educativo, tanto en las instituciones privadas como en las p\u00fablicas. Con esa idea, un grupo original de 14 Colegios de distintos niveles, funda el\u00a0<strong>Polo Educativo Pilar<\/strong>.<\/p>\n<p>Cabe destacar que entidad obtuvo su personer\u00eda jur\u00eddica en diciembre de 2004 bajo el Nro. 7000\/04 expedido por la Inspecci\u00f3n de Persona jur\u00eddica de la Provincia de Buenos Aires. En el a\u00f1o 2003 es declarada entidad de Bien P\u00fablico por el Municipio de Pilar por Decreto Municipal Nro. 6679\/2003.<\/p>\n","protected":false},"excerpt":{"rendered":"<p>\u00a0El Polo Educativo Pilar contin\u00faa trabajando para consolidar los lazos entre sus miembros y los alumnos de las instituciones que [&hellip;]<\/p>\n","protected":false},"author":2,"featured_media":12352,"comment_status":"closed","ping_status":"closed","sticky":false,"template":"","format":"standard","meta":[],"categories":[2],"tags":[],"_links":{"self":[{"href":"https:\/\/quasarcomunicacion.com.ar\/web\/wp-json\/wp\/v2\/posts\/12354"}],"collection":[{"href":"https:\/\/quasarcomunicacion.com.ar\/web\/wp-json\/wp\/v2\/posts"}],"about":[{"href":"https:\/\/quasarcomunicacion.com.ar\/web\/wp-json\/wp\/v2\/types\/post"}],"author":[{"embeddable":true,"href":"https:\/\/quasarcomunicacion.com.ar\/web\/wp-json\/wp\/v2\/users\/2"}],"replies":[{"embeddable":true,"href":"https:\/\/quasarcomunicacion.com.ar\/web\/wp-json\/wp\/v2\/comments?post=12354"}],"version-history":[{"count":1,"href":"https:\/\/quasarcomunicacion.com.ar\/web\/wp-json\/wp\/v2\/posts\/12354\/revisions"}],"predecessor-version":[{"id":12355,"href":"https:\/\/quasarcomunicacion.com.ar\/web\/wp-json\/wp\/v2\/posts\/12354\/revisions\/12355"}],"wp:featuredmedia":[{"embeddable":true,"href":"https:\/\/quasarcomunicacion.com.ar\/web\/wp-json\/wp\/v2\/media\/12352"}],"wp:attachment":[{"href":"https:\/\/quasarcomunicacion.com.ar\/web\/wp-json\/wp\/v2\/media?parent=12354"}],"wp:term":[{"taxonomy":"category","embeddable":true,"href":"https:\/\/quasarcomunicacion.com.ar\/web\/wp-json\/wp\/v2\/categories?post=12354"},{"taxonomy":"post_tag","embeddable":true,"href":"https:\/\/quasarcomunicacion.com.ar\/web\/wp-json\/wp\/v2\/tags?post=12354"}],"curies":[{"name":"wp","href":"https:\/\/api.w.org\/{rel}","templated":true}]}}