{"id":12234,"date":"2023-05-23T15:32:48","date_gmt":"2023-05-23T15:32:48","guid":{"rendered":"https:\/\/quasarcomunicacion.com.ar\/web\/?p=12234"},"modified":"2023-05-24T14:46:53","modified_gmt":"2023-05-24T14:46:53","slug":"hector-bacci-viaja-a-uruguay-a-interpretar-su-nuevo-disco-primitivo-antes-de-la-presentacion-en-el-palacio-legislativo","status":"publish","type":"post","link":"https:\/\/quasarcomunicacion.com.ar\/web\/hector-bacci-viaja-a-uruguay-a-interpretar-su-nuevo-disco-primitivo-antes-de-la-presentacion-en-el-palacio-legislativo\/","title":{"rendered":"H\u00e9ctor Bacci viaja a Uruguay a interpretar su nuevo disco Primitivo antes de la presentaci\u00f3n en el Palacio Legislativo\u00a0\u00a0"},"content":{"rendered":"<p>El m\u00fasico pilarense H\u00e9ctor Bacci viaja nuevamente a Uruguay donde presentar\u00e1 su nuevo disco Primitivo y realizar\u00e1 algunas acciones educativas. Todo esto previo al acto de declaraci\u00f3n del Peric\u00f3n como patrimonio cultural inmaterial del Uruguay que se realizar\u00e1 en el Sal\u00f3n de los Pasos Perdidos del Palacio Legislativo el pr\u00f3ximo 15 de junio. <span style=\"font-family: Verdana; font-size: small;\">M\u00e1s info del artista en <a href=\"https:\/\/linktr.ee\/hectorbacci\">https:\/\/linktr.ee\/hectorbacci<\/a> <\/span><!--more--><\/p>\n<p>El 31 de mayo Bacci se sumar\u00e1 a una nueva propuesta que propone el cruce de culturas y alimentos. #Cultivo-#Cultura es un espect\u00e1culo de 1 hora de duraci\u00f3n que se llevar\u00e1 a cabo en el Teatro Florencio S\u00e1nchez de El Cerro de Montevideo, abordando desde el arte tem\u00e1ticas como la migraci\u00f3n y sus platos t\u00edpicos, la importancia de la tierra<br \/>\ny la soberan\u00eda alimentaria. El espect\u00e1culo contar\u00e1 con m\u00fasicos, bailarines y un actor humorista que en di\u00e1logo con la cantante ir\u00e1 desentra\u00f1ando conceptos de los cruces de culturas a trav\u00e9s de los platos t\u00edpicos.<\/p>\n<p><a href=\"https:\/\/quasarcomunicacion.com.ar\/web\/wp-content\/uploads\/2023\/05\/bacciguitarra.gif\"><img class=\"alignnone\" src=\"https:\/\/quasarcomunicacion.com.ar\/web\/wp-content\/uploads\/2023\/05\/bacciguitarra.gif\" \/><\/a><\/p>\n<p>El Guitarrista y bandoneonista argentino viajar\u00e1 especialmente para el espect\u00e1culo.<\/p>\n<p>En este viaje, Bacci se presentar\u00e1 el S\u00e1bado 3 de junio a las 21 hs en el Espacio Cultural Cra en La Floresta, Uruguay. All\u00ed tambi\u00e9n dar\u00e1 un Taller de Ritmos Folkl\u00f3ricos a las 16 hs. Y el Domingo 4 a las 13 se presentar\u00e1 en La Tasca Del Sur, en Colonia-Uruguay, donde tambi\u00e9n brindar\u00e1 el mismo taller a las 16 hs.<\/p>\n<p>Algunos de los temas del \u00faltimo \u00e1lbum son: Cenizas quedan, Cuando se dice adi\u00f3s, Zamba de los patios, El salamanquero, La bruja y El trasnochado. Todas piezas de su autor\u00eda<\/p>\n<p>Primitivo es un album que contiene piezas de guitarra solista, d\u00faos y tr\u00edos de guitarras con composiciones propias del m\u00fasico pilarense.<\/p>\n<p>Por m\u00e1s informaci\u00f3n y consultas\u00a0 comunicarse con las redes sociales de <a href=\"https:\/\/www.facebook.com\/hector.bacci.3\"> https:\/\/www.facebook.com\/hector.bacci.3<\/a> o al +54 9 11 5502-6856<\/p>\n<p>El disco ya se present\u00f3 en la Argentina en el Ciclo de Conciertos de la Biblioteca Bartolom\u00e9 Mitre donde Bacci actu\u00f3 junto a m\u00fasicos invitados como Jorge Su\u00e1rez, Nicol\u00e1s Larroca y Aldo Ortiz. Tambi\u00e9n pas\u00f3 por Barro Somos en\u00a0 Manzanares, por Punto Azcu\u00e9naga en Azcu\u00e9naga;<\/p>\n<p><strong><em>Por otras im\u00e1genes, audios o entrevistas no dude en contactarse<\/em><\/strong><\/p>\n<p><strong><em> Contactos de Prensa<\/em><\/strong><\/p>\n<table width=\"100%\">\n<tbody>\n<tr>\n<td width=\"50%\"><strong> Candela Villanueva &#8211; Ejecutiva de Cuentas<\/strong><\/p>\n<p><b> Directo<\/b><strong>: <\/strong> 0230-4664772<br \/>\n<b> Skype:<\/b> quasarcomunicacion<br \/>\n<b> Instagram<\/b>: @quasarcomunicacion<br \/>\n<b> Twitter:<\/b> @quasarpilar<br \/>\n<b> Gr<\/b><b>upo y p\u00e1gina en Facebook: <\/b> www.facebook.com\/<a href=\"mailto:mfipata@gmail.com\">Quasar<\/a>Comunicacion<br \/>\n<b> Web:<\/b> <a href=\"http:\/\/www.quasarcomunicacion.com.ar\"> www.quasarcomunicacion.com.ar<\/a><\/p>\n<p><b> Mail<\/b><strong>:<\/strong> <a href=\"mailto:fernanda@quasarcomunicacion.com.ar\"> candela<\/a><a href=\"mailto:fernanda@quasarcomunicacion.com.ar\">@quasarcomunicacion.com.ar<\/a><\/td>\n<td width=\"50%\"><strong> Lic. Mar\u00eda Fernanda Ipata &#8211; Directora<br \/>\n<\/strong> <b><br \/>\n<\/b> <b> M\u00f3vil:<\/b> 0230-15-4584535<br \/>\n<b> Whatsapp<\/b><b>:<\/b><a href=\"https:\/\/bit.ly\/2J4cUvm\"> 11 5312 6795<\/a><br \/>\n<a href=\"https:\/\/bit.ly\/2Sn1zLP\"> Enviar whatsapp aqu\u00ed<\/a><br \/>\n<b> Skype:<\/b> quasarcomunicacion<br \/>\n<b> LinkedIn<\/b><strong>:\u00a0 <\/strong> <strong> <a href=\"http:\/\/www.linkedin.com\/in\/mfipata\"> http:\/\/www.linkedin.com\/in\/mfipata<\/a><\/strong><br \/>\n<a href=\"https:\/\/www.linkedin.com\/company\/quasarcomunicacion\"> https:\/\/www.linkedin.com\/company\/quasarcomunicacion<\/a><br \/>\n<b> Instagram y Facebook:<\/b> @quasarcomunicacion <b><br \/>\nWeb:<\/b> <a href=\"http:\/\/www.quasarcomunicacion.com.ar\"> www.quasarcomunicacion.com.ar<\/a><br \/>\n<b> Mail<\/b><strong>:<\/strong><a href=\"mailto:fernanda@quasarcomunicacion.com.ar\"> fernanda@quasarcomunicacion.com.ar<\/a><br \/>\n<b> Canal de Telegram para acceder a comunicados:<\/b> <a href=\"https:\/\/t.me\/comunicadosQC\"> https:\/\/t.me\/comunicadosQC<\/a><br \/>\n<a href=\"https:\/\/t.me\/quasarcomunicacion\"> <b>Telegram: <\/b> <b> https:\/\/t.me\/quasarcomunicacion<\/b><\/a><\/td>\n<\/tr>\n<\/tbody>\n<\/table>\n","protected":false},"excerpt":{"rendered":"<p>El m\u00fasico pilarense H\u00e9ctor Bacci viaja nuevamente a Uruguay donde presentar\u00e1 su nuevo disco Primitivo y realizar\u00e1 algunas acciones educativas. [&hellip;]<\/p>\n","protected":false},"author":2,"featured_media":12231,"comment_status":"closed","ping_status":"closed","sticky":false,"template":"","format":"standard","meta":[],"categories":[2],"tags":[],"_links":{"self":[{"href":"https:\/\/quasarcomunicacion.com.ar\/web\/wp-json\/wp\/v2\/posts\/12234"}],"collection":[{"href":"https:\/\/quasarcomunicacion.com.ar\/web\/wp-json\/wp\/v2\/posts"}],"about":[{"href":"https:\/\/quasarcomunicacion.com.ar\/web\/wp-json\/wp\/v2\/types\/post"}],"author":[{"embeddable":true,"href":"https:\/\/quasarcomunicacion.com.ar\/web\/wp-json\/wp\/v2\/users\/2"}],"replies":[{"embeddable":true,"href":"https:\/\/quasarcomunicacion.com.ar\/web\/wp-json\/wp\/v2\/comments?post=12234"}],"version-history":[{"count":3,"href":"https:\/\/quasarcomunicacion.com.ar\/web\/wp-json\/wp\/v2\/posts\/12234\/revisions"}],"predecessor-version":[{"id":12237,"href":"https:\/\/quasarcomunicacion.com.ar\/web\/wp-json\/wp\/v2\/posts\/12234\/revisions\/12237"}],"wp:featuredmedia":[{"embeddable":true,"href":"https:\/\/quasarcomunicacion.com.ar\/web\/wp-json\/wp\/v2\/media\/12231"}],"wp:attachment":[{"href":"https:\/\/quasarcomunicacion.com.ar\/web\/wp-json\/wp\/v2\/media?parent=12234"}],"wp:term":[{"taxonomy":"category","embeddable":true,"href":"https:\/\/quasarcomunicacion.com.ar\/web\/wp-json\/wp\/v2\/categories?post=12234"},{"taxonomy":"post_tag","embeddable":true,"href":"https:\/\/quasarcomunicacion.com.ar\/web\/wp-json\/wp\/v2\/tags?post=12234"}],"curies":[{"name":"wp","href":"https:\/\/api.w.org\/{rel}","templated":true}]}}