{"id":12210,"date":"2023-05-05T15:05:13","date_gmt":"2023-05-05T15:05:13","guid":{"rendered":"https:\/\/quasarcomunicacion.com.ar\/web\/?p=12210"},"modified":"2023-05-05T15:06:13","modified_gmt":"2023-05-05T15:06:13","slug":"con-presencia-pilarense-y-stand-up-llega-a-pilar-la-feria-nacional-de-vinos-cheers","status":"publish","type":"post","link":"https:\/\/quasarcomunicacion.com.ar\/web\/con-presencia-pilarense-y-stand-up-llega-a-pilar-la-feria-nacional-de-vinos-cheers\/","title":{"rendered":"Con presencia pilarense y stand up llega a Pilar la Feria Nacional de vinos Cheers\u00a0"},"content":{"rendered":"<p>La tercera Edici\u00f3n de la exitosa<strong> Feria Nacional de Vinos Cheers<\/strong> tendr\u00e1 lugar el s\u00e1bado pr\u00f3ximo 13 de mayo de 18 a 21 hs\u00a0 en La F\u00e1brica (Juan B. Ambrosetti 633. Km 50. Pilar) con la presencia de m\u00e1s de 50 bodegas y vinotecas. Adem\u00e1s habr\u00e1 un show de stand up con Joe Fern\u00e1ndez. Las entradas se pueden adquirir aqu\u00ed <a href=\"https:\/\/www.eventbrite.com.ar\/e\/cheers-feria-de-vinos-3ra-edicion-tickets-611199994637?aff=ebdssbdestsearch\"> https:\/\/www.eventbrite.com.ar\/e\/cheers-feria-de-vinos-3ra-edicion-tickets-611199994637?aff=ebdssbdestsearch<\/a>\u00a0 Hay promociones (s\u00f3lo por transferencia bancaria) de 4 entradas al precio de 3 para ir con amigos y disfrutar de la feria (solicitar los datos para hacer la transferencia a <a href=\"mailto:cheersferiadevinos@gmail.com\"> cheersferiadevinos@gmail.com<\/a> ) .<!--more--><\/p>\n<p>En esta edici\u00f3n estar\u00e1 Joe Fern\u00e1ndez con su Stand Up \u00abVinos y Astrolog\u00eda\u00bb, una experiencia \u00fanica e inigualable, recorriendo el zod\u00edaco entre Malbec, Chardonnay, Syrah, Merlot y otras cepas m\u00e1s. Un momento m\u00e1gico entre risas que podr\u00e1n disfrutar con amigos, familia y Cheers.<\/p>\n<p>En esta edici\u00f3n habr\u00e1 Bodegas de Mendoza, Entre R\u00edos, R\u00edo Negro, C\u00f3rdoba, Salta, Catamarca, Jujuy y Buenos Aires entre otras.<\/p>\n<p><a href=\"https:\/\/quasarcomunicacion.com.ar\/web\/wp-content\/uploads\/2023\/05\/joe.gif\"><img class=\"aligncenter\" src=\"https:\/\/quasarcomunicacion.com.ar\/web\/wp-content\/uploads\/2023\/05\/joe.gif\" \/><\/a><\/p>\n<p>Adem\u00e1s, se sum\u00f3 Gloria Galvagno State, bodega liderada por la vecina de Pilar Gloria Galvagno que presentar\u00e1 sus dos etiquetas: S\u00f3lo Ella y Felicitas. De su bodega boutique salen 11.200 kilos de bonarda y 4.800 kilos de malbec que dan vida respectivamente a \u201cFelicitas\u201d y \u201cS\u00f3lo ella\u201d, los dos vinos de su autor\u00eda.<\/p>\n<p>En esta edici\u00f3n ser\u00e1 de la partida Clos de los Siete, famoso emprendimiento vitivin\u00edcola de 850 ha de vi\u00f1edos al pie de la Cordillera de Los Andes en el Valle de Uco en Mendoza que se convirti\u00f3 en el mejor del mundo. All\u00ed, cuatro familias de Burdeos apasionadas por los vinos argentinos que hoy crearon sus bodegas: Diamandes, Cuvelier Les Andes, Monteviejo y Rolland. Habr\u00e1 un vino en com\u00fan ensamblado por Michel Rolland (creador del proyecto y considerado el mejor en\u00f3logo del mundo)<\/p>\n<p><a href=\"https:\/\/quasarcomunicacion.com.ar\/web\/wp-content\/uploads\/2023\/04\/cheerssanisidro.gif\"><img class=\"aligncenter\" src=\"https:\/\/quasarcomunicacion.com.ar\/web\/wp-content\/uploads\/2023\/04\/cheerssanisidro.gif\" \/><\/a><\/p>\n<p>Adem\u00e1s, ya confirmaron su asistencia: Bizzotto Wines, La Mala Mar\u00eda, Familia Schroeder, 7 Vacas, Antucura, Veralma, Tonneau, Santa Barrica, Latidos Wines, Enojado, Antenada, Fidel vinos, Vignes des Andes, Mendez Terres, Edelmira, vinos de Esteban Rold\u00e1n, Aerum Terra, Lui, Barroco, Vagabundo, Marswines, Trivento, Rutini, Pyros, Cimarr\u00f3n Wines, Cepas Cuyanas, Cereus, Clo\u00e9 vinos, entre otros<\/p>\n<p>Estar\u00e1 presente en esta edici\u00f3n la Bodega Cimarron Wines, cuyos vinos fueron elegidos recientemente por el jurado internacional de los Premios Zarcillo en Espa\u00f1a 2023 y galardonados con la medalla de Oro. Tanto Entre Gallos y Medianoche 2022, es el primer vino con etiqueta creada con inteligencia artificial del pa\u00eds, como La Contienda 2021 fueron galardonados con Medalla de Oro.<\/p>\n<p>Se podr\u00e1n recorrer los stands, degustar los vinos que deseen (con servicio de hidrataci\u00f3n ilimitado) y ser asesorado por un grupo de Sommeliers. Adem\u00e1s hay un espacio gastron\u00f3mico para deleitarse con los mejores platos.<\/p>\n<p>M\u00e1s info <a href=\"mailto:cheersferiadevinos@gmail.com\"> cheersferiadevinos@gmail.com<\/a>\u00a0\u00a0\u00a0 <a href=\"https:\/\/www.instagram.com\/cheers.feriadevinos\/\"> https:\/\/www.instagram.com\/cheers.feriadevinos\/<\/a><\/p>\n<p>Los asistentes podr\u00e1n traer su copa o solicitar una a cambio de un dep\u00f3sito en garant\u00eda que ser\u00e1 devuelto al finalizar el evento.<\/p>\n<p><a href=\"https:\/\/quasarcomunicacion.com.ar\/web\/wp-content\/uploads\/2022\/06\/cheerscapilla1.gif\"><img class=\"aligncenter\" src=\"https:\/\/quasarcomunicacion.com.ar\/web\/wp-content\/uploads\/2022\/06\/cheerscapilla1.gif\" \/><\/a><\/p>\n<p>En la primera edici\u00f3n del 16 de Abril 2022, en Capilla del Se\u00f1or participaron 43 bodegas y 250 personas adquirieron sus entradas m\u00e1s un centenar de invitados especiales.<\/p>\n<p>En la segunda edici\u00f3n en Catalejo , en San Isidro hubo m\u00e1s de 65 bodegas convocadas en un lugar m\u00e1gico, con la energ\u00eda del agua y las vistas hermosas de la costa Bonaerense.<\/p>\n<p><strong>Cheers Feria de Vinos<\/strong> es el resultado de la uni\u00f3n de tres amigas y amantes de los vinos que se formaron en ese mundo y que tienen como objetivo acercar Bodegas de toda la Argentina a distintos lugares de la Provincia de Buenos Aires y a todo el pa\u00eds.<\/p>\n<p>En estos eventos, donde p\u00fablico, vinotecas, bodegas y productores se encuentran, se promueve el trabajo de la industria vitivin\u00edcola de nuestro pa\u00eds, generando as\u00ed respeto y conciencia sobre toda la magia que hay en una copa de vino.<\/p>\n<p>De esta manera se pueden conocer en el mercado vinos de productores que por una cuesti\u00f3n de estructura y marketing a veces no pueden llegar a Buenos Aires.<br \/>\nEn <strong>Cheers Feria de Vinos <\/strong>buscan que esos productos puedan ser vistos y que la gente pueda degustar esos vinos.<\/p>\n<p>M\u00e1s info <a href=\"mailto:cheersferiadevinos@gmail.com\">cheersferiadevinos@gmail.com<\/a> \/ <a href=\"https:\/\/www.instagram.com\/cheers.feriadevinos\/\"> https:\/\/www.instagram.com\/cheers.feriadevinos\/<\/a><\/p>\n<p><strong><em>Por otras im\u00e1genes, audios o entrevistas no dude en contactarse<\/em><\/strong><\/p>\n<p><strong><em> Contactos de Prensa<\/em><\/strong><\/p>\n<table width=\"100%\">\n<tbody>\n<tr>\n<td width=\"50%\"><strong> Candela Villanueva &#8211; Asistente de Cuentas<\/strong><\/p>\n<p><b> Directo<\/b><strong>: <\/strong> 0230-4664772<br \/>\n<b> Skype:<\/b> quasarcomunicacion<br \/>\n<b> Instagram<\/b>: @quasarcomunicacion<br \/>\n<b> Twitter:<\/b> @quasarpilar<br \/>\n<b> Gr<\/b><b>upo y p\u00e1gina en Facebook: <\/b> www.facebook.com\/<a href=\"mailto:mfipata@gmail.com\">Quasar<\/a>Comunicacion<br \/>\n<b> Web:<\/b> <a href=\"http:\/\/www.quasarcomunicacion.com.ar\"> www.quasarcomunicacion.com.ar<\/a><\/p>\n<p><b> Mail<\/b><strong>:<\/strong> <a href=\"mailto:fernanda@quasarcomunicacion.com.ar\"> candela<\/a><a href=\"mailto:fernanda@quasarcomunicacion.com.ar\">@quasarcomunicacion.com.ar<\/a><\/td>\n<td width=\"50%\"><strong> Lic. Mar\u00eda Fernanda Ipata &#8211; Directora<br \/>\n<\/strong> <b><br \/>\n<\/b> <b> M\u00f3vil:<\/b> 0230-15-4584535<br \/>\n<b> Whatsapp<\/b><b>:<\/b><a href=\"https:\/\/bit.ly\/2J4cUvm\"> 11 5312 6795<\/a><br \/>\n<a href=\"https:\/\/bit.ly\/2Sn1zLP\"> Enviar whatsapp aqu\u00ed<\/a><br \/>\n<b> Skype:<\/b> quasarcomunicacion<br \/>\n<b> LinkedIn<\/b><strong>:\u00a0 <\/strong> <strong> <a href=\"http:\/\/www.linkedin.com\/in\/mfipata\"> http:\/\/www.linkedin.com\/in\/mfipata<\/a><\/strong><br \/>\n<a href=\"https:\/\/www.linkedin.com\/company\/quasarcomunicacion\"> https:\/\/www.linkedin.com\/company\/quasarcomunicacion<\/a><br \/>\n<b> Instagram y Facebook:<\/b> @quasarcomunicacion <b><br \/>\nWeb:<\/b> <a href=\"http:\/\/www.quasarcomunicacion.com.ar\"> www.quasarcomunicacion.com.ar<\/a><br \/>\n<b> Mail<\/b><strong>:<\/strong><a href=\"mailto:fernanda@quasarcomunicacion.com.ar\"> fernanda@quasarcomunicacion.com.ar<\/a><br \/>\n<b> Canal de Telegram para acceder a comunicados:<\/b> https:\/\/t.me\/comunicadosQC<\/td>\n<\/tr>\n<\/tbody>\n<\/table>\n","protected":false},"excerpt":{"rendered":"<p>La tercera Edici\u00f3n de la exitosa Feria Nacional de Vinos Cheers tendr\u00e1 lugar el s\u00e1bado pr\u00f3ximo 13 de mayo de [&hellip;]<\/p>\n","protected":false},"author":2,"featured_media":11857,"comment_status":"closed","ping_status":"closed","sticky":false,"template":"","format":"standard","meta":[],"categories":[2],"tags":[],"_links":{"self":[{"href":"https:\/\/quasarcomunicacion.com.ar\/web\/wp-json\/wp\/v2\/posts\/12210"}],"collection":[{"href":"https:\/\/quasarcomunicacion.com.ar\/web\/wp-json\/wp\/v2\/posts"}],"about":[{"href":"https:\/\/quasarcomunicacion.com.ar\/web\/wp-json\/wp\/v2\/types\/post"}],"author":[{"embeddable":true,"href":"https:\/\/quasarcomunicacion.com.ar\/web\/wp-json\/wp\/v2\/users\/2"}],"replies":[{"embeddable":true,"href":"https:\/\/quasarcomunicacion.com.ar\/web\/wp-json\/wp\/v2\/comments?post=12210"}],"version-history":[{"count":2,"href":"https:\/\/quasarcomunicacion.com.ar\/web\/wp-json\/wp\/v2\/posts\/12210\/revisions"}],"predecessor-version":[{"id":12212,"href":"https:\/\/quasarcomunicacion.com.ar\/web\/wp-json\/wp\/v2\/posts\/12210\/revisions\/12212"}],"wp:featuredmedia":[{"embeddable":true,"href":"https:\/\/quasarcomunicacion.com.ar\/web\/wp-json\/wp\/v2\/media\/11857"}],"wp:attachment":[{"href":"https:\/\/quasarcomunicacion.com.ar\/web\/wp-json\/wp\/v2\/media?parent=12210"}],"wp:term":[{"taxonomy":"category","embeddable":true,"href":"https:\/\/quasarcomunicacion.com.ar\/web\/wp-json\/wp\/v2\/categories?post=12210"},{"taxonomy":"post_tag","embeddable":true,"href":"https:\/\/quasarcomunicacion.com.ar\/web\/wp-json\/wp\/v2\/tags?post=12210"}],"curies":[{"name":"wp","href":"https:\/\/api.w.org\/{rel}","templated":true}]}}