{"id":12176,"date":"2023-04-10T16:45:00","date_gmt":"2023-04-10T16:45:00","guid":{"rendered":"https:\/\/quasarcomunicacion.com.ar\/web\/?p=12176"},"modified":"2023-04-11T13:42:03","modified_gmt":"2023-04-11T13:42:03","slug":"se-viene-un-nuevo-showroom-nocturno-de-pilar-de-feria-en-la-fabrica-este-22-de-abril","status":"publish","type":"post","link":"https:\/\/quasarcomunicacion.com.ar\/web\/se-viene-un-nuevo-showroom-nocturno-de-pilar-de-feria-en-la-fabrica-este-22-de-abril\/","title":{"rendered":"Se viene un nuevo Showroom Nocturno de Pilar de Feria en La F\u00e1brica este 22 de abril"},"content":{"rendered":"<p><span style=\"font-size: small;\">El s\u00e1bado 22 de abril de 18 a 21 hs se realizar\u00e1 una nueva edici\u00f3n del <b>SHOWROO NOCTURNO de Pilar de Feria <\/b>en La F\u00e1brica (Juan B. Ambrosetti 633, Km 50) con la presencia de m\u00e1s de 50 expositores y un renovado sector gastron\u00f3mico.\u00a0Entrada libre y gratuita.\u00a0 M\u00e1s info en <a href=\"https:\/\/linktr.ee\/pilardeferia\"> https:\/\/linktr.ee\/pilardeferia<\/a>\u00a0 <\/span><br \/>\n<!--more--><\/p>\n<p><span style=\"font-size: small;\"> Adem\u00e1s del paseo de compras, se podr\u00e1 disfrutar de opciones gastron\u00f3micas renovadas con muchas actividades para la familia para compartir una hermosa tarde\/noche en La F\u00e1brica y con entrada libre y gratuita (se solicita colaborar con ropa y calzado en buen estado para la Red de Costureras Solidarias de Pilar. <\/span><\/p>\n<p><span style=\"font-size: small;\"><a href=\"https:\/\/quasarcomunicacion.com.ar\/web\/wp-content\/uploads\/2023\/04\/nocturnafebrero.gif\"><img class=\"aligncenter\" src=\"https:\/\/quasarcomunicacion.com.ar\/web\/wp-content\/uploads\/2023\/04\/nocturnafebrero.gif\" \/><\/a><\/span><\/p>\n<p><span style=\"font-size: small;\"> Como siempre, estar\u00e1n presentes las voluntarias de la <b>Red de Costureras Solidarias de Pilar<\/b> que recibir\u00e1n ropa y calzado en buen estado para su Roperito Solidario, retazos e insumos de costura. Adem\u00e1s, vender\u00e1n productos del Taller de la Red y ropa para sostener los proyectos solidarios. Conoc\u00e9 m\u00e1s en <a href=\"https:\/\/www.instagram.com\/costureraspilar\/\"> https:\/\/www.instagram.com\/costureraspilar\/<\/a> <\/span><\/p>\n<p><span style=\"font-family: Verdana,sans-serif; font-size: small;\">Tambi\u00e9n estar\u00e1n de La Manadita de Alice, un grupo de amantes de los gatos que rescatan y cuidan a estos bellos animales. Tienen su tienda de artesan\u00edas con distintas cosas hechas algunas con materiales reciclables para recaudar fondos para alimentos, piedritas y atenci\u00f3n veterinaria de los michis. Conoc\u00e9 m\u00e1s en <\/span><span data-sheets-value=\"{&quot;1&quot;:2,&quot;2&quot;:&quot;https:\/\/instagram.com\/lamanaditadealice?igshid=YmMyMTA2M2Y=&quot;}\" data-sheets-userformat=\"{&quot;2&quot;:2561,&quot;3&quot;:{&quot;1&quot;:0},&quot;12&quot;:0,&quot;14&quot;:{&quot;1&quot;:2,&quot;2&quot;:0}}\" data-sheets-hyperlink=\"https:\/\/instagram.com\/lamanaditadealice?igshid=YmMyMTA2M2Y=\"> <a class=\"in-cell-link\" href=\"https:\/\/instagram.com\/lamanaditadealice?igshid=YmMyMTA2M2Y=\" target=\"_blank\" rel=\"noopener\"> https:\/\/instagram.com\/lamanaditadealice<\/a><\/span><\/p>\n<p>Por otro lado, funcionar\u00e1 <strong>La Proveedur\u00eda Natural<\/strong> donde se podr\u00e1n adquirir productos naturales, saludables, org\u00e1nicos, agroecol\u00f3gicos, veganos, sin tacc, cruelty free y\u00a0amigables con el medioambiente.\u00a0En la Proveedur\u00eda\u00a0se puede encontrar frutas y verduras org\u00e1nicas, panificados integrales, comida casera vegana, miel org\u00e1nica, conservas y mermeladas, gran variedad de frutos secos, bebidas naturales y saludables, elementos de limpieza, cosm\u00e9tica natural, aromaterapia y aromacolog\u00eda.<\/p>\n<p><a href=\"https:\/\/quasarcomunicacion.com.ar\/web\/wp-content\/uploads\/2023\/04\/nocturnafebrero1.gif\"><img class=\"aligncenter\" src=\"https:\/\/quasarcomunicacion.com.ar\/web\/wp-content\/uploads\/2023\/04\/nocturnafebrero1.gif\" \/><\/a><\/p>\n<p>Durante el paseo, se podr\u00e1n disfrutar espacios de Artesan\u00edas en telas; Accesorios (colgantes, aros y pulseras) con dise\u00f1o y calidad; Venta de ropa deportiva, Lenceria, bikinis y accesorios varios; Art\u00edculos de marroquineria en cuero; productos de decoraci\u00f3n hechos 100% a mano combinando elementos como alambre, madera, tejidos; Venta de joyas (plata,acero quir\u00fargico y acero ba\u00f1ado); Venta de productos Essen y productos de pasteler\u00eda; Velas de cera de soja y de abeja; Difusores, Home spray, productos r\u00fasticos de maderas recuperadas; mates, bombillas, jarros, vasos t\u00e9rmicos, jarros y yerberas y latas; Cosm\u00e9tica natural; Productos de decoraci\u00f3n; productos naturales para el bienestar f\u00edsico y emocional; Tejidos a crochet, 2 agujas, macram\u00e9, amigurumis,llaveros, top, atrapasue\u00f1os, portamacetas y reproducci\u00f3n de cactus y suculentas; Cer\u00e1mica artesanal y art\u00edculos de arte con materiales de la naturaleza; T\u00edteres, marionetas de goma espuma, tallados y por planos; Venta de ropa modo circular; Ropa usada; ponchos, pashminas, almohadones, pie de cama, mantas, decoraci\u00f3n realizado totalmente a mano con materiales naturales; Venta de fragancias Simil, R\u00e9plicas de perfumes importados, y mucho m\u00e1s.<\/p>\n<p><strong>Pilar de Feria <\/strong>viene brindando estos espacios para emprendedores desde 2011. Junto a <strong> Pilar Emprende <\/strong>no s\u00f3lo ofrecen un espacio de exhibici\u00f3n y venta para peque\u00f1os emprendedores sino un acompa\u00f1amiento para que profesionalicen sus emprendimientos y logren un paso exitoso por la feria m\u00e1s all\u00e1 de ese tiempo de exhibici\u00f3n, logrando planificar y concretar sus objetivos antes, durante y despu\u00e9s del evento.<\/p>\n<p><a href=\"https:\/\/quasarcomunicacion.com.ar\/web\/wp-content\/uploads\/2023\/01\/eneronocturna1.gif\"><img class=\"aligncenter\" src=\"https:\/\/quasarcomunicacion.com.ar\/web\/wp-content\/uploads\/2023\/01\/eneronocturna1.gif\" \/><\/a><\/p>\n<p>Todos los detalles aqu\u00ed <a href=\"https:\/\/linktr.ee\/pilardeferia\">https:\/\/linktr.ee\/pilardeferia<\/a> y el mapa de c\u00f3mo llegar (est\u00e1 a pocas cuadras de Palmas de Pilar y tiene acceso desde Panamericana Km 50 o Ruta 8)<\/p>\n<p>Conoc\u00e9 m\u00e1s en las redes sociales: instagram y facebook @pilardeferia<\/p>\n<p><strong> Acerca de <\/strong><strong> Pilar Emprende<\/strong><\/p>\n<p><strong> Conoc\u00e9 m\u00e1s en <a href=\"https:\/\/linktr.ee\/pilaremprende\"> https:\/\/linktr.ee\/pilaremprende<\/a> <\/strong><\/p>\n<p><strong>Pilar Emprende<\/strong> surge a partir del trabajo de <strong>Emprender HOY, <\/strong>un espacio que busca otorgarle valor a los proyectos de emprendedores de la zona, acompa\u00f1arlos en su puesta en marcha y disfrutar en equipo de los objetivos cumplidos<\/p>\n<p>Para cumplir con su misi\u00f3n, brindan herramientas, espacios de networking, capacitaciones, tips, noticias, consultor\u00eda y todo lo que necesita el emprendedor para crecer y conformar un s\u00f3lido ecosistema emprendedor.<\/p>\n<p><strong> Pilar Emprende<\/strong> es un espacio pensado por emprendedores para los emprendedores de Pilar que junto a <strong>Emprender HOY<\/strong> le brindan oportunidades para crecer con su proyecto<\/p>\n<p><strong> Emprender HOY <\/strong> es un espacio para todos los emprendedores que se materializa en diversos eventos como ferias, encuentros, capacitaciones, consultor\u00edas, espacios de networking, entre otros.<\/p>\n<p>La raz\u00f3n de ser, la misi\u00f3n, de <strong>Emprender HOY <\/strong>es proporcionar al sector Emprendedor herramientas y conocimientos que le permitan desarrollar su propio emprendimiento e incorporar competencias que deriven en su mejora continua.<\/p>\n<p>Desde la instituci\u00f3n buscan fomentar el autoempleo y la sustentabilidad de los proyectos contribuyendo a la generaci\u00f3n de valor econ\u00f3mico en la sociedad a trav\u00e9s de la creaci\u00f3n y sostenimiento de un ecosistema emprendedor. Aspiran a ser un canal de comunicaci\u00f3n entre los emprendedores y entre las instituciones y organismos dedicados a ellos<\/p>\n<p>Tambi\u00e9n cuentan con un grupo de consultores independientes que acercan su saber a los emprendedores, gener\u00e1ndose una comunidad donde la informaci\u00f3n se comparte de forma exponencial y viral<\/p>\n<p><b>\u00a0Acerca de Pilar de Feria<\/b><\/p>\n<p>Esta es una nueva edici\u00f3n de<strong> Pilar de Feria<\/strong> (mir\u00e1 todas las ediciones en <a href=\"http:\/\/www.pilardeferia.com.ar\/ediciones.htm\"> http:\/\/www.pilardeferia.com.ar\/ediciones.htm<\/a>). El equipo de <strong>Pilar de Feria <\/strong>viene organizando este tipo de eventos desde 2011 cuando realizaron<strong> Pilar de Feria Navidad<\/strong>, luego la edici\u00f3n Verano en 2012. M\u00e1s tarde dos ediciones en Pilar Point (\u201cDe Shopping\u201d y \u201cArtesan\u00edas, Arte y Dise\u00f1o D\u00eda de la Madre\u201d) para terminar el 2012 con la Edici\u00f3n Navidad. En 2015 realizaron la edici\u00f3n \u201cEmprendedores\u201d y \u201cShowroom\u201d en Galer\u00eda Site Zen. En marzo de 2016 se realiz\u00f3 la primera feria en La F\u00e1brica, continuando el segundo s\u00e1bado de cada mes con la propuesta.<\/p>\n<p><strong> Pilar de Feria<\/strong> es un evento peri\u00f3dico y tem\u00e1tico\u00a0 posee diversos t\u00f3picos. La entrada siempre es libre y gratuita para todo el p\u00fablico y el objetivo es darle a los emprendedores un lugar para la exhibici\u00f3n y venta de sus productos. Por Ordenanza 328\/12, <strong> Pilar de Feria<\/strong> fue declarada de Inter\u00e9s Municipal.<\/p>\n<p>Como signo distintivo, a la muestra de productos y servicios se le agregan eventos y herramientas que se le otorgan a los emprendedores como valor agregado para convertirse en una excelente herramienta de marketing, difusi\u00f3n y venta. Adem\u00e1s, de un recomendable paseo en familia.<\/p>\n<p>Los emprendedores, adem\u00e1s del apoyo en la difusi\u00f3n de su actividad reciben capacitaci\u00f3n, tips y consejos brindados por expertos en la materia<\/p>\n<p><strong><em>Por otras im\u00e1genes, audios o entrevistas no dude en contactarse<\/em><\/strong><\/p>\n<p><strong><em> Contactos de Prensa<\/em><\/strong><\/p>\n<table width=\"100%\">\n<tbody>\n<tr>\n<td width=\"50%\"><strong> Candela Villanueva<\/strong><strong> &#8211; Asistente de Cuentas<\/strong><\/p>\n<p><b> Directo<\/b><strong>: <\/strong> 0230-4664772<br \/>\n<b> Skype:<\/b> quasarcomunicacion<br \/>\n<b> Instagram<\/b>: @quasarcomunicacion<br \/>\n<b> Twitter:<\/b> @quasarpilar<br \/>\n<b> Gr<\/b><b>upo y p\u00e1gina en Facebook: <\/b> www.facebook.com\/<a href=\"mailto:mfipata@gmail.com\">Quasar<\/a>Comunicacion<br \/>\n<b> Web:<\/b> <a href=\"http:\/\/www.quasarcomunicacion.com.ar\"> www.quasarcomunicacion.com.ar<\/a><\/p>\n<p><b> Mail<\/b><strong> :<\/strong><a href=\"mailto:fernanda@quasarcomunicacion.com.ar\">candela@quasarcomunicacion.com.ar<\/a><\/td>\n<td width=\"50%\"><strong> Lic. Mar\u00eda Fernanda Ipata &#8211; Directora<br \/>\n<\/strong> <b><br \/>\n<\/b> <b> M\u00f3vil:<\/b> 0230-15-4584535<br \/>\n<b> Whatsapp<\/b><b>:<\/b><a href=\"https:\/\/bit.ly\/2J4cUvm\"> 11 5312 6795<\/a><br \/>\n<a href=\"https:\/\/bit.ly\/2Sn1zLP\"> Enviar whatsapp aqu\u00ed<\/a><br \/>\n<b> Skype:<\/b> quasarcomunicacion<br \/>\n<b> LinkedIn<\/b><strong>:\u00a0 <\/strong> <strong> <a href=\"http:\/\/www.linkedin.com\/in\/mfipata\"> http:\/\/www.linkedin.com\/in\/mfipata<\/a><\/strong><br \/>\n<a href=\"https:\/\/www.linkedin.com\/company\/quasarcomunicacion\"> https:\/\/www.linkedin.com\/company\/quasarcomunicacion<\/a><br \/>\n<b> Instagram y Facebook:<\/b> @quasarcomunicacion <b><br \/>\nWeb:<\/b> <a href=\"http:\/\/www.quasarcomunicacion.com.ar\"> www.quasarcomunicacion.com.ar<\/a><br \/>\n<b> Mail<\/b><strong>:<\/strong><a href=\"mailto:fernanda@quasarcomunicacion.com.ar\"> fernanda@quasarcomunicacion.com.ar<\/a><br \/>\n<b> Telegram: https:\/\/t.me\/QuasarComunicacion<\/b><br \/>\n<b> Canal de Telegram para acceder a comunicados:<\/b> https:\/\/t.me\/comunicadosQC<\/td>\n<\/tr>\n<\/tbody>\n<\/table>\n","protected":false},"excerpt":{"rendered":"<p>El s\u00e1bado 22 de abril de 18 a 21 hs se realizar\u00e1 una nueva edici\u00f3n del SHOWROO NOCTURNO de Pilar [&hellip;]<\/p>\n","protected":false},"author":2,"featured_media":12174,"comment_status":"closed","ping_status":"closed","sticky":false,"template":"","format":"standard","meta":[],"categories":[2],"tags":[],"_links":{"self":[{"href":"https:\/\/quasarcomunicacion.com.ar\/web\/wp-json\/wp\/v2\/posts\/12176"}],"collection":[{"href":"https:\/\/quasarcomunicacion.com.ar\/web\/wp-json\/wp\/v2\/posts"}],"about":[{"href":"https:\/\/quasarcomunicacion.com.ar\/web\/wp-json\/wp\/v2\/types\/post"}],"author":[{"embeddable":true,"href":"https:\/\/quasarcomunicacion.com.ar\/web\/wp-json\/wp\/v2\/users\/2"}],"replies":[{"embeddable":true,"href":"https:\/\/quasarcomunicacion.com.ar\/web\/wp-json\/wp\/v2\/comments?post=12176"}],"version-history":[{"count":3,"href":"https:\/\/quasarcomunicacion.com.ar\/web\/wp-json\/wp\/v2\/posts\/12176\/revisions"}],"predecessor-version":[{"id":12179,"href":"https:\/\/quasarcomunicacion.com.ar\/web\/wp-json\/wp\/v2\/posts\/12176\/revisions\/12179"}],"wp:featuredmedia":[{"embeddable":true,"href":"https:\/\/quasarcomunicacion.com.ar\/web\/wp-json\/wp\/v2\/media\/12174"}],"wp:attachment":[{"href":"https:\/\/quasarcomunicacion.com.ar\/web\/wp-json\/wp\/v2\/media?parent=12176"}],"wp:term":[{"taxonomy":"category","embeddable":true,"href":"https:\/\/quasarcomunicacion.com.ar\/web\/wp-json\/wp\/v2\/categories?post=12176"},{"taxonomy":"post_tag","embeddable":true,"href":"https:\/\/quasarcomunicacion.com.ar\/web\/wp-json\/wp\/v2\/tags?post=12176"}],"curies":[{"name":"wp","href":"https:\/\/api.w.org\/{rel}","templated":true}]}}