{"id":12161,"date":"2023-03-30T18:33:19","date_gmt":"2023-03-30T18:33:19","guid":{"rendered":"https:\/\/quasarcomunicacion.com.ar\/web\/?p=12161"},"modified":"2023-03-30T18:33:19","modified_gmt":"2023-03-30T18:33:19","slug":"la-camara-de-la-mediana-y-pequena-empresa-de-pilar-participo-del-iv-encuentro-educacion-y-trabajo-para-el-desarrollo-local-en-el-parque-industrial","status":"publish","type":"post","link":"https:\/\/quasarcomunicacion.com.ar\/web\/la-camara-de-la-mediana-y-pequena-empresa-de-pilar-participo-del-iv-encuentro-educacion-y-trabajo-para-el-desarrollo-local-en-el-parque-industrial\/","title":{"rendered":"La C\u00e1mara de la Mediana y Peque\u00f1a Empresa de Pilar particip\u00f3 del IV Encuentro Educaci\u00f3n y Trabajo para el Desarrollo Local en el Parque Industrial"},"content":{"rendered":"<p>En la ma\u00f1ana del mi\u00e9rcoles 29 de marzo se llev\u00f3 adelante el IV ENCUENTRO EDUCACI\u00d3N Y TRABAJO PARA EL DESARROLLO LOCAL, en la UTN FRD Sede Pilar en el Parque Industrial. El socio y consultor en Recursos Humanos, Federico Mila particip\u00f3 del evento en nombre de la <strong>C\u00e1mara de la Mediana y Peque\u00f1a Empresa de Pilar<\/strong>.<!--more--><\/p>\n<p>Este fue el primer encuentro del a\u00f1o, y el cuarto realizado desde 2022.<\/p>\n<p><em>\u00abResaltamos la presencia del \u00e1mbito educativo y del empresariado local.\u00a0 Fue muy enriquecedor para aquellas empresas que a\u00fan no se animan a tomar alumnos para sus Pr\u00e1cticas Profesionalizantes el hecho de haber escuchado a las empresas que lo han hecho con experiencias muy positivas y lo mismo los testimonios de alumnos. Adem\u00e1s se habl\u00f3 del marco legal y se evacuaron todas las dudas\u00bb,<\/em> ampli\u00f3 Federico Mila, consultor en Recursos Humanos de la <strong>C\u00e1mara de la Mediana y Peque\u00f1a Empresa de Pilar<\/strong>.<\/p>\n<p><a href=\"https:\/\/quasarcomunicacion.com.ar\/web\/wp-content\/uploads\/2023\/03\/practicas1.gif\"><img class=\"aligncenter\" src=\"https:\/\/quasarcomunicacion.com.ar\/web\/wp-content\/uploads\/2023\/03\/practicas1.gif\" \/><\/a><\/p>\n<p>Estos espacios tienen como finalidad, incentivar y motivar con una mirada hacia el futuro, proyectando y generando nuevas ideas en este mundo tan \u00e1gil y cambiante, siempre focalizando en las oportunidades que existen en Pilar.<\/p>\n<p>Durante el encuentro se present\u00f3 el Programa Provincial de Pr\u00e1cticas Profesionalizantes, esto lo hicieron los directivos de la secundaria T\u00e9cnica 1 Sergio Acosta y Claudio Sosa adem\u00e1s de Maximiliano C\u00f3rdoba de la T\u00e9cnica 2. Es importante saber que las pr\u00e1cticas profesionalizantes son obligatorias y necesarias para que los alumnos puedan graduarse.<\/p>\n<p>Cabe destacar que Pilar cuenta con tres escuelas t\u00e9cnicas en Pilar centro, Del Viso y Derqui donde se brindan las siguientes orientaciones: Qu\u00edmica, Electr\u00f3nica, Alimentos, Maestro Mayor de Obras, Electromec\u00e1nica, Automotores, Turismo e Inform\u00e1tica. Por tanto las empresas interesadas en recibir a los alumnos para sus pr\u00e1cticas deben estar dentro de estos rubros.<\/p>\n<p>Luego se comparti\u00f3 un audiovisual con los testimonios de estudiantes que participaron del Programa, varios de ellos hoy empleados como trabajadores en las firmas donde realizaron las pr\u00e1cticas.<\/p>\n<p>M\u00e1s tarde, las empresas YKK, ATANOR, JULIO GARCIA e HIJOS y JOHNSON MATTHEY a trav\u00e9s de sus representantes compartieron sus experiencias como Instituciones Oferentes del Programa. Por \u00faltimo, se procedi\u00f3 a la entrega de un reconocimiento a las empresas que participaron del Programa durante el a\u00f1o 2022.<\/p>\n<p>\u201cM\u00e1s all\u00e1 de las responsabilidades institucionales que hoy nos toca desempe\u00f1ar, somos un grupo de hombres y mujeres que seguimos apostando por el pa\u00eds, por sus empresas y por la comunidad estudiantil pilarense, porque estamos convencidos de que podemos vivir en un lugar mejor y queremos ser protagonistas de ese espacio\u201d, dijeron los organizadores.<\/p>\n<p><a href=\"https:\/\/quasarcomunicacion.com.ar\/web\/wp-content\/uploads\/2023\/03\/practicas.gif\"><img class=\"aligncenter\" src=\"https:\/\/quasarcomunicacion.com.ar\/web\/wp-content\/uploads\/2023\/03\/practicas.gif\" \/><\/a><\/p>\n<p>El evento estuvo organizado por un grupo representado por el Estado Municipal, Instituciones Educativas del Nivel Superior, instituciones intermedias y el entramado productivo y laboral local, que apuesta a generar un Pilar, con m\u00e1s y mejores oportunidades para los estudiantes de la escuela secundaria t\u00e9cnica.<\/p>\n<p>El encuentro estuvo organizado por la CEPIP (C\u00e1mara Empresaria del Parque Industrial Pilar), CICOPROA (C\u00e1mara de Industria y Comercio de Villa Rosa), SCIPA (Sociedad de Comerciantes, Industriales Propietarios y Afines del Partido de Pilar), la C\u00e1mara de la Peque\u00f1a y Mediana Empresa de Pilar, la C\u00e1mara de Comercio de Presidente Derqui, la Universidad del Salvador, la UTN Universidad Tecnol\u00f3gica Nacional, la Universidad Austral y la Municipalidad del Pilar.<\/p>\n<p><strong>Acerca de las Pr\u00e1ctica Profesionalizantes (P.P.)<\/strong><\/p>\n<p>Las P.P. son uno de los cuatro de campos de formaci\u00f3n que atraviesa la formaci\u00f3n secundaria de la educaci\u00f3n t\u00e9cnico profesional. Se establece a partir de un espacio curricular en el s\u00e9ptimo a\u00f1o. No es una materia convencional como el resto, es una pr\u00e1ctica profesional en un ambiente real de trabajo.<\/p>\n<p>Posee tres formatos de realizaci\u00f3n y cursada para los alumnos:<br \/>\n\u2022 Pr\u00e1cticas externas: se realizan en una empresa o entorno productivo.<br \/>\n\u2022 Pr\u00e1cticas internas: se realizan en la escuela, en un espacio simulado a un entorno real de trabajo.<br \/>\n\u2022 Pr\u00e1cticas mixtas: se realizan una parte en empresa y la otra en escuela o viceversa.<\/p>\n<p>En todo momento los alumnos tienen un docente de la escuela a cargo de las pr\u00e1cticas profesionalizantes. Este rol es indelegable y el docente ser\u00e1 el evaluador de dicha pr\u00e1ctica. Las P.P. tienen una sola nota anual luego de culminada la misma. En caso de desaprobar, el alumno debe recursar el siguiente ciclo lectivo y cumplimentar todos los requisitos nuevamente. No es una materia que se rinde en mesa de examen, como el resto.<\/p>\n<p>Los requisitos de aprobaci\u00f3n de las P.P. son cumplimentar como m\u00ednimo 200 horas reloj y realizar una pr\u00e1ctica acorde a su tecnicatura. Adquiriendo capacidades profesionales propias de su perfil profesional.<\/p>\n<p>Las P.P. <strong>NO son PASANTIAS<\/strong>, en las pasant\u00edas los alumnos deben inscribirse en la AFIP y tener un r\u00e9dito econ\u00f3mico.<\/p>\n<p>Adem\u00e1s, las pasant\u00edas son optativas para los alumnos de educaci\u00f3n t\u00e9cnica.<\/p>\n<p>En cambio, las P.P. son obligatorias a trav\u00e9s de una materia de 7mo a\u00f1o, para los alumnos de educaci\u00f3n t\u00e9cnica. En las P.P. no es necesario inscribirlo a la AFIP y solamente se podr\u00eda brindar al alumno un fondo est\u00edmulo para gastos de vi\u00e1ticos.<\/p>\n<p>Son necesarias para evaluar capacidades profesionales, acorde al futuro perfil profesional. Exclusivamente para el ciclo superior de la escuela t\u00e9cnica.<\/p>\n<p>Si las P.P se realizan en formato externo (en una empresa), la empresa pasa a ser una extensi\u00f3n de la escuela. Por lo tanto, los alumnos se encuentran cubiertos con el seguro de la Direcci\u00f3n General de Escuelas a trav\u00e9s de Provincia Seguros (P\u00f3liza emitida cada ciclo lectivo por la aseguradora); no pudiendo realizar m\u00e1s de 4 horas diarias y no m\u00e1s de 20 horas semanales. Los d\u00edas feriados, s\u00e1bados o domingos y en vacaciones de invierno, los alumnos no pueden asistir a la empresa. El ambiente de trabajo es una extensi\u00f3n de la escuela, por tal motivo los d\u00edas donde no hay clases en la escuela, los alumnos no pueden concurrir a sus pr\u00e1cticas profesionalizantes.<\/p>\n<p>Una vez que el alumno, culmina con los requisitos m\u00ednimos, la empresa puede optar por mantenerlo hasta el fin del ciclo lectivo o realizar la culminaci\u00f3n con ese alumno para comenzar con otro. (200 hs. son aproximadamente 2 meses y medio)<\/p>\n<p>Las empresas pueden tener todos los alumnos que deseen para realizar las P.P., para lo que debe estar inscriptas como empresa oferente en la plataforma del COPRET: http:\/\/rio.copret.abc.gob.ar\/ Ingresar en el icono \u201cINSTITUCIONES OFERENTES\u201d.<\/p>\n<p>Despu\u00e9s de realizado el registro y para poder comenzar, se realizar\u00e1 la elecci\u00f3n de los alumnos que realizar\u00e1n dicha pr\u00e1ctica. Esa elecci\u00f3n puede estar a cargo de la empresa o a trav\u00e9s de la escuela. La escuela debe elevar el plan de pr\u00e1cticas profesionalizantes por la web al COPRET, Consejo Provincial entre Educaci\u00f3n y Trabajo. Este Consejo visar\u00e1 y aprobar\u00e1 dicho plan, sin la disposici\u00f3n firmada y aprobada por este ente, los alumnos no pueden comenzar.<\/p>\n<p>CONSULTAS O DUDAS: <a href=\"mailto:desarrolloeconomico@pilar.gov.ar\"> desarrolloeconomico@pilar.gov.ar<\/a><\/p>\n<p><strong>Acerca de la C\u00e1mara PyME de Pilar<\/strong><\/p>\n<p>Desde su creaci\u00f3n la <strong>C\u00e1mara PyME de Pilar<\/strong> foment\u00f3 convenios con otras Instituciones como AIME (Asociaci\u00f3n Iberoamericana de Mujeres Empresarias), la CEPIP (C\u00e1mara Empresaria del Parque Industrial Pilar), es socio institucional del Consejo Consultivo de la C\u00e1mara Argentina de Comercio (CAC, miembro de la Uni\u00f3n Industrial de la Provincia de Buenos Aires (UIPBA), la FIE\u00a0Argentina (Federaci\u00f3n Interamericana Empresarial) y la USAM (Universidad Nacional de San Mart\u00edn) donde la Entidad forma parte del Consejo de Ciencias Econ\u00f3micas en la persona de Marta Yezerski; en 2021 firm\u00f3 convenio con Pilar Emprende para potenciar emprendedores.<\/p>\n<p>En estas d\u00e9cadas integraron la comisi\u00f3n la Mujer y el Trabajo de la Uni\u00f3n Industrial Argentina (UIA), fueron panelistas por Argentina en el Congreso Iberoamericano de Mujeres Empresarias (CIME), llevaron adelante el programa televisivo multipremiado llamado Impacto Productivo, lanzaron ProUmPi (la Universidad P\u00fablica de Pilar), hicieron actividades junto a la Uni\u00f3n Industrial de Pilar, editaron la primera revista para Mujeres Empresarias de la regi\u00f3n, participaron del Foro de Mujeres del Mercosur, etc.<\/p>\n<p>Firmaron infinidad de convenios, por ejemplo con Pilar Emprende, con el Consejo Superior de la Universidad de Luj\u00e1n, con el Ministerio de Trabajo de la Provincia de Buenos Aires, con la Universidad del Salvador, con la Subsecretar\u00eda de Promoci\u00f3n y Desarrollo de Microempresas del Ministerio de Producci\u00f3n y el Empleo de la Provincia de Buenos Aires,\u00a0con Cecam (Centro de Educaci\u00f3n y Capacitaci\u00f3n de la Mujer),\u00a0 Medif\u00e9, entre otros.<\/p>\n<p>La <strong>C\u00e1mara Pyme de Pilar<\/strong> busca fortalecer, promover y desarrollar la tarea empresarial por medio de la capacitaci\u00f3n y la formaci\u00f3n de nuevos contactos actuando como n\u00facleo para el desarrollo de negocios. Su propuesta tiende a obtener un crecimiento conjunto, donde las experiencias vayan enriqueciendo las posibilidades de cada empresa, respondiendo as\u00ed a las necesidades cambiantes del mercado global.<\/p>\n<p>Los interesados en sumarse a la Entidad podr\u00e1 asociarse click aqu\u00ed <a href=\"https:\/\/cpymepilar.org.ar\/asociese\/\">https:\/\/cpymepilar.org.ar\/asociese\/<\/a><\/p>\n<p><strong><em>Por otras im\u00e1genes, audios o entrevistas no dude en contactarse<\/em><\/strong><\/p>\n<p><strong><em> Contactos de Prensa<\/em><\/strong><\/p>\n<table width=\"100%\">\n<tbody>\n<tr>\n<td width=\"50%\"><strong> Candela Villanueva &#8211; Asistente de Cuentas<\/p>\n<p><\/strong> <b> Directo<\/b><strong>: <\/strong> 0230-4664772<br \/>\n<b> Skype:<\/b> quasarcomunicacion<br \/>\n<b> Instagram<\/b>: @quasarcomunicacion<br \/>\n<b> Twitter:<\/b> @quasarpilar<br \/>\n<b> Gr<\/b><b>upo y p\u00e1gina en Facebook: <\/b> www.facebook.com\/<a href=\"mailto:mfipata@gmail.com\">Quasar<\/a>Comunicacion<br \/>\n<b> Web:<\/b> <a href=\"http:\/\/www.quasarcomunicacion.com.ar\"> www.quasarcomunicacion.com.ar<\/a><\/p>\n<p><b> Mail<\/b><strong>:<\/strong> <a href=\"mailto:fernanda@quasarcomunicacion.com.ar\"> candela<\/a><a href=\"mailto:fernanda@quasarcomunicacion.com.ar\">@quasarcomunicacion.com.ar<\/a><\/td>\n<td width=\"50%\"><strong> Lic. Mar\u00eda Fernanda Ipata &#8211; Directora<br \/>\n<\/strong> <b><br \/>\n<\/b> <b> M\u00f3vil:<\/b> 0230-15-4584535<br \/>\n<b> Whatsapp<\/b><b>:<\/b><a href=\"https:\/\/bit.ly\/2J4cUvm\"> 11 5312 6795<\/a><br \/>\n<a href=\"https:\/\/bit.ly\/2Sn1zLP\"> Enviar whatsapp aqu\u00ed<\/a><br \/>\n<b> Skype:<\/b> quasarcomunicacion<br \/>\n<b> LinkedIn<\/b><strong>:\u00a0 <\/strong> <strong> <a href=\"http:\/\/www.linkedin.com\/in\/mfipata\"> http:\/\/www.linkedin.com\/in\/mfipata<\/a><\/strong><br \/>\n<a href=\"https:\/\/www.linkedin.com\/company\/quasarcomunicacion\"> https:\/\/www.linkedin.com\/company\/quasarcomunicacion<\/a><br \/>\n<b> Instagram y Facebook:<\/b> @quasarcomunicacion <b><br \/>\nWeb:<\/b> <a href=\"http:\/\/www.quasarcomunicacion.com.ar\"> www.quasarcomunicacion.com.ar<\/a><br \/>\n<b> Mail<\/b><strong>:<\/strong><a href=\"mailto:fernanda@quasarcomunicacion.com.ar\"> fernanda@quasarcomunicacion.com.ar<\/a><br \/>\n<b> Telegram: https:\/\/t.me\/QuasarComunicacion<\/b><br \/>\n<b> Canal de Telegram para acceder a comunicados:<\/b> https:\/\/t.me\/comunicadosQC<\/td>\n<\/tr>\n<\/tbody>\n<\/table>\n","protected":false},"excerpt":{"rendered":"<p>En la ma\u00f1ana del mi\u00e9rcoles 29 de marzo se llev\u00f3 adelante el IV ENCUENTRO EDUCACI\u00d3N Y TRABAJO PARA EL DESARROLLO [&hellip;]<\/p>\n","protected":false},"author":2,"featured_media":12159,"comment_status":"closed","ping_status":"closed","sticky":false,"template":"","format":"standard","meta":[],"categories":[2],"tags":[],"_links":{"self":[{"href":"https:\/\/quasarcomunicacion.com.ar\/web\/wp-json\/wp\/v2\/posts\/12161"}],"collection":[{"href":"https:\/\/quasarcomunicacion.com.ar\/web\/wp-json\/wp\/v2\/posts"}],"about":[{"href":"https:\/\/quasarcomunicacion.com.ar\/web\/wp-json\/wp\/v2\/types\/post"}],"author":[{"embeddable":true,"href":"https:\/\/quasarcomunicacion.com.ar\/web\/wp-json\/wp\/v2\/users\/2"}],"replies":[{"embeddable":true,"href":"https:\/\/quasarcomunicacion.com.ar\/web\/wp-json\/wp\/v2\/comments?post=12161"}],"version-history":[{"count":1,"href":"https:\/\/quasarcomunicacion.com.ar\/web\/wp-json\/wp\/v2\/posts\/12161\/revisions"}],"predecessor-version":[{"id":12164,"href":"https:\/\/quasarcomunicacion.com.ar\/web\/wp-json\/wp\/v2\/posts\/12161\/revisions\/12164"}],"wp:featuredmedia":[{"embeddable":true,"href":"https:\/\/quasarcomunicacion.com.ar\/web\/wp-json\/wp\/v2\/media\/12159"}],"wp:attachment":[{"href":"https:\/\/quasarcomunicacion.com.ar\/web\/wp-json\/wp\/v2\/media?parent=12161"}],"wp:term":[{"taxonomy":"category","embeddable":true,"href":"https:\/\/quasarcomunicacion.com.ar\/web\/wp-json\/wp\/v2\/categories?post=12161"},{"taxonomy":"post_tag","embeddable":true,"href":"https:\/\/quasarcomunicacion.com.ar\/web\/wp-json\/wp\/v2\/tags?post=12161"}],"curies":[{"name":"wp","href":"https:\/\/api.w.org\/{rel}","templated":true}]}}