{"id":12118,"date":"2023-02-18T16:07:47","date_gmt":"2023-02-18T16:07:47","guid":{"rendered":"https:\/\/quasarcomunicacion.com.ar\/web\/?p=12118"},"modified":"2023-02-18T16:12:30","modified_gmt":"2023-02-18T16:12:30","slug":"la-red-de-costureras-solidarias-de-pilar-realiza-campana-de-recoleccion-de-utiles","status":"publish","type":"post","link":"https:\/\/quasarcomunicacion.com.ar\/web\/la-red-de-costureras-solidarias-de-pilar-realiza-campana-de-recoleccion-de-utiles\/","title":{"rendered":"La Red de Costureras Solidarias de Pilar realiza campa\u00f1a de recolecci\u00f3n de \u00fatiles"},"content":{"rendered":"<p>Las voluntarias de la <strong>Red de Costureras Solidarias de Pilar<\/strong> lanzaron una nueva campa\u00f1a de recolecci\u00f3n de \u00fatiles escolares para ni\u00f1os y adolescentes en situaci\u00f3n de vulnerabilidad.<\/p>\n<p>La campa\u00f1a se inici\u00f3 el s\u00e1bado 11 de febrero en Pilar de Feria, donde los visitantes pudieron acercar sus donaciones al stand de la Red de Costureras. Y ahora est\u00e1n recepcionando en Pilar, Del Viso y Derqui.<!--more--><\/p>\n<p>El Colegio Chesterton de Presidente Derqui recibir\u00e1 \u00fatiles el 27 y 28 de febrero de 9 a 15 hs en sus instalaciones de Domingo Faustino Sarmiento 299). Los empleados de Toyota Pilar tambi\u00e9n iniciaron una campa\u00f1a interna para recolectar \u00fatiles para la Red.<\/p>\n<p><a href=\"https:\/\/quasarcomunicacion.com.ar\/web\/wp-content\/uploads\/2023\/02\/utiles.gif\"><img class=\"alignnone\" src=\"https:\/\/quasarcomunicacion.com.ar\/web\/wp-content\/uploads\/2023\/02\/utiles.gif\" \/><\/a><\/p>\n<p>Quien desee colaborar podr\u00e1 contactarse por whatsapp al 11 6742 7635, se reciben \u00fatiles nuevos y usados en buen estado.<\/p>\n<p>Est\u00e1n colaborando con Leo, un joven de 15 a\u00f1os de Del Viso que quiere terminar sus estudios secundarios y para recaudar dinero limpia veredas. Una voluntaria de la red acerc\u00f3 la situaci\u00f3n al grupo y se est\u00e1 trabajando para equiparlo de todo lo necesario para que el 1\u00b0 de marzo inicie las clases.<\/p>\n<p><span style=\"font-size: small;\">Tambi\u00e9n se confeccionaron cartucheras para los m\u00e1s peque\u00f1os que ser\u00e1n entregadas a los m\u00e1s necesitados.<\/span><\/p>\n<p>Esta campa\u00f1a ya la hab\u00edan llevado a cabo el a\u00f1o pasado para nutrir de \u00fatiles a las cartucheras que entregaron en diversas instituciones con resultados favorables por lo cual la replicaron este 2023 para continuar ayudando a quienes menos tienen.<\/p>\n<p>Adem\u00e1s, siguen vigentes las campa\u00f1as de ropa y calzado en buen estado para el #RoperitoSolidario y de juguetes para el pr\u00f3ximo d\u00eda del ni\u00f1o. Lo mismo se recepcionan retazos e insumos de costura<\/p>\n<p>M\u00e1s info en <a href=\"https:\/\/linktr.ee\/costureraspilar\"> https:\/\/linktr.ee\/costureraspilar<\/a> o por whatsapp al 11 6742 7635 o escribiendo <a href=\"mailto:costureraspilar@gmail.com\"> costureraspilar@gmail.com<\/a><\/p>\n<p>El 22 de abril estar\u00e1n nuevamente en Pilar de Feria en La F\u00e1brica mostrando el trabajo del Taller de Confecci\u00f3n, las campa\u00f1as solidarias de la red y recaudando fondos con el Roperito Solidario para sostener los proyectos. Actualmente lo recaudado se destina a comprar fibras para un proyecto de decoraci\u00f3n de almohadones para ni\u00f1os. Los interesados podr\u00e1n acercar donaciones al stand de ropa, calzado, \u00fatiles e insumos de costura y retazos.<\/p>\n<p><a href=\"https:\/\/quasarcomunicacion.com.ar\/web\/wp-content\/uploads\/2023\/02\/utiles1.gif\"><img class=\"alignnone\" src=\"https:\/\/quasarcomunicacion.com.ar\/web\/wp-content\/uploads\/2023\/02\/utiles1-577x1024.gif\" \/><\/a><\/p>\n<p><b> El trabajo de la Red<\/b><\/p>\n<p>La <strong>Red de Costureras Solidarias de Pilar<\/strong> es un proyecto colaborativo surgido del trabajo en equipo entre diversas instituciones y un gran n\u00famero de costureras de todos los barrios de Pilar. All\u00e1 por marzo de 2020, cuando comenzaban a surgir los primeros casos de coronavirus en el pa\u00eds y se decretaba el Aislamiento Social Preventivo y Obligatorio, un grupo de instituciones y voluntarios se uni\u00f3 con la coordinaci\u00f3n de <strong>Pilar Emprende<\/strong>\u00a0 para darle nacimiento a la red.<\/p>\n<p>Toda esta gran tarea de trabajo en equipo llev\u00f3 al proyecto a ser uno de los finalistas del Premio Abanderados de Canal 13 en su edici\u00f3n especial Covid-19.<\/p>\n<p>Durante la pandemia confeccionaron m\u00e1s de 71 mil tapabocas.<\/p>\n<p>Para cada nuevo proyecto, los voluntarios de la red distribuyen los insumos y cada costurera, desde su domicilio confecciona los tapabocas que luego son entregados a instituciones de la zona para llegar a los vecinos que los necesitan.<\/p>\n<p>Adem\u00e1s, ya confeccionaron y donaron casi 500 kits de cuidado para un regreso seguro a las aulas. Los kits son para ni\u00f1os y contienen bolsita de g\u00e9nero, toalla, tapaboca y alcohol en gel o al 70%.<\/p>\n<p>Para Pascuas brindaron talleres de Elaboraci\u00f3n de Huevos de Pascuas y donaron huevitos a los ni\u00f1os de barrios carecientes de Pilar.<\/p>\n<p>Comenzamos con los talleres de introducci\u00f3n a la costura en los barrios para capacitar a nuevas emprendedoras textiles y brindarles oportunidades laborales y de crecimiento de sus proyectos.<\/p>\n<p>Los proyectos de la red tratan de fomentar el cuidado del medio ambiente reciclando y reutilizando tela y otros desechos. Fomentamos a los emprendedores en el suprarreciclaje o tambi\u00e9n conocido como reutilizaci\u00f3n creativa, se basa en el uso de materiales desechados recuperados para lograr productos que contin\u00faen en la econom\u00eda circular.<\/p>\n<p>Desde el Taller de Confecci\u00f3n la Red un grupo de emprendedores confecciona diversos tipos de productos que se venden en ferias y con el dinero recaudado se le paga al emprendedor y un porcentaje ingresa a la red para comprar insumos y herramientas para continuar haciendo para donar. Adem\u00e1s trabajan para empresas e instituciones confeccionando los productos requeridos como uniformes, bolsos, camisetas, banderas, etc.<\/p>\n<p>Como siempre reciben donaciones de insumos de todo tipo: telas, retazos, hilos, agujas, etc.<\/p>\n<p><strong><em> Por otras im\u00e1genes, audios o entrevistas no dude en contactarse<\/em><\/strong><\/p>\n<p><strong><em> Contactos de Prensa<\/em><\/strong><\/p>\n<table width=\"100%\">\n<tbody>\n<tr>\n<td width=\"50%\"><strong> Candela Villanueva &#8211; Asistente de Cuentas<\/strong><\/p>\n<p><b> Directo<\/b><strong>: <\/strong> 0230-4664772<br \/>\n<b> Skype:<\/b> quasarcomunicacion<br \/>\n<b> Instagram<\/b>: @quasarcomunicacion<br \/>\n<b> Twitter:<\/b> @quasarpilar<br \/>\n<b> Gr<\/b><b>upo y p\u00e1gina en Facebook: <\/b> www.facebook.com\/<a href=\"mailto:mfipata@gmail.com\">Quasar<\/a>Comunicacion<br \/>\n<b> Web:<\/b> <a href=\"http:\/\/www.quasarcomunicacion.com.ar\"> www.quasarcomunicacion.com.ar<\/a><\/p>\n<p><b> Mail<\/b><strong>:<\/strong> <a href=\"mailto:fernanda@quasarcomunicacion.com.ar\"> candela<\/a><a href=\"mailto:fernanda@quasarcomunicacion.com.ar\">@quasarcomunicacion.com.ar<\/a><\/td>\n<td width=\"50%\"><strong> Lic. Mar\u00eda Fernanda Ipata &#8211; Directora<br \/>\n<\/strong> <b><br \/>\n<\/b> <b> M\u00f3vil:<\/b> 0230-15-4584535<br \/>\n<b> Whatsapp<\/b><b>:<\/b><a href=\"https:\/\/bit.ly\/2J4cUvm\"> 11 5312 6795<\/a><br \/>\n<a href=\"https:\/\/bit.ly\/2Sn1zLP\"> Enviar whatsapp aqu\u00ed<\/a><br \/>\n<b> Skype:<\/b> quasarcomunicacion<br \/>\n<b> LinkedIn<\/b><strong>:\u00a0 <\/strong> <strong> <a href=\"http:\/\/www.linkedin.com\/in\/mfipata\"> http:\/\/www.linkedin.com\/in\/mfipata<\/a><\/strong><br \/>\n<a href=\"https:\/\/www.linkedin.com\/company\/quasarcomunicacion\"> https:\/\/www.linkedin.com\/company\/quasarcomunicacion<\/a><br \/>\n<b> Instagram y Facebook:<\/b> @quasarcomunicacion <b><br \/>\nWeb:<\/b> <a href=\"http:\/\/www.quasarcomunicacion.com.ar\"> www.quasarcomunicacion.com.ar<\/a><br \/>\n<b> Mail<\/b><strong>:<\/strong><a href=\"mailto:fernanda@quasarcomunicacion.com.ar\"> fernanda@quasarcomunicacion.com.ar<\/a><br \/>\n<b> Telegram: https:\/\/t.me\/QuasarComunicacion<\/b><br \/>\n<b> Canal de Telegram para acceder a comunicados:<\/b> https:\/\/t.me\/comunicadosQC<\/td>\n<\/tr>\n<\/tbody>\n<\/table>\n","protected":false},"excerpt":{"rendered":"<p>Las voluntarias de la Red de Costureras Solidarias de Pilar lanzaron una nueva campa\u00f1a de recolecci\u00f3n de \u00fatiles escolares para [&hellip;]<\/p>\n","protected":false},"author":2,"featured_media":12120,"comment_status":"closed","ping_status":"closed","sticky":false,"template":"","format":"standard","meta":[],"categories":[2],"tags":[],"_links":{"self":[{"href":"https:\/\/quasarcomunicacion.com.ar\/web\/wp-json\/wp\/v2\/posts\/12118"}],"collection":[{"href":"https:\/\/quasarcomunicacion.com.ar\/web\/wp-json\/wp\/v2\/posts"}],"about":[{"href":"https:\/\/quasarcomunicacion.com.ar\/web\/wp-json\/wp\/v2\/types\/post"}],"author":[{"embeddable":true,"href":"https:\/\/quasarcomunicacion.com.ar\/web\/wp-json\/wp\/v2\/users\/2"}],"replies":[{"embeddable":true,"href":"https:\/\/quasarcomunicacion.com.ar\/web\/wp-json\/wp\/v2\/comments?post=12118"}],"version-history":[{"count":4,"href":"https:\/\/quasarcomunicacion.com.ar\/web\/wp-json\/wp\/v2\/posts\/12118\/revisions"}],"predecessor-version":[{"id":12124,"href":"https:\/\/quasarcomunicacion.com.ar\/web\/wp-json\/wp\/v2\/posts\/12118\/revisions\/12124"}],"wp:featuredmedia":[{"embeddable":true,"href":"https:\/\/quasarcomunicacion.com.ar\/web\/wp-json\/wp\/v2\/media\/12120"}],"wp:attachment":[{"href":"https:\/\/quasarcomunicacion.com.ar\/web\/wp-json\/wp\/v2\/media?parent=12118"}],"wp:term":[{"taxonomy":"category","embeddable":true,"href":"https:\/\/quasarcomunicacion.com.ar\/web\/wp-json\/wp\/v2\/categories?post=12118"},{"taxonomy":"post_tag","embeddable":true,"href":"https:\/\/quasarcomunicacion.com.ar\/web\/wp-json\/wp\/v2\/tags?post=12118"}],"curies":[{"name":"wp","href":"https:\/\/api.w.org\/{rel}","templated":true}]}}