{"id":12116,"date":"2023-02-13T19:11:02","date_gmt":"2023-02-13T19:11:02","guid":{"rendered":"https:\/\/quasarcomunicacion.com.ar\/web\/?p=12116"},"modified":"2023-02-13T19:11:02","modified_gmt":"2023-02-13T19:11:02","slug":"con-mas-de-900-inscriptos-se-realizo-el-xix-congreso-de-educacion-organizado-por-el-polo-educativo","status":"publish","type":"post","link":"https:\/\/quasarcomunicacion.com.ar\/web\/con-mas-de-900-inscriptos-se-realizo-el-xix-congreso-de-educacion-organizado-por-el-polo-educativo\/","title":{"rendered":"Con m\u00e1s de 900 inscriptos se realiz\u00f3 el XIX Congreso de Educaci\u00f3n organizado por el Polo Educativo"},"content":{"rendered":"<p>Durante tres jornadas, el 9, 10 y 13 de febrero el\u00a0<strong>Polo Educativo Pilar<\/strong>\u00a0realiz\u00f3 en formato presencial y virtual el\u00a0<strong>XIX &#8211; CONGRESO DE EDUCACI\u00d3N \u201cNuevos escenarios, \u00bfmismos profesionales?\u00a0Renovando las herramientas y estrategias educativas\u201d<\/strong>. El evento cont\u00f3 m\u00e1s de 900 inscriptos, muchos de los cuales colmaron el Auditorio de la Universidad del Salvador el pasado viernes.<!--more--><\/p>\n<p>El Congreso comenz\u00f3 el <strong>jueves 9<\/strong> con un Webinar Pre-Congreso con la exposici\u00f3n de Gabriela Renault, que habl\u00f3 sobre \u00abConstruir un aula que nos convoque: Motivarnos en un cambio de \u00e9poca\u00bb<\/p>\n<p><a href=\"https:\/\/quasarcomunicacion.com.ar\/web\/wp-content\/uploads\/2023\/02\/webinar.gif\"><img class=\"aligncenter\" src=\"https:\/\/quasarcomunicacion.com.ar\/web\/wp-content\/uploads\/2023\/02\/webinar.gif\" \/><\/a><\/p>\n<p>Luego, el<strong> viernes 10 <\/strong>en el Campus Nuestra Se\u00f1ora del Pilar de la Universidad del Salvador en Champagnat 1599 Pilar, se realizaron las conferencias y talleres durante toda la jornada de forma presencial con la asistencia de m\u00e1s de 600 docentes, directivos y personal de escuelas p\u00fablicas y privadas de la zona.<\/p>\n<p><a href=\"https:\/\/quasarcomunicacion.com.ar\/web\/wp-content\/uploads\/2023\/02\/auditorio1.gif\"><img class=\"aligncenter\" src=\"https:\/\/quasarcomunicacion.com.ar\/web\/wp-content\/uploads\/2023\/02\/auditorio1.gif\" \/><\/a><\/p>\n<p>Y el <strong>lunes 13<\/strong> culmin\u00f3 con el\u00a0<strong>Encuentro de Educaci\u00f3n F\u00edsica\u00a0<\/strong>en el Colegio St. Matthews College North donde Sebasti\u00e1n Blasco habl\u00f3 sobre el tema \u201cHacia un paradigma del disfrute\u201d y luego hubo\u00a0 Talleres de atletismo, lanzamiento, cricket, carreras y saltos.<\/p>\n<p><a href=\"https:\/\/quasarcomunicacion.com.ar\/web\/wp-content\/uploads\/2023\/02\/educacionfisica.gif\"><img class=\"aligncenter\" src=\"https:\/\/quasarcomunicacion.com.ar\/web\/wp-content\/uploads\/2023\/02\/educacionfisica.gif\" \/><\/a><\/p>\n<p>Este a\u00f1o las ponencias tuvieron como ejes tem\u00e1ticos los siguientes t\u00f3picos: Aprendizaje Cooperativo, Slow Looking, Prop\u00f3sito y Claridad Docente, Empat\u00eda, Ciencia Colectiva, Motivaci\u00f3n, Proyectos Basados en la Metodolog\u00eda Steam, Dificultades de Aprendizaje. Psicolog\u00eda Deportiva, Educaci\u00f3n F\u00edsica y Atletismo.<\/p>\n<p>Este 2023 se sumaron los siguientes Oradores de primera l\u00ednea:<\/p>\n<p>Las conferencias a cargo de: Lucrecia Prat Gay y Andr\u00e9s Riesnik.<\/p>\n<p>Los talleres con: Grace Bertolini, Mar\u00eda Barberis, Sebasti\u00e1n Blasco, Patricia Dellacha, Silvia Figiacone, Ma. Bel\u00e9n Gonz\u00e1lez Milbrandt, Gloria Latorre, Rufina Pearson, Gabriela Renault, Laura Marinucci, Micaela Molina Tegaldi y Ana Carri\u00f3n.<\/p>\n<p>Apoyan la iniciativa Revista Colegio como media partner, Matific, Rob Consultora Educativa Integral, Sesi, Edpuzzle, Matic, Educaria, Exito, Fase 2 Turismo Educativo, Fidu, UFLO Universidad, Compartir, Science Bits, Glifing, Idea Consultora, YMCA Turismo, TICMAS, USAL, Qu\u00e1sar Comunicaci\u00f3n Digital y Prensa, entre otros.<\/p>\n<p><a href=\"https:\/\/quasarcomunicacion.com.ar\/web\/wp-content\/uploads\/2023\/02\/hall.gif\"><img class=\"aligncenter\" src=\"https:\/\/quasarcomunicacion.com.ar\/web\/wp-content\/uploads\/2023\/02\/hall.gif\" \/><\/a><\/p>\n<p>La Ceremonia de apertura estuvo a cargo de <strong> la Dra. Romina Cavalli, Vicerrectora Acad\u00e9mica de la Universidad del Salvador y de la Lic. Marcela Golpe de Andrade, Presidente del Polo Educativo Pilar.<\/strong><\/p>\n<p>Al respecto, la presidente del <strong>Polo Educativo<\/strong> agradeci\u00f3 en nombre de la entidad a todos los que participaron del <strong>Congreso de Educaci\u00f3n<\/strong> <em>\u00abun evento que para nosotros cada a\u00f1o marca el inicio de un nuevo ciclo, de un nuevo a\u00f1o que nos da una nueva oportunidad de ser mejores docentes, de prepararnos para recibir lo mejor que podamos a todos nuestros alumnos y alumnas\u00bb.<\/em><\/p>\n<p><a href=\"https:\/\/quasarcomunicacion.com.ar\/web\/wp-content\/uploads\/2023\/02\/auditorio.gif\"><img class=\"aligncenter\" src=\"https:\/\/quasarcomunicacion.com.ar\/web\/wp-content\/uploads\/2023\/02\/auditorio.gif\" \/><\/a><\/p>\n<p>\u00ab<em>Este a\u00f1o decidimos hacernos la pregunta de \u00bfsomos los mismos profesionales ante estos nuevos escenarios? Definitivamente no, y durante el d\u00eda viernes y jueves hemos escuchado y compartido ideas, pensamientos y conceptos clar\u00edsimos de parte de un grupo de excelentes profesionales que nos han acompa\u00f1ado y nos han ayudado a hacernos m\u00e1s preguntas para poder llevar a las aulas en los pr\u00f3ximos d\u00edas<\/em>\u00ab, continu\u00f3 Golpe de Andrade.<\/p>\n<p>\u00ab<em>Este evento este a\u00f1o tiene una particularidad, volvimos a la presencialidad plena, por eso queremos agradecer a los m\u00e1s de 900 inscriptos al Congreso, a todos los sponsors que una vez m\u00e1s confiaron en nosotros y en este evento para poder compartir sus productos y servicios. Y definitivamente les decimos que el Polo hoy cierra el XIX Congreso pero a partir de ma\u00f1ana comienza a trabajar en la edici\u00f3n que viene<\/em>\u00ab, finaliz\u00f3.<\/p>\n<p><a href=\"https:\/\/quasarcomunicacion.com.ar\/web\/wp-content\/uploads\/2023\/02\/equipo.gif\"><img class=\"aligncenter\" src=\"https:\/\/quasarcomunicacion.com.ar\/web\/wp-content\/uploads\/2023\/02\/equipo.gif\" \/><\/a><\/p>\n<p>Durante la apertura, Golpe de Andrade asegur\u00f3 que <em>\u00abeste eje que tiene este Congreso tiene una mirada que puede ser interpretada desde m\u00faltiples entradas o puntos de vista. No somos los mismos, no solamente el mundo cambi\u00f3, cambiamos nosotros, cambiaron nuestros chicos. Necesitamos nuevas herramientas, y eso lo sabemos, lo venimos reflexionando a\u00f1o a a\u00f1o. Pero pensemos en nosotros mismos, no s\u00f3lo en lo que es hoy visible sino en que siempre hemos apostado a unir la palabra con la tecnolog\u00eda, hemos evolucionado, cuando hablamos de herramientas\u00a0 hablamos de nuevos profesionales y reflexionamos hoy sobre lo que significa no ser los mismos, hablamos de nosotros desde adentro. Ning\u00fan ni\u00f1o puede aprender si no est\u00e1 bien desde adentro, ning\u00fan docente puede compartir su saber si no est\u00e1 bien desde adentro\u00bb,<\/em> agreg\u00f3 la presidente de la entidad que en 2022 celebr\u00f3 los 20 a\u00f1os de existencia.<\/p>\n<p>Para m\u00e1s informaci\u00f3n escribir a\u00a0<a href=\"mailto:info@poloeducativopilar.org.ar\">info@poloeducativopilar.org.ar<\/a>\u00a0o a trav\u00e9s de la p\u00e1gina web\u00a0<a href=\"http:\/\/www.poloeducativopilar.org.ar\/\">www.poloeducativopilar.org.ar<\/a>. Tambi\u00e9n podr\u00e1 hacer consultas en Facebook o instagram @poloeducativo<\/p>\n<p>Los mejores momentos quedan en las redes del Polo Educativo<\/p>\n<p>TWITTER <a href=\"https:\/\/twitter.com\/poloeducativo?fbclid=IwAR3DDCUvZk5Ns3z4XF0P4Oziw9-XoOLAtl545hClQJ3308Z2Q4vFRcK98hM\"> https:\/\/twitter.com\/poloeducativo<\/a><\/p>\n<p>FACEBOOK <a style=\"font-weight: 400;\" href=\"https:\/\/www.facebook.com\/poloeducativo?__cft__[0]=AZXzRbVORjP1cAA3vsy9SY5DsUJJCwK7kUDpNUMwzOrwLU-nm6jgIN50h6396LZbYFVL8tMbWZHQ1yLNLgYX88NFrBVMtYNS4QcBTZ-4NeNFC0UeYKtlkJ7LYB9tOgClMDSI_ZX8mExzOsbkL_ICfI7nJg9rebDCs5asLzhIgvy72G4AD6Aa8WAUhNlI7jVHUZ8&amp;__tn__=-]K-R\"> https:\/\/www.facebook.com\/poloeducativo<\/a><\/p>\n<p>INSTAGRAM <a href=\"https:\/\/instagram.com\/poloeducativopilar?fbclid=IwAR0JYfWC-7o4cOAgidK9K46xP7SZV9Y5ciOv1Du0aaw6fqCiVujT-8A1Bbs\"> https:\/\/instagram.com\/poloeducativopilar<\/a><\/p>\n<p>LINKEDIN <a href=\"https:\/\/www.linkedin.com\/company\/poloeducativopilar\/?fbclid=IwAR0ll91O7YuJqka1x7np11g1YepLUNEdcnyIaoc6Z9mbACZ7v8DL8zecE5I\"> https:\/\/www.linkedin.com\/company\/poloeducativopilar\/<\/a><\/p>\n<p>Todas las redes <a href=\"https:\/\/linktr.ee\/poloeducativopilar?fbclid=IwAR3TIZ-hmBcFLdMdaYQT_POClhjyxEAZoQMxX3FBU1FyiUuXmTpiW7yP9gY\"> https:\/\/linktr.ee\/poloeducativopilar<\/a><\/p>\n<p>&nbsp;<\/p>\n<table width=\"100%\">\n<tbody>\n<tr>\n<td width=\"50%\"><strong> Candela Villanueva &#8211; Ejecutiva de Cuentas<\/p>\n<p><\/strong> <b> Directo<\/b><strong>: <\/strong> 0230-4664772<br \/>\n<b> Skype:<\/b> quasarcomunicacion<br \/>\n<b> Instagram<\/b>: @quasarcomunicacion<br \/>\n<b> Twitter:<\/b> @quasarpilar<br \/>\n<b> Gr<\/b><b>upo y p\u00e1gina en Facebook: <\/b> www.facebook.com\/<a href=\"mailto:mfipata@gmail.com\">Quasar<\/a>Comunicacion<br \/>\n<b> Web:<\/b> <a href=\"http:\/\/www.quasarcomunicacion.com.ar\"> www.quasarcomunicacion.com.ar<\/a><\/p>\n<p><b> Mail<\/b><strong>:<\/strong> <a href=\"mailto:fernanda@quasarcomunicacion.com.ar\"> candela<\/a><a href=\"mailto:fernanda@quasarcomunicacion.com.ar\">@quasarcomunicacion.com.ar<\/a><\/td>\n<td width=\"50%\"><strong> Lic. Mar\u00eda Fernanda Ipata &#8211; Directora<br \/>\n<\/strong> <b><br \/>\n<\/b> <b> M\u00f3vil:<\/b> 0230-15-4584535<br \/>\n<b> Whatsapp<\/b><b>:<\/b><a href=\"https:\/\/bit.ly\/2J4cUvm\"> 11 5312 6795<\/a><br \/>\n<a href=\"https:\/\/bit.ly\/2Sn1zLP\"> Enviar whatsapp aqu\u00ed<\/a><br \/>\n<b> Skype:<\/b> quasarcomunicacion<br \/>\n<b> LinkedIn<\/b><strong>:\u00a0 <\/strong> <strong> <a href=\"http:\/\/www.linkedin.com\/in\/mfipata\"> http:\/\/www.linkedin.com\/in\/mfipata<\/a><\/strong><br \/>\n<a href=\"https:\/\/www.linkedin.com\/company\/quasarcomunicacion\"> https:\/\/www.linkedin.com\/company\/quasarcomunicacion<\/a><br \/>\n<b> Instagram y Facebook:<\/b> @quasarcomunicacion <b><br \/>\nWeb:<\/b> <a href=\"http:\/\/www.quasarcomunicacion.com.ar\"> www.quasarcomunicacion.com.ar<\/a><br \/>\n<b> Mail<\/b><strong>:<\/strong><a href=\"mailto:fernanda@quasarcomunicacion.com.ar\"> fernanda@quasarcomunicacion.com.ar<\/a><br \/>\n<b> Canal de Telegram para acceder a comunicados:<\/b> https:\/\/t.me\/comunicadosQC<\/td>\n<\/tr>\n<\/tbody>\n<\/table>\n<p><strong><br \/>\nAcerca del Polo Educativo Pilar<\/strong><\/p>\n<p>El\u00a0<strong>Polo Educativo Pilar\u00a0<\/strong>es una asociaci\u00f3n civil sin fines de lucro que fue fundada en el a\u00f1o 2002, que re\u00fane a instituciones educativas tanto p\u00fablicas como privadas y tiene como objetivo principal el promover y desarrollar la educaci\u00f3n, p\u00fablica y privada, en todo el distrito.<\/p>\n<p>La asociaci\u00f3n nace a partir de 1999 cuando los directivos de los j\u00f3venes colegios privados de Pilar, junto con los que llevaban m\u00e1s a\u00f1os en la ciudad, comienzan a reunirse para considerar sus problem\u00e1ticas comunes. Este hecho, in\u00e9dito en la educaci\u00f3n privada en la Argentina, alcanza un alto grado de sinergia cuando los Colegios deciden trazar un plan para convertir al Partido de Pilar en una localidad que sea conocida por su alto nivel educativo, tanto en las instituciones privadas como en las p\u00fablicas. Con esa idea, un grupo original de 14 Colegios de distintos niveles, funda el\u00a0<strong>Polo Educativo Pilar<\/strong>.<\/p>\n<p>Cabe destacar que entidad obtuvo su personer\u00eda jur\u00eddica en diciembre de 2004 bajo el Nro. 7000\/04 expedido por la Inspecci\u00f3n de Persona jur\u00eddica de la Provincia de Buenos Aires. En el a\u00f1o 2003 es declarada entidad de Bien P\u00fablico por el Municipio de Pilar por Decreto Municipal Nro. 6679\/2003.<\/p>\n","protected":false},"excerpt":{"rendered":"<p>Durante tres jornadas, el 9, 10 y 13 de febrero el\u00a0Polo Educativo Pilar\u00a0realiz\u00f3 en formato presencial y virtual el\u00a0XIX &#8211; [&hellip;]<\/p>\n","protected":false},"author":2,"featured_media":12109,"comment_status":"closed","ping_status":"closed","sticky":false,"template":"","format":"standard","meta":[],"categories":[2],"tags":[],"_links":{"self":[{"href":"https:\/\/quasarcomunicacion.com.ar\/web\/wp-json\/wp\/v2\/posts\/12116"}],"collection":[{"href":"https:\/\/quasarcomunicacion.com.ar\/web\/wp-json\/wp\/v2\/posts"}],"about":[{"href":"https:\/\/quasarcomunicacion.com.ar\/web\/wp-json\/wp\/v2\/types\/post"}],"author":[{"embeddable":true,"href":"https:\/\/quasarcomunicacion.com.ar\/web\/wp-json\/wp\/v2\/users\/2"}],"replies":[{"embeddable":true,"href":"https:\/\/quasarcomunicacion.com.ar\/web\/wp-json\/wp\/v2\/comments?post=12116"}],"version-history":[{"count":1,"href":"https:\/\/quasarcomunicacion.com.ar\/web\/wp-json\/wp\/v2\/posts\/12116\/revisions"}],"predecessor-version":[{"id":12117,"href":"https:\/\/quasarcomunicacion.com.ar\/web\/wp-json\/wp\/v2\/posts\/12116\/revisions\/12117"}],"wp:featuredmedia":[{"embeddable":true,"href":"https:\/\/quasarcomunicacion.com.ar\/web\/wp-json\/wp\/v2\/media\/12109"}],"wp:attachment":[{"href":"https:\/\/quasarcomunicacion.com.ar\/web\/wp-json\/wp\/v2\/media?parent=12116"}],"wp:term":[{"taxonomy":"category","embeddable":true,"href":"https:\/\/quasarcomunicacion.com.ar\/web\/wp-json\/wp\/v2\/categories?post=12116"},{"taxonomy":"post_tag","embeddable":true,"href":"https:\/\/quasarcomunicacion.com.ar\/web\/wp-json\/wp\/v2\/tags?post=12116"}],"curies":[{"name":"wp","href":"https:\/\/api.w.org\/{rel}","templated":true}]}}