{"id":12047,"date":"2022-11-11T14:06:37","date_gmt":"2022-11-11T14:06:37","guid":{"rendered":"https:\/\/quasarcomunicacion.com.ar\/web\/?p=12047"},"modified":"2022-11-11T14:06:37","modified_gmt":"2022-11-11T14:06:37","slug":"pilar-celebra-la-ix-semana-del-emprendedor","status":"publish","type":"post","link":"https:\/\/quasarcomunicacion.com.ar\/web\/pilar-celebra-la-ix-semana-del-emprendedor\/","title":{"rendered":"Pilar celebra la IX Semana del Emprendedor"},"content":{"rendered":"<p>Del s\u00e1bado 12 al 19 de noviembre se celebrar\u00e1 la <strong>IX Semana del Emprendedor Pilarense <\/strong>con actividades presenciales y virtuales que conforman una agenda que fue resultado del trabajo colaborativo entre el Estado Municipal, privados e instituciones. Adem\u00e1s, la iniciativa fue declarada nuevamente de Inter\u00e9s Municipal por el Concejo Deliberante local. Conoc\u00e9 toda la agenda y quienes apoyan la iniciativa en este link <a href=\"http:\/\/pilaremprende.com.ar\/sep2022\/\"> http:\/\/pilaremprende.com.ar\/sep2022\/<\/a> M\u00e1s info por whatsapp al 11 6742 7635<!--more--><\/p>\n<p><strong>Pilar Emprende <\/strong>por noveno a\u00f1o consecutivo coordina las acciones que se llevar\u00e1n adelante de manera colaborativa a ra\u00edz de la iniciativa instituida por Ordenanza Municipal N\u00ba 278\/14 en el a\u00f1o 2014 que instituy\u00f3 a la tercera semana del noviembre como la <strong>Semana del Emprendedor Pilarense<\/strong>.<\/p>\n<p><a href=\"https:\/\/quasarcomunicacion.com.ar\/web\/wp-content\/uploads\/2021\/11\/semana2021a.gif\"><img class=\"alignnone\" src=\"https:\/\/quasarcomunicacion.com.ar\/web\/wp-content\/uploads\/2021\/11\/semana2021a.gif\" \/><\/a><\/p>\n<p>La agenda es nutrida:<\/p>\n<p style=\"font-weight: 400;\"><b><strong style=\"font-style: inherit;\"> S\u00e1bado 12 de noviembre \u2013 de 10 a 12 hs<\/strong><\/b><\/p>\n<p style=\"font-weight: 400;\">Feria Anual de Emprendedoras del CECAM.<br \/>\nMariano Acosta 2400 y El Hornero. Derqui<br \/>\nCon tu visita y compra est\u00e1s colaborando con el crecimiento profesional de las mujeres de nuestra comunidad.<\/p>\n<p style=\"font-weight: 400;\">Conocenos ac\u00e1<br \/>\nhttps:\/\/www.cecampilar.org<\/p>\n<p style=\"font-weight: 400;\"><b><strong style=\"font-style: inherit;\"> S\u00e1bado 12 de noviembre de 15 a 17.30 hs<\/strong><\/b><br \/>\n<b><strong style=\"font-style: inherit;\"> Workshop Atrae clientes y vende en Instagram.<\/strong><\/b><\/p>\n<p style=\"font-weight: 400;\">Incluye merienda + espacio de networking . Presencial en Pilar centro<br \/>\nValor $3700 Si ven\u00eds con un@ amig@ cada uno paga $2900.<br \/>\nForma de pago transferencia bancaria o mercadopago.<br \/>\nLink de inscripci\u00f3n:\u00a0<a style=\"font-style: inherit; font-weight: inherit;\" href=\"https:\/\/forms.gle\/Y6A5xu74XonsYKWz8\">https:\/\/forms.gle\/Y6A5xu74XonsYKWz8<\/a><\/p>\n<p style=\"font-weight: 400;\"><b><strong style=\"font-style: inherit;\"> Domingo 13 de noviembre de 16 a 20 hs<\/strong><\/b><br \/>\n<b><strong style=\"font-style: inherit;\"> Pilar de Feria EXPO EMPRENDEDORES<\/strong><\/b><\/p>\n<p style=\"font-weight: 400;\">La F\u00e1brica (Juan B. Ambrosetti 633)<br \/>\nOrganiza Pilar de Feria<br \/>\nM\u00e1s info\u00a0<a style=\"font-style: inherit; font-weight: inherit;\" href=\"http:\/\/linktr.ee\/pilardeferia\">http:\/\/linktr.ee\/pilardeferia<\/a><\/p>\n<p style=\"font-weight: 400;\"><b><strong style=\"font-style: inherit;\"> Martes 15 de noviembre de 9 a 14 hs<\/strong><\/b><br \/>\n<b><strong style=\"font-style: inherit;\"> Mercado de la Econom\u00eda popular. (San Alejo)<\/strong><\/b><\/p>\n<p style=\"font-weight: 400;\">Se realizar\u00e1 entrega de certificado por stand m\u00e1s una maceta con plantita. Organiza Subsecretar\u00eda de Econom\u00eda Social de la Municipalidad de Pilar<\/p>\n<p style=\"font-weight: 400;\"><b><strong style=\"font-style: inherit;\"> Martes 15 de Noviembre \u2013 17.30 hs \u2013 Online<\/strong><\/b><br \/>\n<b><strong style=\"font-style: inherit;\"> Consorcios de exportaci\u00f3n regionales: tips para asociarse<\/strong><\/b><\/p>\n<p style=\"font-weight: 400;\">Inscripci\u00f3n gratuita\u00a0<a style=\"font-style: inherit; font-weight: inherit;\" href=\"https:\/\/forms.gle\/QVys3Xcnq8fSqsDp7\">https:\/\/forms.gle\/QVys3Xcnq8fSqsDp7<\/a><br \/>\nOrganiza Escuela Argentina de Negocios (EAN)<\/p>\n<p style=\"font-weight: 400;\"><b><strong style=\"font-style: inherit;\"> Martes 15 de noviembre \u2013 18.30 hs \u2013 PRESENCIAL EN SCIPA<\/strong><\/b><br \/>\n<b><strong style=\"font-style: inherit;\"> Coaching para Emprendedores. Taller \u00abOrdenate para el 2023\u00bb<\/strong><\/b><\/p>\n<p style=\"font-weight: 400;\">Facilita Natalia Romero, coach Ontol\u00f3gico Profesional<br \/>\nActividad no arancelada<br \/>\nPresencial en SCIPA. Pedro Lagrave 563. Pilar Centro.<br \/>\nS\u00f3lo requiere inscripci\u00f3n previa en\u00a0<a style=\"font-style: inherit; font-weight: inherit;\" href=\"https:\/\/forms.gle\/qJXoMm3uKmmTVez17\">https:\/\/forms.gle\/qJXoMm3uKmmTVez17\u00a0<\/a><\/p>\n<p style=\"font-weight: 400;\"><b><strong style=\"font-style: inherit;\"> Mi\u00e9rcoles 16 de noviembre a las 18 hs v\u00eda Zoom\u00a0<\/strong><\/b><br \/>\n<b><strong style=\"font-style: inherit;\"> Charla gratuita \u00abC\u00f3mo preparar tu negocio online para fechas especiales de venta\u00bb<\/strong><\/b>\u00a0a cargo de Tiendanube.<\/p>\n<p style=\"font-weight: 400;\">S\u00f3lo requiere inscripci\u00f3n previa dejando tus datos aqu\u00ed\u00a0<a style=\"font-style: inherit; font-weight: inherit;\" href=\"https:\/\/us02web.zoom.us\/meeting\/register\/tZYpc-uupjssHdHcKKRKeuN7-oAuQdqVw7zo\">https:\/\/us02web.zoom.us\/meeting\/register\/tZYpc-uupjssHdHcKKRKeuN7-oAuQdqVw7zo\u00a0<\/a><\/p>\n<p style=\"font-weight: 400;\"><b><strong style=\"font-style: inherit;\"> Jueves 17 de Noviembre \u2013 10 hs \u2013 Presencial y gratuito<\/strong><\/b><br \/>\n<b><strong style=\"font-style: inherit;\"> Neuroventas \u00abAprend\u00e9 a venderle a la mente de tu cliente\u00bb<\/strong><\/b><\/p>\n<p style=\"font-weight: 400;\">Desayuno de Networking, Ebook \u00abEmociona a tu cliente para vender mejor\u00bb, Gu\u00eda para manejar objeciones exitosamente, Feedback personal y grupal sobre tu estilo de venta, herramientas \u00e1giles para implementar en tu negocio.<br \/>\nOrganiza la Secretar\u00eda de Desarrollo Econ\u00f3mico de la Municipalidad de Pilar<\/p>\n<p style=\"font-weight: 400;\"><b><strong style=\"font-style: inherit;\"> Jueves 17 de Noviembre de 17 a 20 hs<\/strong><\/b><br \/>\n<b><strong style=\"font-style: inherit;\"> Pilar Org\u00e1nico y Paseo Villa Morra<\/strong><\/b>.<\/p>\n<p style=\"font-weight: 400;\">Entrega de reconocimiento por stand. Organiza Subsecretar\u00eda de Econom\u00eda Social de la Municipalidad de Pilar<\/p>\n<p style=\"font-weight: 400;\"><b><strong style=\"font-style: inherit;\"> Jueves 17 de noviembre \u2013 19 hs<\/strong><\/b><br \/>\n<b><strong style=\"font-style: inherit;\"> 2\u00b0 BUSINESS SHOWER<br \/>\n<\/strong><\/b><br \/>\nLa F\u00e1brica (Juan B. Ambrosetti 633 Km 50)<br \/>\nEntrada libre y gratuita<br \/>\nInscripci\u00f3n\u00a0<a style=\"font-style: inherit; font-weight: inherit;\" href=\"https:\/\/forms.gle\/3GREfjGYESmv8sNT7\">https:\/\/forms.gle\/3GREfjGYESmv8sNT7<\/a><br \/>\nAsistir con tarjetas personales. Cada uno podr\u00e1 consumir lo que desee en Galp\u00f3n 50.<\/p>\n<p style=\"font-weight: 400;\"><b><strong style=\"font-style: inherit;\"> S\u00e1bado 19 de noviembre \u2013 9 hs<\/strong><\/b><br \/>\n<b><strong style=\"font-style: inherit;\"> Charla virtual Emprender e innovar con tecnolog\u00eda: el gran desaf\u00edo<\/strong><\/b><\/p>\n<p style=\"font-weight: 400;\">Silvia Torres Carbonel y Mar\u00eda Eva Gonz\u00e1lez<br \/>\nOrganiza Mujeres por la Industria<br \/>\nInscribite aqu\u00ed\u00a0<a style=\"font-style: inherit; font-weight: inherit;\" href=\"https:\/\/forms.gle\/5e1qKtTM3vtZKcBR9\">https:\/\/forms.gle\/5e1qKtTM3vtZKcBR9<\/a><\/p>\n<p><a href=\"https:\/\/quasarcomunicacion.com.ar\/web\/wp-content\/uploads\/2021\/11\/semana2021.gif\"><img class=\"alignnone\" src=\"https:\/\/quasarcomunicacion.com.ar\/web\/wp-content\/uploads\/2021\/11\/semana2021.gif\" \/><\/a><\/p>\n<p><b> Apoyan la iniciativa<\/b><\/p>\n<p>Este a\u00f1o, entre otros, apoyan institucionalmente la iniciativa la Asociaci\u00f3n de Emprendedores de la Argentina (ASEA), la C\u00e1mara de Comercio de Presidente Derqui, la C\u00e1mara de la Mediana y Peque\u00f1a Empresa de Pilar, la C\u00e1mara Empresaria del Parque Industrial (CEPIP), el CECAM (Centro de Educaci\u00f3n y Capacitaci\u00f3n de la Mujer), la iniciativa Compre Pilar, la Escuela para Emprendedores, la Escuela Argentina de Negocios (EAN), el Grupo Dinamos , Hecho en Pilar, el IAE Emprende, Mujeres en Acci\u00f3n, la Secretar\u00eda de Desarrollo Econ\u00f3mico de la Municipalidad de Pilar, la Subsecretar\u00eda de Econom\u00eda Social de la Municipalidad de Pilar, Pilar de Feria, la Red de Emprendedores de Pilar, la Red de Costureras Solidarias de Pilar, la SCIPA C\u00e1mara de Comercio de Pilar, Unidos por San Francisco, la Universidad Austral, entre otros.<\/p>\n<p>Adem\u00e1s, como Media Partners acompa\u00f1an Diario Resumen de Pilar, el programa D\u00eda a D\u00eda Radio por Radio X Pilar, El Apogeo de Presidente Derqui, El Term\u00f3metro Informativo, Emprender en Femenino, Norte en L\u00ednea, Pilar de Todos, Pilar Hoy Noticias, Radio FM Del Sol, Radio M\u00e1s Pilar, Radio y televisi\u00f3n digital Pilar, Qu\u00e1sar Comunicaci\u00f3n Digital y Prensa, entre otros.<\/p>\n<p>Y cuenta con el apoyo de Empresas y Emprendedores como Alma Bienestar Hol\u00edstico, B&amp;B Consultores de Seguros, Dise\u00f1o &amp; M\u00e1s Interiorismo, FUC FABRICANTES UNIDOS DEL CALZADO, Gestor\u00eda Montoya, Gestor\u00eda Online VZ, Global Confederation Of Coaching, Grupo Zenkai Consultores, ICCEM, La F\u00e1brica, LUMINARI &amp; ASOCIADOS CONSULTORES, M\u00ed peque\u00f1o mundo, MSG Consulting, Munay Ki Handmade, Nara Corval\u00e1n Coach &amp; marketer, Ricas Tentaciones Saludables, TiendaNube, Tu Proyecto Ocupacional, Veganeando Cocina Vegana, VG Language Service y ViviFloreciendo entre otros.<\/p>\n<p><strong> Acerca de <\/strong><strong> Pilar Emprende<\/strong><\/p>\n<p><strong> Conoc\u00e9 m\u00e1s en <a href=\"https:\/\/linktr.ee\/pilaremprende\"> https:\/\/linktr.ee\/pilaremprende<\/a> <\/strong><\/p>\n<p><strong>Pilar Emprende<\/strong> surge a partir del trabajo de <strong>Emprender HOY, <\/strong>un espacio que busca otorgarle valor a los proyectos de emprendedores de la zona, acompa\u00f1arlos en su puesta en marcha y disfrutar en equipo de los objetivos cumplidos<\/p>\n<p>Para cumplir con su misi\u00f3n, brindan herramientas, espacios de networking, capacitaciones, tips, noticias, consultor\u00eda y todo lo que necesita el emprendedor para crecer y conformar un s\u00f3lido ecosistema emprendedor.<\/p>\n<p><strong> Pilar Emprende<\/strong> es un espacio pensado por emprendedores para los emprendedores de Pilar que junto a <strong>Emprender HOY<\/strong> le brindan oportunidades para crecer con su proyecto<\/p>\n<p><strong> Emprender HOY <\/strong> es un espacio para todos los emprendedores que se materializa en diversos eventos como ferias, encuentros, capacitaciones, consultor\u00edas, espacios de networking, entre otros.<\/p>\n<p>La raz\u00f3n de ser, la misi\u00f3n, de <strong>Emprender HOY <\/strong>es proporcionar al sector Emprendedor herramientas y conocimientos que le permitan desarrollar su propio emprendimiento e incorporar competencias que deriven en su mejora continua.<\/p>\n<p>Desde la instituci\u00f3n buscan fomentar el autoempleo y la sustentabilidad de los proyectos contribuyendo a la generaci\u00f3n de valor econ\u00f3mico en la sociedad a trav\u00e9s de la creaci\u00f3n y sostenimiento de un ecosistema emprendedor. Aspiran a ser un canal de comunicaci\u00f3n entre los emprendedores y entre las instituciones y organismos dedicados a ellos<\/p>\n<p>Tambi\u00e9n cuentan con un grupo de consultores independientes que acercan su saber a los emprendedores, gener\u00e1ndose una comunidad donde la informaci\u00f3n se comparte de forma exponencial y viral<\/p>\n<p><strong><em> Por otras im\u00e1genes, audios o entrevistas no dude en contactarse<\/em><\/strong><\/p>\n<p><strong><em> Contactos de Prensa<\/em><\/strong><\/p>\n<table width=\"100%\">\n<tbody>\n<tr>\n<td width=\"50%\"><strong> Candela Villanueva &#8211; Asistente de Cuentas<\/p>\n<p><\/strong> <b> Directo<\/b><strong>: <\/strong> 0230-4664772<br \/>\n<b> Skype:<\/b> quasarcomunicacion<br \/>\n<b> Instagram<\/b>: @quasarcomunicacion<br \/>\n<b> Twitter:<\/b> @quasarpilar<br \/>\n<b> Gr<\/b><b>upo y p\u00e1gina en Facebook: <\/b> www.facebook.com\/<a href=\"mailto:mfipata@gmail.com\">Quasar<\/a>Comunicacion<br \/>\n<b> Web:<\/b> <a href=\"http:\/\/www.quasarcomunicacion.com.ar\"> www.quasarcomunicacion.com.ar<\/a><\/p>\n<p><b> Mail<\/b><strong>:<\/strong> <a href=\"mailto:fernanda@quasarcomunicacion.com.ar\"> candela<\/a><a href=\"mailto:fernanda@quasarcomunicacion.com.ar\">@quasarcomunicacion.com.ar<\/a><\/td>\n<td width=\"50%\"><strong> Lic. Mar\u00eda Fernanda Ipata &#8211; Directora<br \/>\n<\/strong> <b><br \/>\n<\/b> <b> M\u00f3vil:<\/b> 0230-15-4584535<br \/>\n<b> Whatsapp<\/b><b>:<\/b><a href=\"https:\/\/bit.ly\/2J4cUvm\"> 11 5312 6795<\/a><br \/>\n<a href=\"https:\/\/bit.ly\/2Sn1zLP\"> Enviar whatsapp aqu\u00ed<\/a><br \/>\n<b> Skype:<\/b> quasarcomunicacion<br \/>\n<b> LinkedIn<\/b><strong>:\u00a0 <\/strong> <strong> <a href=\"http:\/\/www.linkedin.com\/in\/mfipata\"> http:\/\/www.linkedin.com\/in\/mfipata<\/a><\/strong><br \/>\n<a href=\"https:\/\/www.linkedin.com\/company\/quasarcomunicacion\"> https:\/\/www.linkedin.com\/company\/quasarcomunicacion<\/a><br \/>\n<b> Instagram y Facebook:<\/b> @quasarcomunicacion <b><br \/>\nWeb:<\/b> <a href=\"http:\/\/www.quasarcomunicacion.com.ar\"> www.quasarcomunicacion.com.ar<\/a><br \/>\n<b> Mail<\/b><strong>:<\/strong><a href=\"mailto:fernanda@quasarcomunicacion.com.ar\"> fernanda@quasarcomunicacion.com.ar<\/a><br \/>\n<b> Telegram: https:\/\/t.me\/QuasarComunicacion<\/b><br \/>\n<b> Canal de Telegram para acceder a comunicados:<\/b> https:\/\/t.me\/comunicadosQC<\/td>\n<\/tr>\n<\/tbody>\n<\/table>\n","protected":false},"excerpt":{"rendered":"<p>Del s\u00e1bado 12 al 19 de noviembre se celebrar\u00e1 la IX Semana del Emprendedor Pilarense con actividades presenciales y virtuales [&hellip;]<\/p>\n","protected":false},"author":2,"featured_media":11516,"comment_status":"closed","ping_status":"closed","sticky":false,"template":"","format":"standard","meta":[],"categories":[2],"tags":[],"_links":{"self":[{"href":"https:\/\/quasarcomunicacion.com.ar\/web\/wp-json\/wp\/v2\/posts\/12047"}],"collection":[{"href":"https:\/\/quasarcomunicacion.com.ar\/web\/wp-json\/wp\/v2\/posts"}],"about":[{"href":"https:\/\/quasarcomunicacion.com.ar\/web\/wp-json\/wp\/v2\/types\/post"}],"author":[{"embeddable":true,"href":"https:\/\/quasarcomunicacion.com.ar\/web\/wp-json\/wp\/v2\/users\/2"}],"replies":[{"embeddable":true,"href":"https:\/\/quasarcomunicacion.com.ar\/web\/wp-json\/wp\/v2\/comments?post=12047"}],"version-history":[{"count":1,"href":"https:\/\/quasarcomunicacion.com.ar\/web\/wp-json\/wp\/v2\/posts\/12047\/revisions"}],"predecessor-version":[{"id":12048,"href":"https:\/\/quasarcomunicacion.com.ar\/web\/wp-json\/wp\/v2\/posts\/12047\/revisions\/12048"}],"wp:featuredmedia":[{"embeddable":true,"href":"https:\/\/quasarcomunicacion.com.ar\/web\/wp-json\/wp\/v2\/media\/11516"}],"wp:attachment":[{"href":"https:\/\/quasarcomunicacion.com.ar\/web\/wp-json\/wp\/v2\/media?parent=12047"}],"wp:term":[{"taxonomy":"category","embeddable":true,"href":"https:\/\/quasarcomunicacion.com.ar\/web\/wp-json\/wp\/v2\/categories?post=12047"},{"taxonomy":"post_tag","embeddable":true,"href":"https:\/\/quasarcomunicacion.com.ar\/web\/wp-json\/wp\/v2\/tags?post=12047"}],"curies":[{"name":"wp","href":"https:\/\/api.w.org\/{rel}","templated":true}]}}