{"id":12045,"date":"2022-11-09T15:34:53","date_gmt":"2022-11-09T15:34:53","guid":{"rendered":"https:\/\/quasarcomunicacion.com.ar\/web\/?p=12045"},"modified":"2022-11-09T15:34:53","modified_gmt":"2022-11-09T15:34:53","slug":"el-polo-educativo-celebro-sus-20-anos","status":"publish","type":"post","link":"https:\/\/quasarcomunicacion.com.ar\/web\/el-polo-educativo-celebro-sus-20-anos\/","title":{"rendered":"El Polo Educativo celebr\u00f3 sus 20 a\u00f1os"},"content":{"rendered":"<p><span style=\"font-weight: 400;\">El <\/span> <b> Polo Educativo<\/b><span style=\"font-weight: 400;\"> realiz\u00f3 la celebraci\u00f3n por su 20\u00b0 Aniversario en Darwin Tortugas. Del evento participaron representantes de los colegios miembros e invitados especiales. <\/span><\/p>\n<p><span style=\"font-weight: 400;\"> La actual presidente del <\/span> <b> Polo Educativo Pila<\/b><span style=\"font-weight: 400;\">r, Marcela Golpe de Andrade, dirigi\u00f3 unas palabras a los presentes relatando los or\u00edgenes de la Entidad<\/span><i><span style=\"font-weight: 400;\"> \u00abhace veinte a\u00f1os, un grupo de ciudadanos preocupados por el bienestar de sus comunidades educativas, se reuni\u00f3 para expresar esa preocupaci\u00f3n y p<\/span><\/i><i><span style=\"font-weight: 400;\">ensar juntos una soluci\u00f3n\u2026. Y se puso a disposici\u00f3n de las autoridades de ese entonces para lograr un acuerdo y un plan de acci\u00f3n\u00bb.<\/span><\/i>\u00a0<!--more--><\/p>\n<p><span style=\"font-weight: 400;\"> Y continu\u00f3 <\/span> <i><span style=\"font-weight: 400;\"> \u00aba partir de ese hecho de encuentro en un marco de di\u00e1logo abierto, comenz\u00f3 una historia de colaboraci\u00f3n que nos trae hasta hoy. Y estamos agradecidos por eso: porque a partir de esa situaci\u00f3n, se pusieron en juego valores que dieron lugar a que un grupo de educadores decidiera con generosidad y compromiso, compartir ideas y pensar proyectos en com\u00fan. En definitiva, tender puentes y construir redes\u00bb.<\/span><\/i><\/p>\n<p><a href=\"https:\/\/quasarcomunicacion.com.ar\/web\/wp-content\/uploads\/2022\/11\/brindis1.gif\"><img class=\"alignnone\" src=\"https:\/\/quasarcomunicacion.com.ar\/web\/wp-content\/uploads\/2022\/11\/brindis1.gif\" \/><\/a><\/p>\n<p><span style=\"font-weight: 400;\"> Andrade asegur\u00f3 que <\/span> <i><span style=\"font-weight: 400;\"> \u00aben ese momento no era habitual que esto sucediera, a\u00fan dentro del \u00e1mbito educativo. Hoy no podr\u00edamos pensar la EDUCACI\u00d3N sin la posibilidad de compartir con otros\u00bb.<\/span><\/i><\/p>\n<p><span style=\"font-weight: 400;\"> Hace 20 a\u00f1os, se unieron los colegios:\u00a0 Bede\u2019s Grammar School, St Matthew\u2019s College North, North Hills, Columbia, Bluebell, St Mary of the Hills, Del Viso Day School, Northern International School, Colegio del Pilar, St Catherine\u2019s Moorlands y Green &amp; Red.<\/span><\/p>\n<p><span style=\"font-weight: 400;\"> As\u00ed, <\/span> <i><span style=\"font-weight: 400;\"> \u00abnace la idea de compartir no solamente inquietudes sino tambi\u00e9n proyectos e ideas que hoy nos permiten agradecer y celebrar 20 a\u00f1os de historia com\u00fan dentro del PEP\u00bb<\/span><\/i><span style=\"font-weight: 400;\">, agreg\u00f3 Andrade.<\/span><\/p>\n<p><span style=\"font-weight: 400;\"> En estos a\u00f1os hubo cambios. Se sumaron muchas instituciones, y recibieron a las dos Universidades Nacionales con campus en Pilar. Algunos colegios decidieron seguir otro camino, e incluso dos instituciones fundadoras cerraron sus puertas.<\/span><\/p>\n<p><i><span style=\"font-weight: 400;\"> \u00abPensar en la Educaci\u00f3n es pensar en un camino que comienza cuando nacemos y se va abriendo, serpenteante pero firme, a lo largo de toda nuestra vida. Est\u00e1 ah\u00ed, al alcance de la mano, siempre dispuesto a ofrecernos algo m\u00e1s. Pensar en quienes la hacen, es pensar en el camino del h\u00e9roe, en una construcci\u00f3n de valores, en el desarrollo de un sue\u00f1o que se nutre y crece con otros y en otros. Es pensar en el Bien Com\u00fan por sobre los bienes particulares, es sumar voluntades para convertirnos en verdaderos agentes de cambio, conscientes de los desaf\u00edos y fortaleci\u00e9ndonos con otros\u00bb,<\/span><\/i><span style=\"font-weight: 400;\"> agreg\u00f3 la actual presidente del <\/span> <b> Polo Educativo Pilar<\/b><span style=\"font-weight: 400;\">.<\/span><\/p>\n<p><i><span style=\"font-weight: 400;\"> \u00abY todo esto implica generosidad, entrega, respeto por uno mismo y por el otro, sabiendo que hay momentos en los que es dif\u00edcil ponerse de acuerdo, pero con la certeza de que es necesario hacerlo para que nuestras comunidades puedan seguir creciendo. Hoy tenemos la responsabilidad de representar a 25 instituciones con proyectos potentes, comprometidos con una mejor educaci\u00f3n para todos nuestros ni\u00f1os y j\u00f3venes, y seguimos convencidos de que el camino para el cambio est\u00e1 en un di\u00e1logo abierto, honesto y comprometido con todos los actores sociales que construyen la pol\u00edtica educativa de nuestro pa\u00eds. Seguimos apostando a la Educaci\u00f3n porque nos comprometimos con el cambio, aceptando la incertidumbre, las crisis y los desaf\u00edos\u00bb<\/span><\/i><span style=\"font-weight: 400;\">, complet\u00f3.<\/span><\/p>\n<p><a href=\"https:\/\/quasarcomunicacion.com.ar\/web\/wp-content\/uploads\/2022\/11\/brindis-1.gif\"><img class=\"alignnone\" src=\"https:\/\/quasarcomunicacion.com.ar\/web\/wp-content\/uploads\/2022\/11\/brindis-1.gif\" \/><\/a><\/p>\n<p><span style=\"font-weight: 400;\"> Durante el brindis se hizo hincapi\u00e9 en quienes tuvieron la visi\u00f3n y el coraje de fundar este <\/span> <b> Polo Educativo<\/b><span style=\"font-weight: 400;\"> que trascendi\u00f3 los l\u00edmites del partido de Pilar y que hoy los une desde las ideas y los valores, y no desde la geograf\u00eda.<\/span><\/p>\n<p><span style=\"font-weight: 400;\"> Tambi\u00e9n se hizo menci\u00f3n a \u00abBertie\u00bb (Alberto Noble, primer presidente del <\/span> <b> Polo Educativo<\/b><span style=\"font-weight: 400;\">) y a la querida Patricia Balboni que falleci\u00f3 dejando su legado del colegio que fund\u00f3 junto a su marido y que hoy sus hijos dirigen con orgullo.<\/span><\/p>\n<p><span style=\"font-weight: 400;\"> En estos 20 a\u00f1os presidieron el Polo Educativo adem\u00e1s de Alberto Noble, Juan Ranwez, Graciela Rold\u00e1n Schuth y actualmente Marcela Golpe de Andrade.<\/span><\/p>\n<p><span style=\"font-weight: 400;\"> Tambi\u00e9n mereci\u00f3 un agradecimiento especial Marcelo Gilly, <\/span> <i><span style=\"font-weight: 400;\"> \u00abpor tu incansable trabajo, cuidado y paciencia durante estos 20 a\u00f1os como Director Ejecutivo\u00bb<\/span><\/i><span style=\"font-weight: 400;\">. Y Helena Fern\u00e1ndez, <\/span> <i><span style=\"font-weight: 400;\"> \u00abpor tu invaluable colaboraci\u00f3n y organizaci\u00f3n de cada proyecto y por estar en cada detalle de todo lo que hacemos! Gracias especiales hoy y siempre\u00bb.<\/span><\/i><\/p>\n<p><span style=\"font-weight: 400;\"> El evento fue or<\/span><span style=\"font-weight: 400;\">ganizado en <\/span> <b> Darwin Tortugas <\/b> <span style=\"font-weight: 400;\"> y cont\u00f3 con el servicio de catering de <\/span> <b> SL Catering de Silvia Lo Coco<\/b><span style=\"font-weight: 400;\"> y el gran aporte de Ana Fern\u00e1ndez Lobbe y Maximiliano Sfeir.<\/span><span style=\"font-weight: 400;\">\u00a0<\/span><\/p>\n<p><span style=\"font-weight: 400;\"> Actualmente conforman el <\/span> <b> Polo Educativo<\/b><span style=\"font-weight: 400;\"> las siguientes instituciones: APDES Pilar, Bede&#8217;s Grammar School, Brick Towers, Colegio Arrayanes, Colegio del Pilar, Dailan School &amp; Sports, Del Viso Day School, Godspell College, Los Robles, Colegio Lucero Norte, Magno College, Noordwijk Montessori School, Norbridge, North Hills, Northern International School, Northfield School, Oakhill, San Jorge Loma Verde, San Lucas, St. Mary of the Hills, St. Matthew&#8217;s College North, The Global School, Universidad Austral, Universidad del Salvador y la Fundaci\u00f3n Germinare.<\/span><\/p>\n<p><a href=\"https:\/\/quasarcomunicacion.com.ar\/web\/wp-content\/uploads\/2022\/11\/grupalbrindis-1.gif\"><img class=\"alignnone\" src=\"https:\/\/quasarcomunicacion.com.ar\/web\/wp-content\/uploads\/2022\/11\/grupalbrindis-1.gif\" \/><\/a><\/p>\n<p><i><span style=\"font-weight: 400;\"> \u00abQue estos 20 a\u00f1os sean un nuevo comienzo para que los pr\u00f3ximos, nos encuentren firmes en nuestros proyectos y objetivos comunes, y unidos en nuestras convicciones, aceptando las diferencias, pero ejerciendo un liderazgo fundado en valores y compromiso con el otro\u00bb<\/span><\/i><span style=\"font-weight: 400;\">, finaliz\u00f3 Marcela Golpe de Andrade.<\/span><\/p>\n<p>En representaci\u00f3n de AIEPBA (Asociaci\u00f3n de Instituciones de Ense\u00f1anzas Privadas de Buenos Aires), la Sra. Elena Papadopulos entreg\u00f3 a la Comisi\u00f3n Directiva, una placa conmemorativa.<\/p>\n<p><span style=\"font-weight: 400;\"> Por su parte tambi\u00e9n se dirigi\u00f3 a los presentes el presidente honorario y primer presidente del Polo Educativo Pilar, Alberto Noble quien asegur\u00f3 tener muchas an\u00e9cdotas en estos 20 a\u00f1os en que <\/span> <i><span style=\"font-weight: 400;\"> \u00abha vivido con hidalgu\u00eda el Polo Educativo Pilar que es en \u00faltima instancia simplemente la demostraci\u00f3n de c\u00f3mo la cooperaci\u00f3n entre las instituciones puede much\u00edsimo m\u00e1s que las peque\u00f1as y a veces m\u00edseras competencias. Es importante destacar que el Polo Educativo es producto de un grupo de instituciones a las cuales hoy les brindo sincero homenaje porque sus primeros fundadores tuvieron la visi\u00f3n de que el Polo se desarrollara hacia lo que es hoy<\/span><\/i><span style=\"font-weight: 400;\">\u00ab.<\/span><\/p>\n<p><a href=\"https:\/\/quasarcomunicacion.com.ar\/web\/wp-content\/uploads\/2022\/11\/brindis2.gif\"><img class=\"alignnone\" src=\"https:\/\/quasarcomunicacion.com.ar\/web\/wp-content\/uploads\/2022\/11\/brindis2.gif\" \/><\/a><\/p>\n<p><i><span style=\"font-weight: 400;\"> \u00abHoy quiero compartir los sentimientos que me llenan de orgullo y de satisfacci\u00f3n porque podemos decir que hemos cumplido 20 a\u00f1os y simplemente quiero ofrecer un brindis por los pr\u00f3ximos 20 a\u00f1os del Polo Educativo Pilar y por la educaci\u00f3n Argentina en general\u00bb,<\/span><\/i><span style=\"font-weight: 400;\"> finaliz\u00f3 Noble.<\/span><\/p>\n<p><strong><em>Por otras im\u00e1genes, audios o entrevistas no dude en contactarse entrevistas no dude en contactarse<\/em><\/strong><\/p>\n<table width=\"100%\">\n<tbody>\n<tr>\n<td width=\"50%\"><strong> Candela Morena &#8211; Asistente de Cuentas<\/p>\n<p><\/strong> <b> Directo<\/b><strong>: <\/strong> 0230-4664772<br \/>\n<b> Skype:<\/b> quasarcomunicacion<br \/>\n<b> Instagram<\/b>: @quasarcomunicacion<br \/>\n<b> Twitter:<\/b> @quasarpilar<br \/>\n<b> Gr<\/b><b>upo y p\u00e1gina en Facebook: <\/b> www.facebook.com\/<a href=\"mailto:mfipata@gmail.com\">Quasar<\/a>Comunicacion<br \/>\n<b> Web:<\/b> <a href=\"http:\/\/www.quasarcomunicacion.com.ar\"> www.quasarcomunicacion.com.ar<\/a><\/p>\n<p><b> Mail<\/b><strong>:<\/strong> <a href=\"mailto:fernanda@quasarcomunicacion.com.ar\"> asistente<\/a><a href=\"mailto:fernanda@quasarcomunicacion.com.ar\">@quasarcomunicacion.com.ar<\/a><\/td>\n<td width=\"50%\"><strong> Lic. Mar\u00eda Fernanda Ipata &#8211; Directora<br \/>\n<\/strong> <b><br \/>\n<\/b> <b> M\u00f3vil:<\/b> 0230-15-4584535<br \/>\n<b> Whatsapp<\/b><b>:<\/b><a href=\"https:\/\/bit.ly\/2J4cUvm\"> 11 5312 6795<\/a><br \/>\n<a href=\"https:\/\/bit.ly\/2Sn1zLP\"> Enviar whatsapp aqu\u00ed<\/a><br \/>\n<b> Skype:<\/b> quasarcomunicacion<br \/>\n<b> LinkedIn<\/b><strong>:\u00a0 <\/strong> <strong> <a href=\"http:\/\/www.linkedin.com\/in\/mfipata\"> http:\/\/www.linkedin.com\/in\/mfipata<\/a><\/strong><br \/>\n<a href=\"https:\/\/www.linkedin.com\/company\/quasarcomunicacion\"> https:\/\/www.linkedin.com\/company\/quasarcomunicacion<\/a><br \/>\n<b> Instagram y Facebook:<\/b> @quasarcomunicacion <b><br \/>\nWeb:<\/b> <a href=\"http:\/\/www.quasarcomunicacion.com.ar\"> www.quasarcomunicacion.com.ar<\/a><br \/>\n<b> Mail<\/b><strong>:<\/strong><a href=\"mailto:fernanda@quasarcomunicacion.com.ar\"> fernanda@quasarcomunicacion.com.ar<\/a><br \/>\n<b> Canal de Telegram para acceder a comunicados:<\/b> https:\/\/t.me\/comunicadosQC<br \/>\n<b>Telegram: <\/b> <b> https:\/\/t.me\/quasarcomunicacion<\/b><\/td>\n<\/tr>\n<\/tbody>\n<\/table>\n<p><strong> Acerca del Polo Educativo Pilar<\/strong><\/p>\n<p>El\u00a0<strong>Polo Educativo Pilar\u00a0<\/strong>es una asociaci\u00f3n civil sin fines de lucro que fue fundada en el a\u00f1o 2002, que re\u00fane a instituciones educativas tanto p\u00fablicas como privadas y tiene como objetivo principal el promover y desarrollar la educaci\u00f3n, p\u00fablica y privada, en todo el distrito.<\/p>\n<p>La asociaci\u00f3n nace a partir de 1999 cuando los directivos de los j\u00f3venes colegios privados de Pilar, junto con los que llevaban m\u00e1s a\u00f1os en la ciudad, comienzan a reunirse para considerar sus problem\u00e1ticas comunes. Este hecho, in\u00e9dito en la educaci\u00f3n privada en la Argentina, alcanza un alto grado de sinergia cuando los Colegios deciden trazar un plan para convertir al Partido de Pilar en una localidad que sea conocida por su alto nivel educativo, tanto en las instituciones privadas como en las p\u00fablicas. Con esa idea, un grupo original de 14 Colegios de distintos niveles, funda el\u00a0<strong>Polo Educativo Pilar<\/strong>.<\/p>\n<p>Cabe destacar que entidad obtuvo su personer\u00eda jur\u00eddica en diciembre de 2004 bajo el Nro. 7000\/04 expedido por la Inspecci\u00f3n de Persona jur\u00eddica de la Provincia de Buenos Aires. En el a\u00f1o 2003 es declarada entidad de Bien P\u00fablico por el Municipio de Pilar por Decreto Municipal Nro. 6679\/2003.<\/p>\n","protected":false},"excerpt":{"rendered":"<p>El Polo Educativo realiz\u00f3 la celebraci\u00f3n por su 20\u00b0 Aniversario en Darwin Tortugas. Del evento participaron representantes de los colegios [&hellip;]<\/p>\n","protected":false},"author":2,"featured_media":12038,"comment_status":"closed","ping_status":"closed","sticky":false,"template":"","format":"standard","meta":[],"categories":[2],"tags":[],"_links":{"self":[{"href":"https:\/\/quasarcomunicacion.com.ar\/web\/wp-json\/wp\/v2\/posts\/12045"}],"collection":[{"href":"https:\/\/quasarcomunicacion.com.ar\/web\/wp-json\/wp\/v2\/posts"}],"about":[{"href":"https:\/\/quasarcomunicacion.com.ar\/web\/wp-json\/wp\/v2\/types\/post"}],"author":[{"embeddable":true,"href":"https:\/\/quasarcomunicacion.com.ar\/web\/wp-json\/wp\/v2\/users\/2"}],"replies":[{"embeddable":true,"href":"https:\/\/quasarcomunicacion.com.ar\/web\/wp-json\/wp\/v2\/comments?post=12045"}],"version-history":[{"count":1,"href":"https:\/\/quasarcomunicacion.com.ar\/web\/wp-json\/wp\/v2\/posts\/12045\/revisions"}],"predecessor-version":[{"id":12046,"href":"https:\/\/quasarcomunicacion.com.ar\/web\/wp-json\/wp\/v2\/posts\/12045\/revisions\/12046"}],"wp:featuredmedia":[{"embeddable":true,"href":"https:\/\/quasarcomunicacion.com.ar\/web\/wp-json\/wp\/v2\/media\/12038"}],"wp:attachment":[{"href":"https:\/\/quasarcomunicacion.com.ar\/web\/wp-json\/wp\/v2\/media?parent=12045"}],"wp:term":[{"taxonomy":"category","embeddable":true,"href":"https:\/\/quasarcomunicacion.com.ar\/web\/wp-json\/wp\/v2\/categories?post=12045"},{"taxonomy":"post_tag","embeddable":true,"href":"https:\/\/quasarcomunicacion.com.ar\/web\/wp-json\/wp\/v2\/tags?post=12045"}],"curies":[{"name":"wp","href":"https:\/\/api.w.org\/{rel}","templated":true}]}}