{"id":12030,"date":"2022-10-25T17:20:15","date_gmt":"2022-10-25T17:20:15","guid":{"rendered":"https:\/\/quasarcomunicacion.com.ar\/web\/?p=12030"},"modified":"2022-10-25T17:20:15","modified_gmt":"2022-10-25T17:20:15","slug":"expo-arte-y-expo-fotografia-del-polo-educativo-pilar-en-paseo-champagnat","status":"publish","type":"post","link":"https:\/\/quasarcomunicacion.com.ar\/web\/expo-arte-y-expo-fotografia-del-polo-educativo-pilar-en-paseo-champagnat\/","title":{"rendered":"Expo Arte y Expo Fotograf\u00eda del Polo Educativo Pilar en Paseo Champagnat"},"content":{"rendered":"<p>El\u00a0<strong>Polo Educativo<\/strong>\u00a0presenta su tradicional <strong>Expo Arte y Expo Fotograf\u00eda<\/strong>\u00a0que\u00a0podr\u00e1 visitarse hasta el 14 de noviembre en Paseo Champagnat\u00a0(Ramal Pilar Km 56, Pilar) con entrada libre y gratuita tanto en la planta baja como en la planta alta del paseo comercial.<!--more--><\/p>\n<p><a href=\"https:\/\/quasarcomunicacion.com.ar\/web\/wp-content\/uploads\/2022\/10\/expoarte.gif\"><img class=\"alignnone\" src=\"https:\/\/quasarcomunicacion.com.ar\/web\/wp-content\/uploads\/2022\/10\/expoarte.gif\" \/><\/a><\/p>\n<p>Este a\u00f1o se exhiben obras de alumnos de los colegios:\u00a0 Bede&#8217;s Grammar School, Brick Towers, Dailan School &amp; Sports, Del Viso Day School, Godspell College, Los Robles, Lucero Norte, Magno College, Noordwijk Montessori School, North Hills, Northern International School, Northfield School, San Jorge Loma Verde, St. Mary of the Hills y St. Matthew&#8217;s College North.<\/p>\n<p>Moira Maschwitz, Vicepresidente del\u00a0<strong>Polo Educativo Pilar<\/strong>\u00a0y responsable de la Comisi\u00f3n de Arte asegura que \u00ab<em>este a\u00f1o estamos muy contentos porque luego de la Pandemia volvimos a realizar la exposici\u00f3n f\u00edsica para que los chicos exhiban sus obras en un lugar p\u00fablico. En esta edici\u00f3n hemos flexibilizado los tama\u00f1os y a\u00a0los alumnos se les dio la libertad de poder elegir cualquier tema y t\u00e9cnica, ya sea un collage, fotomontaje o una foto con la computadora,\u00a0por lo cual hay distintos tipos de obras.\u00bb<\/em><\/p>\n<p><em> \u00abEl objetivo es que la gente que est\u00e1 caminando por Paseo Champagnat se deleite con obras de alumnos de los colegios de la zona. Los colegios no suelen compartir los trabajos con un p\u00fablico \u00abreal\u00bb por eso, esta es una oportunidad enorme para que puedan ver los trabajos que los alumnos pintaron para la comunidad en su conjunto. Queremos colaborar con el arte del distrito y generar este tipo de espacios para poder crecer todos\u00bb, agrega.<\/em><\/p>\n<p><a href=\"https:\/\/quasarcomunicacion.com.ar\/web\/wp-content\/uploads\/2022\/10\/expoarte1.gif\"><img class=\"alignnone\" src=\"https:\/\/quasarcomunicacion.com.ar\/web\/wp-content\/uploads\/2022\/10\/expoarte1.gif\" \/><\/a><\/p>\n<p>Maschwitz comenta\u00a0que\u00a0<em>\u00abnuestros alumnos trabajan mucho y en algunas oportunidades los colegios siguen siendo muy para adentro y con esto queremos que los alumnos tengan la posibilidad de mostrar sus trabajos de una manera m\u00e1s aut\u00e9ntica, como un artista real y lo est\u00e1n logrando. Esto los entusiasma much\u00edsimo, ver los comentarios, ver los mensajes, y que gente desconocida pueda apreciar el arte que ellos hacen es incre\u00edble\u00bb.<\/em><\/p>\n<p><em> \u00abEl\u00a0<strong>Polo Educativo\u00a0<\/strong>tiene como una de sus principales metas que los colegios nos unamos y cuando lo podemos hacer a trav\u00e9s de lo que los alumnos producen, es muy lindo, es muy gratificante. La Galer\u00eda Virtual y esta edici\u00f3n de la Expo Arte y la Expo Fotograf\u00eda cumplen con todas estas metas. Esta \u00faltima no es menor, juntos como colegios, las diversas instituciones estamos unidas en una misma actividad con un mismo objetivo\u00bb,\u00a0<\/em>finaliza Maschwitz.<\/p>\n<p><strong><em>Por otras im\u00e1genes, audios o entrevistas no dude en contactarse entrevistas no dude en contactarse<\/em><\/strong><\/p>\n<table width=\"100%\">\n<tbody>\n<tr>\n<td width=\"50%\"><strong> Candela Morena &#8211; Asistente de Cuentas<\/p>\n<p><\/strong> <b> Directo<\/b><strong>: <\/strong> 0230-4664772<br \/>\n<b> Skype:<\/b> quasarcomunicacion<br \/>\n<b> Instagram<\/b>: @quasarcomunicacion<br \/>\n<b> Twitter:<\/b> @quasarpilar<br \/>\n<b> Gr<\/b><b>upo y p\u00e1gina en Facebook: <\/b> www.facebook.com\/<a href=\"mailto:mfipata@gmail.com\">Quasar<\/a>Comunicacion<br \/>\n<b> Web:<\/b> <a href=\"http:\/\/www.quasarcomunicacion.com.ar\"> www.quasarcomunicacion.com.ar<\/a><\/p>\n<p><b> Mail<\/b><strong>:<\/strong> <a href=\"mailto:fernanda@quasarcomunicacion.com.ar\"> asistente<\/a><a href=\"mailto:fernanda@quasarcomunicacion.com.ar\">@quasarcomunicacion.com.ar<\/a><\/td>\n<td width=\"50%\"><strong> Lic. Mar\u00eda Fernanda Ipata &#8211; Directora<br \/>\n<\/strong> <b><br \/>\n<\/b> <b> M\u00f3vil:<\/b> 0230-15-4584535<br \/>\n<b> Whatsapp<\/b><b>:<\/b><a href=\"https:\/\/bit.ly\/2J4cUvm\"> 11 5312 6795<\/a><br \/>\n<a href=\"https:\/\/bit.ly\/2Sn1zLP\"> Enviar whatsapp aqu\u00ed<\/a><br \/>\n<b> Skype:<\/b> quasarcomunicacion<br \/>\n<b> LinkedIn<\/b><strong>:\u00a0 <\/strong> <strong> <a href=\"http:\/\/www.linkedin.com\/in\/mfipata\"> http:\/\/www.linkedin.com\/in\/mfipata<\/a><\/strong><br \/>\n<a href=\"https:\/\/www.linkedin.com\/company\/quasarcomunicacion\"> https:\/\/www.linkedin.com\/company\/quasarcomunicacion<\/a><br \/>\n<b> Instagram y Facebook:<\/b> @quasarcomunicacion <b><br \/>\nWeb:<\/b> <a href=\"http:\/\/www.quasarcomunicacion.com.ar\"> www.quasarcomunicacion.com.ar<\/a><br \/>\n<b> Mail<\/b><strong>:<\/strong><a href=\"mailto:fernanda@quasarcomunicacion.com.ar\"> fernanda@quasarcomunicacion.com.ar<\/a><br \/>\n<b> Canal de Telegram para acceder a comunicados:<\/b> https:\/\/t.me\/comunicadosQC<br \/>\n<b>Telegram: <\/b> <b> https:\/\/t.me\/quasarcomunicacion<\/b><\/td>\n<\/tr>\n<\/tbody>\n<\/table>\n<p><strong> Acerca del Polo Educativo Pilar<\/strong><\/p>\n<p>El\u00a0<strong>Polo Educativo Pilar\u00a0<\/strong>es una asociaci\u00f3n civil sin fines de lucro que fue fundada en el a\u00f1o 2002, que re\u00fane a instituciones educativas tanto p\u00fablicas como privadas y tiene como objetivo principal el promover y desarrollar la educaci\u00f3n, p\u00fablica y privada, en todo el distrito.<\/p>\n<p>La asociaci\u00f3n nace a partir de 1999 cuando los directivos de los j\u00f3venes colegios privados de Pilar, junto con los que llevaban m\u00e1s a\u00f1os en la ciudad, comienzan a reunirse para considerar sus problem\u00e1ticas comunes. Este hecho, in\u00e9dito en la educaci\u00f3n privada en la Argentina, alcanza un alto grado de sinergia cuando los Colegios deciden trazar un plan para convertir al Partido de Pilar en una localidad que sea conocida por su alto nivel educativo, tanto en las instituciones privadas como en las p\u00fablicas. Con esa idea, un grupo original de 14 Colegios de distintos niveles, funda el\u00a0<strong>Polo Educativo Pilar<\/strong>.<\/p>\n<p>Cabe destacar que entidad obtuvo su personer\u00eda jur\u00eddica en diciembre de 2004 bajo el Nro. 7000\/04 expedido por la Inspecci\u00f3n de Persona jur\u00eddica de la Provincia de Buenos Aires. En el a\u00f1o 2003 es declarada entidad de Bien P\u00fablico por el Municipio de Pilar por Decreto Municipal Nro. 6679\/2003.<\/p>\n","protected":false},"excerpt":{"rendered":"<p>El\u00a0Polo Educativo\u00a0presenta su tradicional Expo Arte y Expo Fotograf\u00eda\u00a0que\u00a0podr\u00e1 visitarse hasta el 14 de noviembre en Paseo Champagnat\u00a0(Ramal Pilar Km [&hellip;]<\/p>\n","protected":false},"author":2,"featured_media":12028,"comment_status":"closed","ping_status":"closed","sticky":false,"template":"","format":"standard","meta":[],"categories":[2],"tags":[],"_links":{"self":[{"href":"https:\/\/quasarcomunicacion.com.ar\/web\/wp-json\/wp\/v2\/posts\/12030"}],"collection":[{"href":"https:\/\/quasarcomunicacion.com.ar\/web\/wp-json\/wp\/v2\/posts"}],"about":[{"href":"https:\/\/quasarcomunicacion.com.ar\/web\/wp-json\/wp\/v2\/types\/post"}],"author":[{"embeddable":true,"href":"https:\/\/quasarcomunicacion.com.ar\/web\/wp-json\/wp\/v2\/users\/2"}],"replies":[{"embeddable":true,"href":"https:\/\/quasarcomunicacion.com.ar\/web\/wp-json\/wp\/v2\/comments?post=12030"}],"version-history":[{"count":1,"href":"https:\/\/quasarcomunicacion.com.ar\/web\/wp-json\/wp\/v2\/posts\/12030\/revisions"}],"predecessor-version":[{"id":12031,"href":"https:\/\/quasarcomunicacion.com.ar\/web\/wp-json\/wp\/v2\/posts\/12030\/revisions\/12031"}],"wp:featuredmedia":[{"embeddable":true,"href":"https:\/\/quasarcomunicacion.com.ar\/web\/wp-json\/wp\/v2\/media\/12028"}],"wp:attachment":[{"href":"https:\/\/quasarcomunicacion.com.ar\/web\/wp-json\/wp\/v2\/media?parent=12030"}],"wp:term":[{"taxonomy":"category","embeddable":true,"href":"https:\/\/quasarcomunicacion.com.ar\/web\/wp-json\/wp\/v2\/categories?post=12030"},{"taxonomy":"post_tag","embeddable":true,"href":"https:\/\/quasarcomunicacion.com.ar\/web\/wp-json\/wp\/v2\/tags?post=12030"}],"curies":[{"name":"wp","href":"https:\/\/api.w.org\/{rel}","templated":true}]}}